{"id":4457,"date":"2023-07-11T10:55:38","date_gmt":"2023-07-11T10:55:38","guid":{"rendered":"https:\/\/revistacienciaecultura.org.br\/?p=4457"},"modified":"2023-07-11T10:56:29","modified_gmt":"2023-07-11T10:56:29","slug":"contagem-regressiva-faltam-menos-de-duas-semanas-para-comecar-a-75a-reuniao-anual-da-sbpc-em-curitiba","status":"publish","type":"post","link":"https:\/\/revistacienciaecultura.org.br\/?p=4457","title":{"rendered":"Contagem regressiva! Faltam menos de duas semanas para come\u00e7ar a 75\u00aa Reuni\u00e3o Anual da SBPC em Curitiba"},"content":{"rendered":"<h4 id=\"de-23-a-29-de-julho-a-universidade-federal-do-parana-ufpr-sediara-o-maior-evento-cientifico-da-america-latina-com-centenas-de-atividades-para-todos-os-interesses-e-idades-inscreva-se-gratuitamente\"><span style=\"color: #808080;\">De 23 a 29 de julho, a Universidade Federal do Paran\u00e1 (UFPR) sediar\u00e1 o maior evento cient\u00edfico da Am\u00e9rica Latina com centenas de atividades para todos os interesses e idades. Inscreva-se gratuitamente e participe!<\/span><\/h4>\n<p>&nbsp;<\/p>\n<p>Faltam apenas 13 dias para o in\u00edcio da 75\u00aa Reuni\u00e3o Anual da Sociedade Brasileira para o Progresso da Ci\u00eancia (SBPC)! E o maior evento cient\u00edfico da Am\u00e9rica Latina\u00a0<strong>est\u00e1 com\u00a0inscri\u00e7\u00f5es gratuitas\u00a0abertas at\u00e9 28 de julho<\/strong>\u00a0para os interessados em participar das centenas de atividades que ser\u00e3o ofertadas. Realizada de 23 a 29 de julho na Universidade Federal do Paran\u00e1 (UFPR), em Curitiba, esta edi\u00e7\u00e3o ter\u00e1 como tema \u201cCi\u00eancia e democracia para um Brasil justo e desenvolvido\u201d. Inscreva-se j\u00e1 e garanta sua participa\u00e7\u00e3o!<\/p>\n<p>Quem fizer a inscri\u00e7\u00e3o gratuita e efetuar o credenciamento na Secretaria da SBPC, que ser\u00e1 instalada na UFPR durante a semana do evento, receber\u00e1 um certificado online de participa\u00e7\u00e3o geral (sem carga hor\u00e1ria e sem descri\u00e7\u00e3o das atividades).<\/p>\n<p>A inscri\u00e7\u00e3o e o pagamento de taxa, cujo valor varia de R$ 40 a R$ 300, dependendo da categoria do inscrito, s\u00e3o necess\u00e1rios apenas para aqueles que pretendem apresentar trabalhos cient\u00edficos, cujo prazo foi encerrado, ou receber o material.\u00a0<strong>Os interessados em receber o material t\u00eam at\u00e9 13 de julho para se inscrever<\/strong>.<\/p>\n<p>As atividades ser\u00e3o realizadas no campus Centro Polit\u00e9cnico da UFPR, Complexo da Reitoria, Pra\u00e7a Santos Andrade e Pr\u00e9dio Hist\u00f3rico da UFPR. Algumas atividades tamb\u00e9m ser\u00e3o virtuais, transmitidas pelo canal da SBPC no YouTube (<span style=\"color: #800000;\"><strong><a style=\"color: #800000;\" href=\"https:\/\/www.youtube.com\/canalSBPC\" target=\"_blank\" rel=\"noopener\">www.youtube.com\/canalSBPC<\/a><\/strong><\/span>).<\/p>\n<p>Nesta edi\u00e7\u00e3o, a SBPC ir\u00e1 celebrar os 75 anos de sua funda\u00e7\u00e3o e o Centen\u00e1rio da UFPR. A expectativa dos organizadores \u00e9 atrair mais de 15 mil pessoas, de todas as regi\u00f5es do Pa\u00eds.<\/p>\n<p>A\u00a0<strong>programa\u00e7\u00e3o cient\u00edfica<\/strong>\u00a0ter\u00e1 mais de 220 atividades, entre debates, mesas-redondas e sess\u00f5es especiais, com renomados cientistas e personalidades de diversas \u00e1reas compartilhando suas perspectivas sobre a constru\u00e7\u00e3o de um Brasil mais justo e desenvolvido, tema desta edi\u00e7\u00e3o da Reuni\u00e3o Anual. Os t\u00f3picos abordados incluem meio ambiente, educa\u00e7\u00e3o, Intelig\u00eancia Artificial e Direitos Humanos, refletindo as quest\u00f5es mais relevantes para o Pa\u00eds e o mundo atual.<\/p>\n<p>Ser\u00e3o 131 debates presenciais e 93 virtuais, com o objetivo de engajar e inspirar especialmente o p\u00fablico jovem.<span style=\"color: #800000;\"><strong>\u00a0<a style=\"color: #800000;\" href=\"https:\/\/ra.sbpcnet.org.br\/75RA\/atividades\/programacao-cientifica\/\">A programa\u00e7\u00e3o completa est\u00e1 dispon\u00edvel no site do evento<\/a>.<\/strong><\/span><\/p>\n<p>Al\u00e9m da programa\u00e7\u00e3o cient\u00edfica de excel\u00eancia, os participantes ter\u00e3o a oportunidade de explorar atividades imersivas que envolvem o mundo da ci\u00eancia e da cultura. A\u00a0<strong>ExpoT&amp;C<\/strong>\u00a0ser\u00e1 um ponto alto do evento. Celebrando seu 30\u00aa anivers\u00e1rio, a mostra de ci\u00eancia e tecnologia reunir\u00e1 expositores como universidades, institutos de pesquisa, ag\u00eancias de fomento, entidades governamentais, setor empresarial e outras organiza\u00e7\u00f5es interessadas em apresentar novas tecnologias, produtos e servi\u00e7os.<\/p>\n<p>Na\u00a0<strong>SBPC Jovem<\/strong>, que tamb\u00e9m comemora 30 anos, os participantes poder\u00e3o explorar exposi\u00e7\u00f5es interativas, visitar museus e laborat\u00f3rios, participar de oficinas e bate-papos. N\u00e3o perca o Circo da Ci\u00eancia, um espa\u00e7o de encontro das institui\u00e7\u00f5es afiliadas \u00e0 Associa\u00e7\u00e3o Brasileira de Centros e Museus de Ci\u00eancias, e o Ci\u00eancia M\u00f3vel, onde museus e laborat\u00f3rios itinerantes de diversos estados do Pa\u00eds estar\u00e3o reunidos no Centro Polit\u00e9cnico da universidade. A atividade oferecer\u00e1 exposi\u00e7\u00f5es interativas, visitas monitoradas a museus e laborat\u00f3rios, oficinas, bate-papos e rodas de conversa, tudo voltado para estudantes do ensino b\u00e1sico e p\u00fablico em geral.<\/p>\n<p>E para relaxar e se divertir, o evento contar\u00e1 com a\u00a0<strong>SBPC Cultural<\/strong>. Com uma programa\u00e7\u00e3o diversificada, o objetivo ser\u00e1 exaltar as diversas identidades culturais do Paran\u00e1. A Alameda Cultural, localizada no campus Centro Polit\u00e9cnico da UFPR, ser\u00e1 o principal espa\u00e7o dedicado \u00e0 arte e \u00e0 cultura, com apresenta\u00e7\u00f5es de m\u00fasica, dan\u00e7a, teatro e exposi\u00e7\u00f5es.<\/p>\n<p>E n\u00e3o podemos esquecer da\u00a0<a href=\"http:\/\/www.jornaldaciencia.org.br\/confira-a-programacao-da-sessao-de-posteres-da-75a-reuniao-anual-da-sbpc\/\" target=\"_blank\" rel=\"noopener\"><strong><span style=\"color: #800000;\">Sess\u00e3o de P\u00f4steres<\/span><\/strong><\/a>, que ir\u00e1 expor 236 trabalhos de pesquisas cient\u00edficas e tecnol\u00f3gicas, experi\u00eancias de ensino-aprendizagem e relatos de caso ou experi\u00eancias.<\/p>\n<p>Para encerrar essa semana especial, no dia 29 de julho, s\u00e1bado, nas tendas da SBPC Jovem e da ExpoT&amp;C, ocorrer\u00e1 mais uma edi\u00e7\u00e3o do\u00a0<strong>Dia da Fam\u00edlia na Ci\u00eancia<\/strong>, cuja programa\u00e7\u00e3o \u00e9 dirigida \u00e0 comunidade. Os participantes ter\u00e3o a oportunidade de explorar atividades interativas de ci\u00eancia e tecnologia, aprender sobre experi\u00eancias cient\u00edficas e ter suas quest\u00f5es respondidas por cientistas. O Dia da Fam\u00edlia na Ci\u00eancia tamb\u00e9m \u00e9 gratuito e aberto a todas as crian\u00e7as, jovens e seus familiares.<\/p>\n<p>&nbsp;<\/p>\n<h4 id=\"inscreva-se-e-participe\"><strong>Inscreva-se e participe!<\/strong><\/h4>\n<p>Criada em 1948, a SBPC \u00e9 uma entidade voltada \u00e0 defesa do avan\u00e7o cient\u00edfico e tecnol\u00f3gico e do desenvolvimento educacional e cultural do Brasil e que, ininterruptamente, realiza desde 1949 sua Reuni\u00e3o Anual, considerada o maior evento cient\u00edfico da Am\u00e9rica Latina.<\/p>\n<p>A cada ano, a Reuni\u00e3o Anual da SBPC \u00e9 levada a um estado brasileiro, prioritariamente em universidade p\u00fablica. Aberto a todos e gratuito, o evento re\u00fane milhares de pessoas \u2013 cientistas, professores e estudantes de todos os n\u00edveis, profissionais liberais e visitantes, al\u00e9m de autoridades e gestores, formuladores de pol\u00edticas p\u00fablicas para ci\u00eancia e tecnologia no Pa\u00eds.<\/p>\n<p>As atividades do evento t\u00eam livre acesso e os participantes podem consultar a programa\u00e7\u00e3o gratuitamente no site e se programar para visitar o evento e assistir \u00e0s atividades. A \u00fanica atividade que requer matr\u00edcula antecipada (e com taxa) s\u00e3o os webminicursos.<\/p>\n<p>Por\u00e9m, quem fizer a inscri\u00e7\u00e3o no evento e, tamb\u00e9m, o credenciamento, entre 24 e 28 de julho na Secretaria da SBPC, que estar\u00e1 instalada na UFPR \u2013 Campus Centro Polit\u00e9cnico \u2013 Pr\u00e9dio da Tecnologia, obter\u00e1 o certificado online de participa\u00e7\u00e3o geral (sem carga hor\u00e1ria e sem especificar as atividades frequentadas). As inscri\u00e7\u00f5es est\u00e3o abertas online. Consulte as\u00a0<span style=\"color: #800000;\"><strong><a style=\"color: #800000;\" href=\"https:\/\/ra.sbpcnet.org.br\/75RA\/wp-content\/uploads\/2022\/11\/1_Normas_de_inscricao_75RA.pdf\" target=\"_blank\" rel=\"noopener\">Normas de Inscri\u00e7\u00e3o<\/a><\/strong><\/span>\u00a0e\u00a0<span style=\"color: #800000;\"><strong><a style=\"color: #800000;\" href=\"https:\/\/reunioes.sbpcnet.org.br\/75RA\/inscricao\/\" target=\"_blank\" rel=\"noopener\">fa\u00e7a sua inscri\u00e7\u00e3o no site do evento.<\/a><\/strong><\/span><\/p>\n<p>A modalidade de inscri\u00e7\u00e3o com pagamento de taxa, cujo valor varia de R$ 40 a R$ 300, dependendo da categoria do inscrito, \u00e9 destinada para quem deseja receber o material da inscri\u00e7\u00e3o (programa\u00e7\u00e3o impressa, bolsa e crach\u00e1). Os interessados em receber o material t\u00eam at\u00e9 13 de julho para se inscrever. Lembrando que, a programa\u00e7\u00e3o estar\u00e1 gratuitamente divulgada online, no site.<\/p>\n<p>Para mais informa\u00e7\u00f5es, acesse o site da Reuni\u00e3o Anual: <span style=\"color: #800000;\"><strong><a style=\"color: #800000;\" href=\"https:\/\/ra.sbpcnet.org.br\/75RA\/\" target=\"_blank\" rel=\"noopener\">https:\/\/ra.sbpcnet.org.br\/75RA\/<\/a><\/strong><\/span>.<\/p>\n<p>N\u00e3o perca a oportunidade de participar desse encontro incr\u00edvel entre ci\u00eancia e sociedade! Fa\u00e7a sua inscri\u00e7\u00e3o e junte-se a n\u00f3s na 75\u00aa Reuni\u00e3o Anual da SBPC em Curitiba!<\/p>\n<p><span style=\"color: #808080;\"><a style=\"color: #808080;\" href=\"http:\/\/www.jornaldaciencia.org.br\/\" target=\"_blank\" rel=\"noopener\"><em>Jornal da Ci\u00eancia<\/em><\/a><\/span><\/p>\n","protected":false},"excerpt":{"rendered":"De 23 a 29 de julho, a Universidade Federal do Paran\u00e1 (UFPR)&hellip;\n","protected":false},"author":19,"featured_media":3467,"comment_status":"open","ping_status":"open","sticky":false,"template":"","format":"standard","meta":[],"categories":[1,2],"tags":[],"acf":[],"_links":{"self":[{"href":"https:\/\/revistacienciaecultura.org.br\/index.php?rest_route=\/wp\/v2\/posts\/4457"}],"collection":[{"href":"https:\/\/revistacienciaecultura.org.br\/index.php?rest_route=\/wp\/v2\/posts"}],"about":[{"href":"https:\/\/revistacienciaecultura.org.br\/index.php?rest_route=\/wp\/v2\/types\/post"}],"author":[{"embeddable":true,"href":"https:\/\/revistacienciaecultura.org.br\/index.php?rest_route=\/wp\/v2\/users\/19"}],"replies":[{"embeddable":true,"href":"https:\/\/revistacienciaecultura.org.br\/index.php?rest_route=%2Fwp%2Fv2%2Fcomments&post=4457"}],"version-history":[{"count":1,"href":"https:\/\/revistacienciaecultura.org.br\/index.php?rest_route=\/wp\/v2\/posts\/4457\/revisions"}],"predecessor-version":[{"id":4458,"href":"https:\/\/revistacienciaecultura.org.br\/index.php?rest_route=\/wp\/v2\/posts\/4457\/revisions\/4458"}],"wp:featuredmedia":[{"embeddable":true,"href":"https:\/\/revistacienciaecultura.org.br\/index.php?rest_route=\/wp\/v2\/media\/3467"}],"wp:attachment":[{"href":"https:\/\/revistacienciaecultura.org.br\/index.php?rest_route=%2Fwp%2Fv2%2Fmedia&parent=4457"}],"wp:term":[{"taxonomy":"category","embeddable":true,"href":"https:\/\/revistacienciaecultura.org.br\/index.php?rest_route=%2Fwp%2Fv2%2Fcategories&post=4457"},{"taxonomy":"post_tag","embeddable":true,"href":"https:\/\/revistacienciaecultura.org.br\/index.php?rest_route=%2Fwp%2Fv2%2Ftags&post=4457"}],"curies":[{"name":"wp","href":"https:\/\/api.w.org\/{rel}","templated":true}]}}