{"id":4459,"date":"2023-07-12T07:30:01","date_gmt":"2023-07-12T07:30:01","guid":{"rendered":"https:\/\/revistacienciaecultura.org.br\/?p=4459"},"modified":"2023-07-11T19:14:10","modified_gmt":"2023-07-11T19:14:10","slug":"mundo-tem-recordes-historicos-de-calor-na-terra-e-nos-mares","status":"publish","type":"post","link":"https:\/\/revistacienciaecultura.org.br\/?p=4459","title":{"rendered":"Mundo tem recordes hist\u00f3ricos de calor na terra e nos mares"},"content":{"rendered":"<h4 id=\"semana-de-4-a-7-de-julho-pode-ser-considerada-a-semana-mais-quente-ja-registrada\"><span style=\"color: #808080;\">Semana de 4 a 7 de julho pode ser considerada a semana mais quente j\u00e1 registrada<\/span><\/h4>\n<p>&nbsp;<\/p>\n<p>O mundo est\u00e1 ficando mais quente. E isso acaba de ser comprovado pela <span style=\"color: #800000;\"><strong><a style=\"color: #800000;\" href=\"https:\/\/public.wmo.int\/en\" target=\"_blank\" rel=\"noopener\">Organiza\u00e7\u00e3o Meteorol\u00f3gica Mundial<\/a><\/strong><\/span> (OMM), que divulgou que a semana de 4 a 7 de julho foi a mais quente j\u00e1 registrada na hist\u00f3ria. O levantamento tamb\u00e9m aponta que este foi junho mais quente j\u00e1 registrado, com temperaturas sem precedentes na superf\u00edcie dos oceanos e a menor extens\u00e3o de gelo j\u00e1 vista no mar da Ant\u00e1rtida.<\/p>\n<p>Segundo a OMM, a temperatura na superf\u00edcie do Atl\u00e2ntico Norte subiu 1,5\u00b0C acima da m\u00e9dia hist\u00f3rica, um aquecimento considerado \u201csem precedentes\u201d. Essas temperaturas recordes na terra e no oceano representam risco de impactos elevados nos ecossistemas e no meio ambiente.<\/p>\n<p>O fen\u00f4meno clim\u00e1tico El Ni\u00f1o, agora nos est\u00e1gios iniciais de desenvolvimento, deve aumentar ainda mais o calor, tanto na superf\u00edcie terrestre quanto nos mares, gerando temperaturas mais extremas e ondas de calor marinhas.<\/p>\n<p>&nbsp;<\/p>\n<h4 id=\"dados\"><strong>Dados<\/strong><\/h4>\n<p>Um relat\u00f3rio do <span style=\"color: #800000;\"><strong><a style=\"color: #800000;\" href=\"http:\/\/www.copernicus.eu\/pt-pt\/servicos\/alteracoes-climaticas\" target=\"_blank\" rel=\"noopener\">Servi\u00e7o de Mudan\u00e7as Clim\u00e1ticas Copernicus<\/a><\/strong><\/span>, da Uni\u00e3o Europeia, colaborador da OMM, mostrou que este junho ficou pouco mais de 0,5\u00b0C acima da m\u00e9dia de 1991-2020, quebrando o recorde anterior de junho de 2019.<\/p>\n<p>De acordo com dados provis\u00f3rios de rean\u00e1lise da Ag\u00eancia Meteorol\u00f3gica do Jap\u00e3o, a temperatura m\u00e9dia global em 7 de julho foi de 0,3\u00b0C acima do recorde anterior registrado em 16 de agosto de 2016, um ano marcado por um forte El Ni\u00f1o. As informa\u00e7\u00f5es japonesas, embora n\u00e3o confirmadas ainda, j\u00e1 s\u00e3o consistentes com dados preliminares de outros \u00f3rg\u00e3os.<\/p>\n<p>Para chegar a um resultado mais definitivo sobre o estado do clima, a OMM utiliza compara\u00e7\u00f5es da temperatura m\u00e9dia global di\u00e1ria, a partir de observa\u00e7\u00f5es combinadas de sat\u00e9lites e simula\u00e7\u00f5es de modelos computacionais, reunidas em conjuntos de dados chamados de rean\u00e1lises.<\/p>\n<p>A OMM destaca tamb\u00e9m que o calor \u00e9 resultado de altera\u00e7\u00f5es profundas que est\u00e3o acontecendo no sistema do planeta como resultado da mudan\u00e7a clim\u00e1tica causada pelos seres humanos.<\/p>\n<p><span style=\"color: #808080;\"><em>Com informa\u00e7\u00f5es da <a style=\"color: #808080;\" href=\"https:\/\/news.un.org\/\" target=\"_blank\" rel=\"noopener\">ONU News<\/a><\/em><\/span><\/p>\n<p>&nbsp;<\/p>\n<h6 id=\"imagem-lerone-pieters-unsplash-com\">Imagem: Lerone Pieters\/ <a href=\"http:\/\/Unsplash.com\" target=\"_blank\" rel=\"noopener\">Unsplash.com<\/a><\/h6>\n","protected":false},"excerpt":{"rendered":"Semana de 4 a 7 de julho pode ser considerada a semana&hellip;\n","protected":false},"author":19,"featured_media":4462,"comment_status":"open","ping_status":"open","sticky":false,"template":"","format":"standard","meta":[],"categories":[1,2],"tags":[],"acf":[],"_links":{"self":[{"href":"https:\/\/revistacienciaecultura.org.br\/index.php?rest_route=\/wp\/v2\/posts\/4459"}],"collection":[{"href":"https:\/\/revistacienciaecultura.org.br\/index.php?rest_route=\/wp\/v2\/posts"}],"about":[{"href":"https:\/\/revistacienciaecultura.org.br\/index.php?rest_route=\/wp\/v2\/types\/post"}],"author":[{"embeddable":true,"href":"https:\/\/revistacienciaecultura.org.br\/index.php?rest_route=\/wp\/v2\/users\/19"}],"replies":[{"embeddable":true,"href":"https:\/\/revistacienciaecultura.org.br\/index.php?rest_route=%2Fwp%2Fv2%2Fcomments&post=4459"}],"version-history":[{"count":3,"href":"https:\/\/revistacienciaecultura.org.br\/index.php?rest_route=\/wp\/v2\/posts\/4459\/revisions"}],"predecessor-version":[{"id":4461,"href":"https:\/\/revistacienciaecultura.org.br\/index.php?rest_route=\/wp\/v2\/posts\/4459\/revisions\/4461"}],"wp:featuredmedia":[{"embeddable":true,"href":"https:\/\/revistacienciaecultura.org.br\/index.php?rest_route=\/wp\/v2\/media\/4462"}],"wp:attachment":[{"href":"https:\/\/revistacienciaecultura.org.br\/index.php?rest_route=%2Fwp%2Fv2%2Fmedia&parent=4459"}],"wp:term":[{"taxonomy":"category","embeddable":true,"href":"https:\/\/revistacienciaecultura.org.br\/index.php?rest_route=%2Fwp%2Fv2%2Fcategories&post=4459"},{"taxonomy":"post_tag","embeddable":true,"href":"https:\/\/revistacienciaecultura.org.br\/index.php?rest_route=%2Fwp%2Fv2%2Ftags&post=4459"}],"curies":[{"name":"wp","href":"https:\/\/api.w.org\/{rel}","templated":true}]}}