{"id":4474,"date":"2023-07-18T07:30:03","date_gmt":"2023-07-18T07:30:03","guid":{"rendered":"https:\/\/revistacienciaecultura.org.br\/?p=4474"},"modified":"2023-07-17T17:48:59","modified_gmt":"2023-07-17T17:48:59","slug":"comeca-no-domingo-a-75a-reuniao-anual-da-sbpc","status":"publish","type":"post","link":"https:\/\/revistacienciaecultura.org.br\/?p=4474","title":{"rendered":"Come\u00e7a no domingo a 75\u00aa Reuni\u00e3o Anual da SBPC"},"content":{"rendered":"<h4 id=\"de-23-a-29-de-julho-a-universidade-federal-do-parana-ufpr-sediara-o-maior-evento-cientifico-da-america-latina-com-centenas-de-atividades-para-todos-os-interesses-e-idades-inscricoes-gratuitas\"><span style=\"color: #808080;\">De 23 a 29 de julho, a Universidade Federal do Paran\u00e1 (UFPR) sediar\u00e1 o maior evento cient\u00edfico da Am\u00e9rica Latina com centenas de atividades para todos os interesses e idades. Inscri\u00e7\u00f5es gratuitas<\/span><\/h4>\n<p>&nbsp;<\/p>\n<p>Curitiba recebe, a partir do pr\u00f3ximo domingo, a 75\u00aa Reuni\u00e3o Anual da Sociedade Brasileira para o Progresso da Ci\u00eancia (SBPC), o maior evento cient\u00edfico da Am\u00e9rica Latina. De 23 a 29 de julho, a Universidade Federal do Paran\u00e1 (UFPR) ser\u00e1 palco de centenas de atividades voltadas a todas as idades e interesse, e tudo gratuito.<\/p>\n<p>O evento reunir\u00e1 ministros de Estado, representantes do Governo Federal, especialistas e personalidades de diversas \u00e1reas para discutir o tema \u201cCi\u00eancia e democracia para um Brasil justo e desenvolvido\u201d.<\/p>\n<p>Com mais de\u00a0<strong>220<\/strong>\u00a0atividades, a programa\u00e7\u00e3o cient\u00edfica desta edi\u00e7\u00e3o abrange uma ampla variedade de temas relevantes para o Brasil e o mundo atual. Ser\u00e3o\u00a0<strong>131<\/strong>\u00a0debates presenciais e\u00a0<strong>93\u00a0<\/strong>virtuais, visando a engajar e inspirar especialmente o p\u00fablico jovem.\u00a0A programa\u00e7\u00e3o completa est\u00e1 dispon\u00edvel no site do evento.<\/p>\n<p>Esta edi\u00e7\u00e3o da Reuni\u00e3o Anual contar\u00e1 com confer\u00eancias dos ministros\u00a0<strong>Luciana Santos<\/strong>, da Ci\u00eancia, Tecnologia e Inova\u00e7\u00e3o,\u00a0<strong>N\u00edsia Trindade Lima<\/strong>, da Sa\u00fade, e\u00a0<strong>S\u00edlvio Almeida<\/strong>, de Direitos Humanos e Cidadania.<\/p>\n<p>Para discutir o setor de ci\u00eancia, tecnologia e inova\u00e7\u00e3o, o evento contar\u00e1 com a participa\u00e7\u00e3o de grandes nomes do setor, dentre eles,\u00a0<strong>Mercedes Bustamante<\/strong>, presidente da Coordena\u00e7\u00e3o de Aperfei\u00e7oamento de Pessoal de N\u00edvel Superior (Capes),\u00a0<strong>Ricardo Galv\u00e3o<\/strong>, presidente do Conselho Nacional de Desenvolvimento Cient\u00edfico e Tecnol\u00f3gico (CNPq),\u00a0<strong>Odir Dellagostin<\/strong>, presidente do Conselho Nacional das Funda\u00e7\u00f5es Estaduais de Amparo \u00e0 Pesquisa (Confap), e\u00a0<strong>Vin\u00edcius Soares<\/strong>, presidente da Associa\u00e7\u00e3o Nacional de P\u00f3s-graduandos (ANPG).<\/p>\n<p>O evento realizar\u00e1 reuni\u00f5es preparat\u00f3rias para a\u00a0<strong>5\u00aa Confer\u00eancia Nacional de Ci\u00eancia, Tecnologia e Inova\u00e7\u00e3o<\/strong>, com representantes de institui\u00e7\u00f5es cient\u00edficas e tecnol\u00f3gicas de todo o Pa\u00eds. A proposta \u00e9 reunir insumos para a constru\u00e7\u00e3o coletiva do evento, previsto para ocorrer em 2024 e que desenhar\u00e1 a estrat\u00e9gia de pol\u00edticas p\u00fablicas para o setor.<\/p>\n<p>A SBPC ainda trar\u00e1 cientistas reconhecidos internacionalmente para debater quest\u00f5es cruciais relacionadas ao meio ambiente. Entre esses pesquisadores\u00a0 est\u00e3o\u00a0<strong>Paulo Artaxo<\/strong>, professor-titular do Instituto de F\u00edsica da Universidade de S\u00e3o Paulo (USP),\u00a0 vice-presidente da SBPC e um dos cientistas brasileiros mais citados internacionalmente;\u00a0<strong>Carlos Alfredo Joly,<\/strong>\u00a0professor em\u00e9rito da Universidade Estadual de Campinas (Unicamp) e coordenador da Plataforma Brasileira de Biodiversidades e Servi\u00e7os Ecossist\u00eamicos (BPBES); e\u00a0<strong>Carlos Afonso Nobre<\/strong>, um dos mais renomados climatologistas do Pa\u00eds e coordenador do Instituto Nacional de Ci\u00eancia e Tecnologia para Mudan\u00e7as Clim\u00e1ticas.<\/p>\n<p>Os debates sobre os\u00a0<strong>povos origin\u00e1rios<\/strong>\u00a0tamb\u00e9m ser\u00e3o destaque do evento, contando com a participa\u00e7\u00e3o de especialistas e l\u00edderes ind\u00edgenas como\u00a0<strong>Joenia Wapichana<\/strong>, presidente da Funda\u00e7\u00e3o Nacional dos Povos Ind\u00edgenas (Funai),\u00a0<strong>Davi Kopenawa Yanomami<\/strong>, presidente da Hutukara Associa\u00e7\u00e3o Yanomami, e\u00a0<strong>Kret\u00e3 Kaingang<\/strong>, coordenador executivo da Articula\u00e7\u00e3o dos Povos Ind\u00edgenas do Brasil (APIB) \u2013 regi\u00e3o Sul. Temas como \u201cDireitos ind\u00edgenas no Brasil\u201d, \u201cA saga do povo Yanomami: o genoc\u00eddio planejado\u201d, \u201cSaberes ind\u00edgenas: utopias que inspiram esperan\u00e7a e vida em tempos de crise socioclim\u00e1tica\u201d\u00a0e\u00a0\u201cD\u00e9cada internacional das l\u00ednguas ind\u00edgenas: por qu\u00ea e para qu\u00ea foi proposta pela Unesco?\u201d s\u00e3o alguns dos assuntos discutidos ao longo da semana.<\/p>\n<p>Diversos debates relacionados \u00e0 tecnologia e educa\u00e7\u00e3o est\u00e3o na pauta da 75\u00aa Reuni\u00e3o Anual, dentre eles, os impactos do ChatGPT e da Intelig\u00eancia Artificial, a acessibilidade e inclus\u00e3o de pessoas com defici\u00eancia na educa\u00e7\u00e3o, e o Novo Ensino M\u00e9dio. Para debat\u00ea-los, a entidade reunir\u00e1 especialistas como\u00a0<strong>Geovana Mendon\u00e7a Lunardi Mendes<\/strong>, presidente da Associa\u00e7\u00e3o Nacional de P\u00f3s-Gradua\u00e7\u00e3o e Pesquisa em Educa\u00e7\u00e3o (Anped).<\/p>\n<p>A\u00a0<span style=\"color: #800000;\"><a style=\"color: #800000;\" href=\"http:\/\/www.jornaldaciencia.org.br\/confira-a-programacao-da-sessao-de-posteres-da-75a-reuniao-anual-da-sbpc\/\" target=\"_blank\" rel=\"noopener\"><strong>Sess\u00e3o de P\u00f4steres<\/strong><\/a><\/span>\u00a0deste ano ir\u00e1 expor 236 trabalhos de pesquisas cient\u00edficas e tecnol\u00f3gicas, experi\u00eancias de ensino-aprendizagem e relatos de caso ou experi\u00eancias.<\/p>\n<p>Al\u00e9m da programa\u00e7\u00e3o cient\u00edfica de excel\u00eancia, os participantes poder\u00e3o participar da\u00a0<strong>ExpoT&amp;C<\/strong>, que celebra 30 anos. A maior mostra de ci\u00eancia e tecnologia do Pa\u00eds reunir\u00e1 expositores como universidades, institutos de pesquisa, ag\u00eancias de fomento e empresas, como o Centro Alem\u00e3o de Inova\u00e7\u00e3o em Pesquisas (DWIH), a Empresa Brasileira de Pesquisa Agropecu\u00e1ria (Embrapa), a Funda\u00e7\u00e3o Oswaldo Cruz (Fiocruz), o CNPq e a Capes.<\/p>\n<p>Na\u00a0<strong>SBPC Jovem<\/strong>, que tamb\u00e9m comemora 30 anos em 2023, os participantes poder\u00e3o explorar exposi\u00e7\u00f5es interativas, visitar museus e laborat\u00f3rios, participar de oficinas e bate-papos. Entre os destaques est\u00e3o o\u00a0<strong>Circo da Ci\u00eancia<\/strong>\u00a0e o\u00a0<strong>Ci\u00eancia M\u00f3vel,<\/strong>\u00a0com museus e laborat\u00f3rios itinerantes de diversos estados do Pa\u00eds reunidos no Centro Polit\u00e9cnico da UFPR.\u00a0 A atividade ainda contar\u00e1 com espa\u00e7os tem\u00e1ticos como o\u00a0<strong>\u201cCi\u00eancia menina\u201d, \u201cEspa\u00e7o rob\u00f3tica e Arena gamer\u201d<\/strong>, al\u00e9m de exposi\u00e7\u00f5es interativas, oficinas e bate-papos com cientistas, tudo voltado para estudantes do ensino b\u00e1sico e do p\u00fablico em geral. Para a atividade, o evento j\u00e1 conta com a visita agendada de centenas de escolas de toda regi\u00e3o, que levar\u00e3o cerca de\u00a0<strong>15 mil pessoas, entre alunos e professores\u00a0<\/strong>ao evento.<\/p>\n<p>E para relaxar e se divertir, o evento promover\u00e1 a\u00a0<strong>SBPC Cultural<\/strong>. Com uma programa\u00e7\u00e3o diversificada, o objetivo ser\u00e1 exaltar as diversas identidades culturais do Paran\u00e1. A\u00a0<strong>Alameda Cultural<\/strong>, localizada no campus Centro Polit\u00e9cnico da UFPR, ser\u00e1 o principal espa\u00e7o dedicado \u00e0 arte e \u00e0 cultura, com apresenta\u00e7\u00f5es de m\u00fasica, dan\u00e7a, teatro e exposi\u00e7\u00f5es.<\/p>\n<p>Somam-se \u00e0 Alameda Cultural, espa\u00e7os centrais da cidade de Curitiba, como o\u00a0<strong>Complexo da Reitoria<\/strong>, o\u00a0<strong>Pr\u00e9dio Hist\u00f3rico da UFPR<\/strong>\u00a0e o\u00a0<strong>Teatro M\u00e1rio Schoemberger<\/strong>, que receber\u00e3o uma programa\u00e7\u00e3o intensa, composta por a\u00e7\u00f5es que contemplam as m\u00faltiplas linguagens art\u00edsticas.<\/p>\n<p>O evento ser\u00e1 encerrado em 29 de julho com mais uma edi\u00e7\u00e3o do\u00a0<strong>Dia da Fam\u00edlia na Ci\u00eancia<\/strong>, um s\u00e1bado dedicado \u00e0 comunidade com atra\u00e7\u00f5es distribu\u00eddas nas tendas da SBPC Jovem e da ExpoT&amp;C. Os participantes ter\u00e3o a oportunidade de explorar atividades interativas de ci\u00eancia e tecnologia, aprender sobre experi\u00eancias cient\u00edficas e ter suas quest\u00f5es respondidas por pesquisadores.\u00a0<strong>O Dia da Fam\u00edlia na Ci\u00eancia tamb\u00e9m \u00e9 gratuito e aberto a todas as crian\u00e7as, jovens e seus familiares.<\/strong><\/p>\n<p>Um destaque importante desta Reuni\u00e3o Anual da SBPC \u00e9 o esfor\u00e7o dos organizadores para realizar um evento\u00a0<strong>acess\u00edvel e inclusivo<\/strong>. Para tanto, as instala\u00e7\u00f5es do campus Centro Polit\u00e9cnico da UFPR contar\u00e3o com rampas e elevadores para facilitar o tr\u00e2nsito dos participantes e todas as atividades contar\u00e3o com int\u00e9rpretes de L\u00edngua Brasileira de Sinais (Libras). Ainda ser\u00e3o disponibilizadas seis salas calmas (espa\u00e7os silenciosos para pessoas neurodivergentes), um canal de atendimento (em portugu\u00eas e em libras) e mais de 100 monitores preparados para auxiliar quem necessitar.<\/p>\n<p>Durante o evento, ser\u00e1 poss\u00edvel desfrutar da cidade de Curitiba, por meio de algumas parcerias realizadas entre a organiza\u00e7\u00e3o do evento e alguns bares e restaurantes da cidade. As promo\u00e7\u00f5es ter\u00e3o validade somente durante o per\u00edodo do evento e mediante a apresenta\u00e7\u00e3o do crach\u00e1 do evento, em nome do portador. Acompanhe pelo site local do evento:\u00a0<strong><span style=\"color: #800000;\"><a style=\"color: #800000;\" href=\"https:\/\/sbpc.ufpr.br\/restaurantes\/\" target=\"_blank\" rel=\"noopener\">https:\/\/sbpc.ufpr.br\/restaurantes\/<\/a>.<\/span><\/strong><\/p>\n<p>&nbsp;<\/p>\n<h4 id=\"75-anos-levando-ciencia-a-todo-o-brasil\"><strong>75 anos levando ci\u00eancia a todo o Brasil\u00a0<\/strong><\/h4>\n<p>Criada em 1948, a SBPC \u00e9 uma entidade voltada \u00e0 defesa do avan\u00e7o cient\u00edfico e tecnol\u00f3gico e do desenvolvimento educacional e cultural do Brasil e que, ininterruptamente, realiza desde 1949 sua Reuni\u00e3o Anual, considerada o maior evento cient\u00edfico da Am\u00e9rica Latina.<\/p>\n<p>A cada ano, a Reuni\u00e3o Anual da SBPC \u00e9 levada a um estado brasileiro, prioritariamente em uma institui\u00e7\u00e3o de ensino superior. Aberto a todos e gratuito, o evento re\u00fane milhares de pessoas \u2013 cientistas, professores e estudantes de todos os n\u00edveis, profissionais liberais e visitantes, al\u00e9m de autoridades, gestores, e formuladores de pol\u00edticas p\u00fablicas para ci\u00eancia e tecnologia no Pa\u00eds.<\/p>\n<p>As atividades do evento t\u00eam livre acesso a todos. A \u00fanica atividade que requer matr\u00edcula antecipada (e com taxa) s\u00e3o os webminicursos, que est\u00e3o com inscri\u00e7\u00f5es abertas at\u00e9 26 de julho. Ao todo, s\u00e3o 32 webminicursos com temas em diversas \u00e1reas do conhecimento propostos pela SBPC, UFPR e algumas das sociedades cient\u00edficas afiliadas \u00e0 SBPC.<\/p>\n<p>Quem fizer a inscri\u00e7\u00e3o no evento e, tamb\u00e9m, o credenciamento, entre 24 e 28 de julho na Secretaria da SBPC instalada na UFPR \u2013 campus Centro Polit\u00e9cnico, obter\u00e1 o certificado online de participa\u00e7\u00e3o geral (sem carga hor\u00e1ria e sem especificar as atividades frequentadas). As inscri\u00e7\u00f5es est\u00e3o abertas online no site do evento:\u00a0<span style=\"color: #800000;\"><strong><a style=\"color: #800000;\" href=\"https:\/\/ra.sbpcnet.org.br\/75RA\/\" target=\"_blank\" rel=\"noopener\">https:\/\/ra.sbpcnet.org.br\/75RA\/<\/a>.<\/strong><\/span><\/p>\n<p><a href=\"http:\/\/www.jornaldaciencia.org.br\/\"><em>Jornal da Ci\u00eancia<\/em><\/a><\/p>\n","protected":false},"excerpt":{"rendered":"De 23 a 29 de julho, a Universidade Federal do Paran\u00e1 (UFPR)&hellip;\n","protected":false},"author":19,"featured_media":3467,"comment_status":"open","ping_status":"open","sticky":false,"template":"","format":"standard","meta":[],"categories":[1,2],"tags":[],"acf":[],"_links":{"self":[{"href":"https:\/\/revistacienciaecultura.org.br\/index.php?rest_route=\/wp\/v2\/posts\/4474"}],"collection":[{"href":"https:\/\/revistacienciaecultura.org.br\/index.php?rest_route=\/wp\/v2\/posts"}],"about":[{"href":"https:\/\/revistacienciaecultura.org.br\/index.php?rest_route=\/wp\/v2\/types\/post"}],"author":[{"embeddable":true,"href":"https:\/\/revistacienciaecultura.org.br\/index.php?rest_route=\/wp\/v2\/users\/19"}],"replies":[{"embeddable":true,"href":"https:\/\/revistacienciaecultura.org.br\/index.php?rest_route=%2Fwp%2Fv2%2Fcomments&post=4474"}],"version-history":[{"count":2,"href":"https:\/\/revistacienciaecultura.org.br\/index.php?rest_route=\/wp\/v2\/posts\/4474\/revisions"}],"predecessor-version":[{"id":4476,"href":"https:\/\/revistacienciaecultura.org.br\/index.php?rest_route=\/wp\/v2\/posts\/4474\/revisions\/4476"}],"wp:featuredmedia":[{"embeddable":true,"href":"https:\/\/revistacienciaecultura.org.br\/index.php?rest_route=\/wp\/v2\/media\/3467"}],"wp:attachment":[{"href":"https:\/\/revistacienciaecultura.org.br\/index.php?rest_route=%2Fwp%2Fv2%2Fmedia&parent=4474"}],"wp:term":[{"taxonomy":"category","embeddable":true,"href":"https:\/\/revistacienciaecultura.org.br\/index.php?rest_route=%2Fwp%2Fv2%2Fcategories&post=4474"},{"taxonomy":"post_tag","embeddable":true,"href":"https:\/\/revistacienciaecultura.org.br\/index.php?rest_route=%2Fwp%2Fv2%2Ftags&post=4474"}],"curies":[{"name":"wp","href":"https:\/\/api.w.org\/{rel}","templated":true}]}}