{"id":4486,"date":"2023-07-24T09:00:38","date_gmt":"2023-07-24T09:00:38","guid":{"rendered":"https:\/\/revistacienciaecultura.org.br\/?p=4486"},"modified":"2023-07-24T17:58:44","modified_gmt":"2023-07-24T17:58:44","slug":"sbpc-apresenta-circuito-das-diversidades-na-programacao-da-75a-reuniao-anual","status":"publish","type":"post","link":"https:\/\/revistacienciaecultura.org.br\/?p=4486","title":{"rendered":"SBPC apresenta \u201cCircuito das Diversidades\u201d na programa\u00e7\u00e3o da 75\u00aa Reuni\u00e3o Anual"},"content":{"rendered":"<h4 id=\"organizacao-do-evento-preparou-um-roteiro-de-atividades-presenciais-e-virtuais-com-foco-nas-questoes-de-genero-etnico-raciais-e-de-deficiencia\"><span style=\"color: #808080;\">Organiza\u00e7\u00e3o do evento preparou um roteiro de atividades presenciais e virtuais, com foco nas quest\u00f5es de g\u00eanero, \u00e9tnico-raciais e de defici\u00eancia<\/span><\/h4>\n<p>&nbsp;<\/p>\n<p>Levando adiante o compromisso da atual Diretoria da Sociedade Brasileira para o Progresso da Ci\u00eancia (SBPC) com a maior presen\u00e7a de mulheres e cientistas negros, ind\u00edgenas e com defici\u00eancia na ci\u00eancia brasileira, a 75\u00aa Reuni\u00e3o Anual da SBPC apresenta o\u00a0<strong>Circuito das Diversidades<\/strong>. Trata-se de um roteiro de atividades presenciais e virtuais que ser\u00e3o realizadas durante a semana do evento, de 24 a 28 de julho, com foco nas quest\u00f5es de g\u00eanero, \u00e9tnico-raciais e de defici\u00eancia.<\/p>\n<p>A programa\u00e7\u00e3o agrega \u00e0s atividades da tradicional SBPC Afro-ind\u00edgena, atividades que abordam a presen\u00e7a de mulheres e pessoas com defici\u00eancia no campo cient\u00edfico brasileiro.<\/p>\n<p>Ressalte-se que o cumprimento do compromisso da SBPC est\u00e1 muito al\u00e9m da presen\u00e7a das atividades na programa\u00e7\u00e3o da Reuni\u00e3o Anual. Ele se materializa e tem impacto concreto na presen\u00e7a massiva de mulheres na programa\u00e7\u00e3o. Dos 593 palestrantes, 288 s\u00e3o mulheres, e v\u00e1rias delas est\u00e3o nos mais altos cargos da administra\u00e7\u00e3o federal e estadual na \u00e1rea de Educa\u00e7\u00e3o, Ci\u00eancia, Tecnologia e Inova\u00e7\u00e3o.<\/p>\n<p>Al\u00e9m da programa\u00e7\u00e3o cient\u00edfica da Reuni\u00e3o Anual, o circuito estende-se a Webminicursos, que est\u00e3o com inscri\u00e7\u00f5es abertas at\u00e9 o dia 26 de julho.<\/p>\n<p><span style=\"color: #800000;\"><strong><a style=\"color: #800000;\" href=\"https:\/\/ra.sbpcnet.org.br\/75RA\/wp-content\/uploads\/2023\/07\/Circuito_Diversidades_75RA.pdf\" target=\"_blank\" rel=\"noopener\">Confira a programa\u00e7\u00e3o no site do evento e participe<\/a><\/strong><\/span>!<\/p>\n<p><a href=\"http:\/\/www.jornaldaciencia.org.br\/\"><span style=\"color: #808080;\"><em>SBPC<\/em><\/span><\/a><\/p>\n<p>&nbsp;<\/p>\n<h6 id=\"foto-roberto-diziura-jr-aen\">Foto. Roberto Diziura Jr\/ AEN<\/h6>\n","protected":false},"excerpt":{"rendered":"Organiza\u00e7\u00e3o do evento preparou um roteiro de atividades presenciais e virtuais, com&hellip;\n","protected":false},"author":19,"featured_media":4487,"comment_status":"open","ping_status":"open","sticky":false,"template":"","format":"standard","meta":[],"categories":[1,2],"tags":[],"acf":[],"_links":{"self":[{"href":"https:\/\/revistacienciaecultura.org.br\/index.php?rest_route=\/wp\/v2\/posts\/4486"}],"collection":[{"href":"https:\/\/revistacienciaecultura.org.br\/index.php?rest_route=\/wp\/v2\/posts"}],"about":[{"href":"https:\/\/revistacienciaecultura.org.br\/index.php?rest_route=\/wp\/v2\/types\/post"}],"author":[{"embeddable":true,"href":"https:\/\/revistacienciaecultura.org.br\/index.php?rest_route=\/wp\/v2\/users\/19"}],"replies":[{"embeddable":true,"href":"https:\/\/revistacienciaecultura.org.br\/index.php?rest_route=%2Fwp%2Fv2%2Fcomments&post=4486"}],"version-history":[{"count":1,"href":"https:\/\/revistacienciaecultura.org.br\/index.php?rest_route=\/wp\/v2\/posts\/4486\/revisions"}],"predecessor-version":[{"id":4488,"href":"https:\/\/revistacienciaecultura.org.br\/index.php?rest_route=\/wp\/v2\/posts\/4486\/revisions\/4488"}],"wp:featuredmedia":[{"embeddable":true,"href":"https:\/\/revistacienciaecultura.org.br\/index.php?rest_route=\/wp\/v2\/media\/4487"}],"wp:attachment":[{"href":"https:\/\/revistacienciaecultura.org.br\/index.php?rest_route=%2Fwp%2Fv2%2Fmedia&parent=4486"}],"wp:term":[{"taxonomy":"category","embeddable":true,"href":"https:\/\/revistacienciaecultura.org.br\/index.php?rest_route=%2Fwp%2Fv2%2Fcategories&post=4486"},{"taxonomy":"post_tag","embeddable":true,"href":"https:\/\/revistacienciaecultura.org.br\/index.php?rest_route=%2Fwp%2Fv2%2Ftags&post=4486"}],"curies":[{"name":"wp","href":"https:\/\/api.w.org\/{rel}","templated":true}]}}