{"id":4500,"date":"2023-08-01T12:08:24","date_gmt":"2023-08-01T12:08:24","guid":{"rendered":"https:\/\/revistacienciaecultura.org.br\/?p=4500"},"modified":"2023-08-01T12:08:24","modified_gmt":"2023-08-01T12:08:24","slug":"75a-reuniao-anual-da-sbpc-se-despede-de-curitiba-com-participacao-expressiva-de-publico","status":"publish","type":"post","link":"https:\/\/revistacienciaecultura.org.br\/?p=4500","title":{"rendered":"75\u00aa Reuni\u00e3o Anual da SBPC se despede de Curitiba com participa\u00e7\u00e3o expressiva de p\u00fablico"},"content":{"rendered":"<h4 id=\"maior-evento-cientifico-da-america-latina-contou-com-mais-de-44-mil-participantes-entre-as-atividades-online-e-presenciais-proxima-edicao-em-julho-de-2024-sera-em-belem-no-para\"><span style=\"color: #808080;\">Maior evento cient\u00edfico da Am\u00e9rica Latina contou com mais de 44 mil participantes, entre as atividades online e presenciais. Pr\u00f3xima edi\u00e7\u00e3o, em julho de 2024, ser\u00e1 em Bel\u00e9m, no Par\u00e1\u00a0<\/span><\/h4>\n<p>&nbsp;<\/p>\n<p>A 75\u00aa Reuni\u00e3o Anual da SBPC, realizada entre os dias 23 e 29 de julho de 2023 na Universidade Federal do Paran\u00e1 (UFPR), se despediu de Curitiba comemorando uma expressiva participa\u00e7\u00e3o de p\u00fablico e de engajamento. Ao todo, cerca de 44.500 pessoas participaram das atividades presenciais e online, uma m\u00e9dia de 6,3 mil visitas por dia.<\/p>\n<p>As atividades presenciais, como debates, confer\u00eancias, pain\u00e9is e mesas-redondas, reuniram mais de 8 mil pessoas. J\u00e1 as transmiss\u00f5es online, divididas entre os canais da SBPC e da UFPR, colecionaram mais de 17 mil visualiza\u00e7\u00f5es at\u00e9 o fim do evento. O evento tamb\u00e9m recebeu a visita de 16 mil crian\u00e7as, adolescentes e professores de escolas da regi\u00e3o de segunda a sexta-feira.<\/p>\n<p>No s\u00e1bado, 29 de julho, houve o \u201cDia da Fam\u00edlia na Ci\u00eancia\u201d, em que todos os espa\u00e7os da Reuni\u00e3o Anual foram abertos para receber o p\u00fablico, o que levou aproximadamente 3.500 pessoas ao campus da UFPR.<\/p>\n<p>\u201cA Ci\u00eancia voltou! E voltou em grande estilo. Essa Reuni\u00e3o Anual no Paran\u00e1 criou um patamar de tanta qualidade, que fica um desafio para as edi\u00e7\u00f5es futuras\u201d, brincou o presidente da SBPC, Renato Janine Ribeiro, na cerim\u00f4nia de encerramento, realizada na \u00faltima sexta-feira, 28 de julho.<\/p>\n<p>Janine Ribeiro destacou a import\u00e2ncia do tema da 75\u00aa Reuni\u00e3o Anual, \u201cCi\u00eancia e Democracia para um Brasil justo e desenvolvido\u201d, escolhido meses antes do resultado da elei\u00e7\u00e3o presidencial no Pa\u00eds.<\/p>\n<p>\u201cN\u00f3s escolhemos esse tema ano passado, pensando muito que a ci\u00eancia e a democracia poderiam estar mais em risco ainda do que estiveram nos \u00faltimos anos, porque em todos os locais em que o negacionismo ganhou um segundo mandato, foi fatal para os pa\u00edses. \u00c9 o que aconteceu na Pol\u00f4nia e na Hungria, e o que acontece na \u00cdndia. Ent\u00e3o, n\u00f3s n\u00e3o sab\u00edamos se ci\u00eancia e democracia estariam sendo armas de uma resist\u00eancia ou se estariam em reconstru\u00e7\u00e3o. Felizmente, pelo trabalho de muitos, est\u00e3o em reconstru\u00e7\u00e3o.\u201d<\/p>\n<p>Para a secret\u00e1ria-geral da SBPC, Claudia Linhares Sales, respons\u00e1vel pela coordena\u00e7\u00e3o da Reuni\u00e3o Anual, o evento representou a retomada de um debate aberto sobre a constru\u00e7\u00e3o das pol\u00edticas cient\u00edficas, com envolvimento direto da popula\u00e7\u00e3o.<\/p>\n<p>Sales destacou tamb\u00e9m o retorno do Governo Federal \u00e0 Reuni\u00e3o Anual, com a presen\u00e7a de tr\u00eas ministros no decorrer do evento \u2013 Luciana Santos, da Ci\u00eancia, Tecnologia e Inova\u00e7\u00e3o; N\u00edsia Trindade, da Sa\u00fade; e Camilo Santana, da Educa\u00e7\u00e3o \u2013 al\u00e9m do estande pr\u00f3prio do MCTI dentro da ExpoT&amp;C, ap\u00f3s algumas edi\u00e7\u00f5es do evento.<\/p>\n<p>\u201cA 75\u00aa Reuni\u00e3o Anual da SBPC abriu di\u00e1logos na defini\u00e7\u00e3o de pol\u00edticas p\u00fablicas de Ci\u00eancia e Tecnologia, porque tivemos uma s\u00e9rie de retornos ao evento nesta edi\u00e7\u00e3o. O que isso quer dizer? Que o Governo tem a vontade pol\u00edtica de abrir um di\u00e1logo com a comunidade, e a comunidade pode dar grandes contribui\u00e7\u00f5es para a reconstru\u00e7\u00e3o do nosso Pa\u00eds. Ent\u00e3o, essa alegria que a gente v\u00ea nas crian\u00e7as, nos organizadores, nos participantes, \u00e9 a alegria de quem quer contribuir para que o Brasil seja um pa\u00eds democr\u00e1tico, justo, desenvolvido, inclusivo e sustent\u00e1vel.\u201d<\/p>\n<p>Reitor da UFPR, Ricardo Marcelo Fonseca, afirmou que foi surpreendente ver em que a universidade havia se transformado na semana da 75\u00aa Reuni\u00e3o Anual.<\/p>\n<p>\u201cFoi uma alegria ter testemunhado nessa semana da Reuni\u00e3o Anual a movimenta\u00e7\u00e3o na nossa Universidade Federal do Paran\u00e1. A UFPR testemunhou essa pulsa\u00e7\u00e3o t\u00e3o intensa de Ci\u00eancia, de Tecnologia, mas tamb\u00e9m de divulga\u00e7\u00e3o e de interlocu\u00e7\u00e3o com a comunidade. De fato, n\u00f3s recebemos muita gente, e quem esteve aqui, testemunhou, sobretudo, o acolhimento, a alegria de quem chegava e a emo\u00e7\u00e3o de ver as crian\u00e7as aqui dentro.\u201d<\/p>\n<p>Por conta da reuni\u00e3o do G20, que est\u00e1 acontecendo na \u00cdndia, a titular do Minist\u00e9rio do Meio Ambiente e Mudan\u00e7a do Clima, Marina Silva, n\u00e3o pode estar presente na Reuni\u00e3o Anual, entretanto, ela agradeceu em v\u00eddeo o convite do presidente da SBPC, Renato Janine Ribeiro, e encaminhou uma mensagem para a cerim\u00f4nia de encerramento do evento, na sexta-feira:<\/p>\n<p>\u201cQuero ressaltar que a realiza\u00e7\u00e3o dessa reuni\u00e3o no momento de reconstru\u00e7\u00e3o da nossa democracia \u00e9 algo que deve ser de fato celebrado. S\u00e3o tempos que a SBPC ajudou a construir, mesmo com todos os ataques do governo anterior sofridos pela Ci\u00eancia, pela Tecnologia e tudo que indicasse um progresso civilizacional, com valores de liberdade, equidade, democracia e respeito a direitos. A SBPC \u00e9 construtora de futuros, de saberes, de esperan\u00e7a e de justi\u00e7a, que s\u00e3o frutos da boa Ci\u00eancia, de quando ela \u00e9 democratizada e vira bem comum de um Pa\u00eds e de um povo.\u201d<\/p>\n<p>&nbsp;<\/p>\n<h4 id=\"a-reuniao-anual-em-numeros\"><strong>A Reuni\u00e3o Anual em n\u00fameros<\/strong><\/h4>\n<p>Presencialmente, a programa\u00e7\u00e3o cient\u00edfica da 75\u00aa Reuni\u00e3o Anual da SBPC contou com 41 confer\u00eancias, 62 mesas-redondas, tr\u00eas encontros, 13 sess\u00f5es especiais, quatro assembleias, um ciclo de confer\u00eancias, uma reuni\u00e3o, duas sess\u00f5es de p\u00f4steres e uma sess\u00e3o de encerramento. Ao todo, foram realizadas 125 atividades, que contaram com a participa\u00e7\u00e3o de mais de 8 mil pessoas.<\/p>\n<p>Foram 10.784 pessoas que se inscreveram no evento, e cerca de 4.600 que se credenciaram. Al\u00e9m disso, foram oferecidos 32 webminicursos, que contaram com as inscri\u00e7\u00f5es de 701 pessoas.<\/p>\n<p>As sess\u00f5es de p\u00f4steres contaram com 244 trabalhos apresentados em formato de v\u00eddeo-p\u00f4steres \u2013 121 trabalhos foram de estudantes indicados para a Jornada Nacional de Inicia\u00e7\u00e3o Cient\u00edfica, vindos 21 institui\u00e7\u00f5es de todo o Brasil, e 123 trabalhos foram enviados por estudantes e professores do Ensino B\u00e1sico ou Superior e pesquisadores.<\/p>\n<p>Desse total, 129 tamb\u00e9m foram apresentados presencialmente, nos dias 24 e 25 de julho.<\/p>\n<p>&nbsp;<\/p>\n<h4 id=\"debates-para-a-5a-conferencia-nacional-de-ciencia-tecnologia-e-inovacao-comecaram-na-reuniao-anual\"><strong>Debates para a 5\u00aa Confer\u00eancia Nacional de Ci\u00eancia, Tecnologia e Inova\u00e7\u00e3o come\u00e7aram na Reuni\u00e3o Anual<\/strong><strong>\u00a0<\/strong><\/h4>\n<p>Durante a programa\u00e7\u00e3o da 75\u00aa Reuni\u00e3o Anual da SBPC, foram realizados os primeiros debates acerca da 5\u00aa Confer\u00eancia Nacional de Ci\u00eancia, Tecnologia e Inova\u00e7\u00e3o, que acontecer\u00e1 em 2024. Ao todo, a programa\u00e7\u00e3o contou com nove sess\u00f5es especiais dedicadas \u00e0 constru\u00e7\u00e3o das pol\u00edticas cient\u00edficas \u2013 uma delas contou com a participa\u00e7\u00e3o da ministra Luciana Santos.<\/p>\n<p>Entre os temas, foram debatidos a avalia\u00e7\u00e3o e o financiamento de pesquisa, a regula\u00e7\u00e3o da Ci\u00eancia, divulga\u00e7\u00e3o cient\u00edfica e popula\u00e7\u00e3o da ci\u00eancia e Amaz\u00f4nia sustent\u00e1vel. As resolu\u00e7\u00f5es dadas nos debates ser\u00e3o compiladas e agrupadas em um documento a ser entregue pela SBPC para o Governo Federal.<strong>\u00a0<\/strong><\/p>\n<p>&nbsp;<\/p>\n<h4 id=\"reuniao-anual-encabecou-lancamentos-de-estudos-e-obras\"><strong>Reuni\u00e3o Anual encabe\u00e7ou lan\u00e7amentos de estudos e obras<\/strong><\/h4>\n<p>A programa\u00e7\u00e3o da 75\u00aa Reuni\u00e3o Anual da SBPC tamb\u00e9m contou com uma s\u00e9rie de lan\u00e7amentos de pesquisas acad\u00eamicas e demais obras. Na \u00faltima segunda-feira (23\/07), dia de in\u00edcio da programa\u00e7\u00e3o cient\u00edfica do evento, a empresa de an\u00e1lises Elsevier e a Ag\u00eancia Bori anunciaram um\u00a0<span style=\"color: #800000;\"><strong><a style=\"color: #800000;\" href=\"https:\/\/abori.com.br\/wp-content\/uploads\/2023\/07\/2022-um-ano-de-queda-na-producao-cientifica-para-23-paises-inclusive-o-Brasil.pdf\" target=\"_blank\" rel=\"noopener\">estudo in\u00e9dito que identificou a queda na produ\u00e7\u00e3o acad\u00eamica em 23 pa\u00edses<\/a><\/strong><\/span>\u00a0\u2013 no Brasil, a produ\u00e7\u00e3o caiu pela primeira vez na hist\u00f3ria do Pa\u00eds, com um decr\u00e9scimo de 7.4% no comparativo entre 2022 e 2021.<\/p>\n<p>J\u00e1 o Centro de Gest\u00e3o e Estudos Estrat\u00e9gicos (CGEE)\u00a0<span style=\"color: #800000;\"><strong><a style=\"color: #800000;\" href=\"http:\/\/jcnoticias.jornaldaciencia.org.br\/13-cgee-lanca-livro-site-e-quiz-em-homenagem-a-historia-da-cti-no-brasil\/\" target=\"_blank\" rel=\"noopener\">lan\u00e7ou o livro, site e jogo virtual Gal\u00e1xia da Ci\u00eancia<\/a><\/strong><\/span>, um conjunto de atividades multiplataformas com o objetivo de aproximar o desenvolvimento cient\u00edfico e tecnol\u00f3gico nacional do p\u00fablico geral e homenagear a hist\u00f3ria da Ci\u00eancia, Tecnologia e Inova\u00e7\u00e3o (CT&amp;I) no Brasil.<\/p>\n<p>E a\u00a0<span style=\"color: #800000;\"><strong><a style=\"color: #800000;\" href=\"https:\/\/www.anpg.org.br\/2023\/07\/anpg-lanca-dossie-florestan-fernandes-panorama-da-pos-graduacao-e-o-mundo-do-trabalho-no-brasil\/\" target=\"_blank\" rel=\"noopener\">Associa\u00e7\u00e3o Nacional de P\u00f3s-Graduandos lan\u00e7ou o \u201cDossi\u00ea Florestan Fernandes\u201d<\/a><\/strong><\/span>, um documento que tra\u00e7a um panorama sobre a condi\u00e7\u00e3o dos p\u00f3s-graduandos na forma\u00e7\u00e3o e no mercado de trabalho no Pa\u00eds.<\/p>\n<p>&nbsp;<\/p>\n<h4 id=\"proxima-parada-para\"><strong>Pr\u00f3xima parada, Par\u00e1<\/strong><\/h4>\n<p>O encerramento da 75\u00aa Reuni\u00e3o Anual trouxe uma novidade: a pr\u00f3xima edi\u00e7\u00e3o j\u00e1 tem local definido para acontecer. Ela ser\u00e1 na Universidade Federal do Par\u00e1 (UFPA). Quem deu mais detalhes foi o reitor da institui\u00e7\u00e3o, Emmanuel Zagury Tourinho:<\/p>\n<p>\u201cFoi uma enorme alegria ver essa festa t\u00e3o bonita e t\u00e3o intensa, no momento de reafirma\u00e7\u00e3o da democracia brasileira, de reafirma\u00e7\u00e3o da import\u00e2ncia da Ci\u00eancia para o desenvolvimento do Pa\u00eds. E quero agradecer muito a confian\u00e7a da SBPC na Universidade Federal do Par\u00e1, para a realiza\u00e7\u00e3o da 76\u00aa Reuni\u00e3o Anual.\u201d<\/p>\n<p>Tourinho tamb\u00e9m agradeceu a receptividade da UFPR em passar o bast\u00e3o para a nova entidade e concluiu que o desafio \u00e9 engajar mais pessoas \u00e0 Ci\u00eancia, assim como ele foi engajado no passado.<\/p>\n<p>\u201cEssa reuni\u00e3o que acontecer\u00e1 no ano que vem ser\u00e1 a terceira Reuni\u00e3o Anual sediada pela UFPA, a primeira foi em 1983, quando eu era aluno da universidade e me tornei s\u00f3cio da SBPC. Espero que no pr\u00f3ximo ano tamb\u00e9m n\u00f3s possamos fazer um grande de associa\u00e7\u00e3o de jovens e pesquisadores da nossa universidade e da nossa regi\u00e3o.\u201d<\/p>\n<p><a href=\"http:\/\/www.jornaldaciencia.org.br\/\" target=\"_blank\" rel=\"noopener\"><span style=\"color: #808080;\"><em>Jornal da Ci\u00eancia<\/em><\/span><\/a><\/p>\n<p>&nbsp;<\/p>\n<h6 id=\"foto-jardel-rodrigues-sbpc\">Foto: Jardel Rodrigues\/ SBPC<\/h6>\n","protected":false},"excerpt":{"rendered":"Maior evento cient\u00edfico da Am\u00e9rica Latina contou com mais de 44 mil&hellip;\n","protected":false},"author":19,"featured_media":4501,"comment_status":"open","ping_status":"open","sticky":false,"template":"","format":"standard","meta":[],"categories":[1,2],"tags":[],"acf":[],"_links":{"self":[{"href":"https:\/\/revistacienciaecultura.org.br\/index.php?rest_route=\/wp\/v2\/posts\/4500"}],"collection":[{"href":"https:\/\/revistacienciaecultura.org.br\/index.php?rest_route=\/wp\/v2\/posts"}],"about":[{"href":"https:\/\/revistacienciaecultura.org.br\/index.php?rest_route=\/wp\/v2\/types\/post"}],"author":[{"embeddable":true,"href":"https:\/\/revistacienciaecultura.org.br\/index.php?rest_route=\/wp\/v2\/users\/19"}],"replies":[{"embeddable":true,"href":"https:\/\/revistacienciaecultura.org.br\/index.php?rest_route=%2Fwp%2Fv2%2Fcomments&post=4500"}],"version-history":[{"count":1,"href":"https:\/\/revistacienciaecultura.org.br\/index.php?rest_route=\/wp\/v2\/posts\/4500\/revisions"}],"predecessor-version":[{"id":4502,"href":"https:\/\/revistacienciaecultura.org.br\/index.php?rest_route=\/wp\/v2\/posts\/4500\/revisions\/4502"}],"wp:featuredmedia":[{"embeddable":true,"href":"https:\/\/revistacienciaecultura.org.br\/index.php?rest_route=\/wp\/v2\/media\/4501"}],"wp:attachment":[{"href":"https:\/\/revistacienciaecultura.org.br\/index.php?rest_route=%2Fwp%2Fv2%2Fmedia&parent=4500"}],"wp:term":[{"taxonomy":"category","embeddable":true,"href":"https:\/\/revistacienciaecultura.org.br\/index.php?rest_route=%2Fwp%2Fv2%2Fcategories&post=4500"},{"taxonomy":"post_tag","embeddable":true,"href":"https:\/\/revistacienciaecultura.org.br\/index.php?rest_route=%2Fwp%2Fv2%2Ftags&post=4500"}],"curies":[{"name":"wp","href":"https:\/\/api.w.org\/{rel}","templated":true}]}}