{"id":4508,"date":"2023-08-03T10:51:09","date_gmt":"2023-08-03T10:51:09","guid":{"rendered":"https:\/\/revistacienciaecultura.org.br\/?p=4508"},"modified":"2023-08-03T10:52:43","modified_gmt":"2023-08-03T10:52:43","slug":"conheca-10-livros-sobre-ciencia-para-download-gratuito","status":"publish","type":"post","link":"https:\/\/revistacienciaecultura.org.br\/?p=4508","title":{"rendered":"Conhe\u00e7a 10 livros sobre ci\u00eancia para download gratuito"},"content":{"rendered":"<h4 id=\"antropologia-bioetica-saude-indigena-e-da-mulher-sao-alguns-dos-temas-da-editora-fiocruz\"><span style=\"color: #808080;\">Antropologia, bio\u00e9tica, sa\u00fade ind\u00edgena e da mulher s\u00e3o alguns dos temas da Editora Fiocruz<\/span><\/h4>\n<p>&nbsp;<\/p>\n<p><em>A sa\u00fade \u00e9 um campo complexo que se inter-relaciona com v\u00e1rias outras \u00e1reas e impacta direta em nossa vida e nosso bem-estar. Com a inten\u00e7\u00e3o de cobrir o vasto campo da sa\u00fade e seus m\u00faltiplos aspectos, a Editora Fiocruz possui um vasto acervo de obras que tratam de antropologia, bio\u00e9tica, hist\u00f3ria, sa\u00fade mental, sa\u00fade ind\u00edgena, das crian\u00e7as e das mulheres, entre outros temas. S\u00e3o 395 t\u00edtulos \u2013 e o melhor \u00e9 que 237 deles tem acesso aberto!<\/em><\/p>\n<p><em>Confira algumas das obras dispon\u00edveis para download gratuito!<\/em><\/p>\n<p>&nbsp;<\/p>\n<h4 id=\"impactos-da-violencia-na-escola-um-dialogo-com-professores\"><a href=\"https:\/\/books.scielo.org\/id\/q58k5\/pdf\/assis-9786557082126.pdf\"><strong>Impactos da viol\u00eancia na escola: um di\u00e1logo com professores<\/strong><\/a><\/h4>\n<p>A obra apresenta os fundamentos te\u00f3ricos e conceituais da viol\u00eancia na escola, de modo a propiciar a an\u00e1lise e a amplia\u00e7\u00e3o das possibilidades de interven\u00e7\u00e3o no cotidiano escolar brasileiro.<\/p>\n<p><a href=\"https:\/\/books.scielo.org\/id\/q58k5\/pdf\/assis-9786557082126.pdf\"><img loading=\"lazy\" class=\"size-full wp-image-4509 aligncenter\" src=\"https:\/\/revistacienciaecultura.org.br\/wp-content\/uploads\/2023\/08\/impactos.jpg\" alt=\"\" width=\"210\" height=\"284\" srcset=\"https:\/\/revistacienciaecultura.org.br\/wp-content\/uploads\/2023\/08\/impactos.jpg 210w, https:\/\/revistacienciaecultura.org.br\/wp-content\/uploads\/2023\/08\/impactos-9x12.jpg 9w\" sizes=\"(max-width: 210px) 100vw, 210px\" \/><\/a><\/p>\n<p>&nbsp;<\/p>\n<h4 id=\"monografias-de-plantas-medicinais-brasileiras-e-aclimatadas-volume-ii\"><a href=\"https:\/\/books.scielo.org\/id\/p7jsg\/pdf\/gilbert-9786557081778.pdf\">Monografias de Plantas Medicinais Brasileiras e Aclimatadas: Volume II<\/a><\/h4>\n<p>O livro cont\u00e9m monografias completas de 11 plantas medicinais amplamente empregadas no pa\u00eds, sendo apenas duas ex\u00f3ticas. Nenhuma dessas esp\u00e9cies possui monografia farmacopeica nas seis edi\u00e7\u00f5es j\u00e1 publicadas da Farmacopeia Brasileira; portanto, \u00e9 significativa a contribui\u00e7\u00e3o desta obra para o desenvolvimento de fitoter\u00e1picos.<\/p>\n<p><a href=\"https:\/\/books.scielo.org\/id\/p7jsg\/pdf\/gilbert-9786557081778.pdf\"><img loading=\"lazy\" class=\"size-full wp-image-4510 aligncenter\" src=\"https:\/\/revistacienciaecultura.org.br\/wp-content\/uploads\/2023\/08\/monografias.jpg\" alt=\"\" width=\"227\" height=\"284\" srcset=\"https:\/\/revistacienciaecultura.org.br\/wp-content\/uploads\/2023\/08\/monografias.jpg 227w, https:\/\/revistacienciaecultura.org.br\/wp-content\/uploads\/2023\/08\/monografias-10x12.jpg 10w\" sizes=\"(max-width: 227px) 100vw, 227px\" \/><\/a><\/p>\n<p>&nbsp;<\/p>\n<h4 id=\"vozes-indigenas-na-saude-trajetorias-memorias-e-protagonismos\"><a href=\"https:\/\/books.scielo.org\/id\/stqxp\/pdf\/pontes-9786557081709.pdf\">Vozes ind\u00edgenas na sa\u00fade: trajet\u00f3rias, mem\u00f3rias e protagonismos<\/a><\/h4>\n<p>A obra evidencia o protagonismo ind\u00edgena na elabora\u00e7\u00e3o, estrutura\u00e7\u00e3o e implementa\u00e7\u00e3o da pol\u00edtica de sa\u00fade ind\u00edgena no Brasil. O livro se baseia nos relatos de diversas lideran\u00e7as ind\u00edgenas acerca de suas trajet\u00f3rias de vida e de atua\u00e7\u00e3o no movimento social ind\u00edgena, com \u00eanfase no campo da sa\u00fade.<\/p>\n<p><a href=\"https:\/\/books.scielo.org\/id\/stqxp\/pdf\/pontes-9786557081709.pdf\"><img loading=\"lazy\" class=\"size-full wp-image-4511 aligncenter\" src=\"https:\/\/revistacienciaecultura.org.br\/wp-content\/uploads\/2023\/08\/vozes.jpg\" alt=\"\" width=\"188\" height=\"284\" srcset=\"https:\/\/revistacienciaecultura.org.br\/wp-content\/uploads\/2023\/08\/vozes.jpg 188w, https:\/\/revistacienciaecultura.org.br\/wp-content\/uploads\/2023\/08\/vozes-8x12.jpg 8w\" sizes=\"(max-width: 188px) 100vw, 188px\" \/><\/a><\/p>\n<p>&nbsp;<\/p>\n<h4 id=\"saude-coletiva-como-compromisso-a-trajetoria-da-abrasco\"><a href=\"https:\/\/books.scielo.org\/id\/pckh6\/pdf\/lima-9786557081563.pdf\">Sa\u00fade coletiva como compromisso: a trajet\u00f3ria da Abrasco<\/a><\/h4>\n<p>A Associa\u00e7\u00e3o Brasileira de P\u00f3s-Gradua\u00e7\u00e3o em Sa\u00fade Coletiva (Abrasco) nasceu em 1979 impregnada pelo sentido de inova\u00e7\u00e3o. Na sua carta de identidade, o termo emblem\u00e1tico \u201csa\u00fade coletiva\u201d aparece para romper barreiras e instigar a conflu\u00eancia de conhecimentos e pr\u00e1ticas que integram o compromisso com o cuidado da sa\u00fade como valor fundamental da condi\u00e7\u00e3o humana e seu reconhecimento como um direito universal.<\/p>\n<p><a href=\"https:\/\/books.scielo.org\/id\/pckh6\/pdf\/lima-9786557081563.pdf\"><img loading=\"lazy\" class=\"size-full wp-image-4512 aligncenter\" src=\"https:\/\/revistacienciaecultura.org.br\/wp-content\/uploads\/2023\/08\/sau\u0301de.jpg\" alt=\"\" width=\"222\" height=\"284\" srcset=\"https:\/\/revistacienciaecultura.org.br\/wp-content\/uploads\/2023\/08\/sau\u0301de.jpg 222w, https:\/\/revistacienciaecultura.org.br\/wp-content\/uploads\/2023\/08\/sau\u0301de-9x12.jpg 9w\" sizes=\"(max-width: 222px) 100vw, 222px\" \/><\/a><\/p>\n<p>&nbsp;<\/p>\n<h4 id=\"espacos-da-ciencia-no-brasil-1800-1930\"><a href=\"https:\/\/books.scielo.org\/id\/fkbbh\/pdf\/dantes-9786557081570.pdf\"><strong>Espa\u00e7os da Ci\u00eancia no Brasil: 1800-1930<\/strong><\/a><\/h4>\n<p>Resultado de extensa pesquisa que valoriza a historiografia da ci\u00eancia no pa\u00eds, a obra discute o papel das institui\u00e7\u00f5es que abrigaram pr\u00e1ticas cient\u00edficas desde o per\u00edodo colonial. Ainda, prop\u00f5e novas quest\u00f5es, que partem de espa\u00e7os institucionais fundadores de uma tradi\u00e7\u00e3o cient\u00edfica para ampliar os estudos em hist\u00f3ria da ci\u00eancia, constituindo importante fonte de pesquisa.<\/p>\n<p><a href=\"https:\/\/books.scielo.org\/id\/fkbbh\/pdf\/dantes-9786557081570.pdf\"><img loading=\"lazy\" class=\"size-full wp-image-4513 aligncenter\" src=\"https:\/\/revistacienciaecultura.org.br\/wp-content\/uploads\/2023\/08\/espac\u0327os.jpg\" alt=\"\" width=\"199\" height=\"284\" srcset=\"https:\/\/revistacienciaecultura.org.br\/wp-content\/uploads\/2023\/08\/espac\u0327os.jpg 199w, https:\/\/revistacienciaecultura.org.br\/wp-content\/uploads\/2023\/08\/espac\u0327os-8x12.jpg 8w\" sizes=\"(max-width: 199px) 100vw, 199px\" \/><\/a><\/p>\n<p>&nbsp;<\/p>\n<h4 id=\"politicas-antes-da-politica-de-saude-indigena\"><a href=\"https:\/\/books.scielo.org\/id\/3hm55\/pdf\/pontes-9786557081228.pdf\">Pol\u00edticas antes da pol\u00edtica de sa\u00fade ind\u00edgena<\/a><\/h4>\n<p>Quais foram os muitos caminhos, lutas e articula\u00e7\u00f5es que possibilitaram a constru\u00e7\u00e3o de pol\u00edticas p\u00fablicas especificamente voltadas para os povos de territ\u00f3rios ind\u00edgenas no Brasil? \u00c9 esse percurso que a colet\u00e2nea busca &#8211; a partir de uma perspectiva hist\u00f3rica e antropol\u00f3gica \u2013 detalhar. O livro investiga o processo de formula\u00e7\u00e3o do atual Subsistema de Aten\u00e7\u00e3o \u00e0 Sa\u00fade Ind\u00edgena (SasiSUS), institu\u00eddo em 1999, abordando as m\u00faltiplas redes de participa\u00e7\u00e3o que envolveram a constitui\u00e7\u00e3o da pol\u00edtica nacional de sa\u00fade ind\u00edgena.<\/p>\n<p><a href=\"https:\/\/books.scielo.org\/id\/3hm55\/pdf\/pontes-9786557081228.pdf\"><img loading=\"lazy\" class=\"size-full wp-image-4514 aligncenter\" src=\"https:\/\/revistacienciaecultura.org.br\/wp-content\/uploads\/2023\/08\/poli\u0301ticas.jpg\" alt=\"\" width=\"226\" height=\"284\" srcset=\"https:\/\/revistacienciaecultura.org.br\/wp-content\/uploads\/2023\/08\/poli\u0301ticas.jpg 226w, https:\/\/revistacienciaecultura.org.br\/wp-content\/uploads\/2023\/08\/poli\u0301ticas-10x12.jpg 10w\" sizes=\"(max-width: 226px) 100vw, 226px\" \/><\/a><\/p>\n<p>&nbsp;<\/p>\n<h4 id=\"um-lugar-para-a-ciencia-a-formacao-do-campus-de-manguinhos\"><a href=\"https:\/\/books.scielo.org\/id\/styg9\/pdf\/costa-9786557081136.pdf\">Um lugar para a ci\u00eancia: a forma\u00e7\u00e3o do campus de Manguinhos<\/a><\/h4>\n<p>Importante contribui\u00e7\u00e3o \u00e0 cultura e \u00e0 historiografia da arquitetura, oferece um panorama de como se deu a forma\u00e7\u00e3o e a ocupa\u00e7\u00e3o do campus de Manguinhos durante o primeiro s\u00e9culo de exist\u00eancia da Funda\u00e7\u00e3o Oswaldo Cruz \u2013 maior institui\u00e7\u00e3o de pesquisa biom\u00e9dica da Am\u00e9rica Latina e uma das mais respeitadas do mundo \u2013 resgatando a hist\u00f3ria de seus construtores.<\/p>\n<p><a href=\"https:\/\/books.scielo.org\/id\/styg9\/pdf\/costa-9786557081136.pdf\"><img loading=\"lazy\" class=\"size-full wp-image-4515 aligncenter\" src=\"https:\/\/revistacienciaecultura.org.br\/wp-content\/uploads\/2023\/08\/Manguinhos.jpg\" alt=\"\" width=\"247\" height=\"284\" srcset=\"https:\/\/revistacienciaecultura.org.br\/wp-content\/uploads\/2023\/08\/Manguinhos.jpg 247w, https:\/\/revistacienciaecultura.org.br\/wp-content\/uploads\/2023\/08\/Manguinhos-10x12.jpg 10w\" sizes=\"(max-width: 247px) 100vw, 247px\" \/><\/a><\/p>\n<p>&nbsp;<\/p>\n<h4 id=\"a-arte-de-enganar-a-natureza-contracepcao-aborto-e-infanticidio-no-inicio-do-seculo-xx\"><a href=\"https:\/\/books.scielo.org\/id\/6hcrt\/pdf\/rohden-9786557081174.pdf\">A arte de enganar a natureza: contracep\u00e7\u00e3o, aborto e infantic\u00eddio no in\u00edcio do s\u00e9culo XX<\/a><\/h4>\n<p>A obra discute os in\u00fameros e diversos embates morais, pol\u00edticos, m\u00e9dicos e jur\u00eddicos em torno das ideias, representa\u00e7\u00f5es e pr\u00e1ticas de controle da natalidade no Brasil da primeira metade do s\u00e9culo XX. Associando antropologia e hist\u00f3ria, conceitos e narrativas, m\u00faltiplas fontes e an\u00e1lise de casos, o livro nos oferece uma decisiva contribui\u00e7\u00e3o que se estende a v\u00e1rios campos disciplinares e tem\u00e1ticos.<\/p>\n<p><a href=\"https:\/\/books.scielo.org\/id\/6hcrt\/pdf\/rohden-9786557081174.pdf\"><img loading=\"lazy\" class=\"size-full wp-image-4516 aligncenter\" src=\"https:\/\/revistacienciaecultura.org.br\/wp-content\/uploads\/2023\/08\/arte.jpg\" alt=\"\" width=\"187\" height=\"284\" srcset=\"https:\/\/revistacienciaecultura.org.br\/wp-content\/uploads\/2023\/08\/arte.jpg 187w, https:\/\/revistacienciaecultura.org.br\/wp-content\/uploads\/2023\/08\/arte-8x12.jpg 8w\" sizes=\"(max-width: 187px) 100vw, 187px\" \/><\/a><\/p>\n<p>&nbsp;<\/p>\n<h4 id=\"violencia-sob-o-olhar-da-saude-infrapolitica-da-contemporaneidade-brasileira\"><a href=\"https:\/\/books.scielo.org\/id\/3ww26\/pdf\/minayo-9786557081150.pdf\">Viol\u00eancia sob o olhar da sa\u00fade: infrapol\u00edtica da contemporaneidade brasileira<\/a><\/h4>\n<p>O livro apresenta um panorama atualizado sobre o impacto da viol\u00eancia na sa\u00fade p\u00fablica. Examinam-se as tend\u00eancias das produ\u00e7\u00f5es cient\u00edficas sobre o assunto e busca-se conceituar o tema em seus aspectos filos\u00f3ficos, te\u00f3ricos, sociais e culturais.<\/p>\n<p><a href=\"https:\/\/books.scielo.org\/id\/3ww26\/pdf\/minayo-9786557081150.pdf\"><img loading=\"lazy\" class=\"size-full wp-image-4517 aligncenter\" src=\"https:\/\/revistacienciaecultura.org.br\/wp-content\/uploads\/2023\/08\/viole\u0302ncia.jpg\" alt=\"\" width=\"196\" height=\"284\" srcset=\"https:\/\/revistacienciaecultura.org.br\/wp-content\/uploads\/2023\/08\/viole\u0302ncia.jpg 196w, https:\/\/revistacienciaecultura.org.br\/wp-content\/uploads\/2023\/08\/viole\u0302ncia-8x12.jpg 8w\" sizes=\"(max-width: 196px) 100vw, 196px\" \/><\/a><\/p>\n<p>&nbsp;<\/p>\n<h4 id=\"em-busca-da-boa-morte-antropologia-dos-cuidados-paliativos\"><a href=\"https:\/\/books.scielo.org\/id\/sgprn\/pdf\/menezes-9786557081129.pdf\" target=\"_blank\" rel=\"noopener\">Em busca da boa morte: antropologia dos cuidados paliativos<\/a><\/h4>\n<p>Fruto de um trabalho etnogr\u00e1fico, o livro aborda o novo ide\u00e1rio, conhecido como paliativista, que coloca em quest\u00e3o a morte fria e desprotegida no hospital \u2013 desse modo, o que se procura aqui \u00e9 refletir acerca de um processo de mudan\u00e7a cultural, de contornos ainda pouco precisos, mas que, inegavelmente, procura humanizar o momento da morte, encarando a rela\u00e7\u00e3o m\u00e9dico-paciente sob um outro ponto de vista.<\/p>\n<p><a href=\"https:\/\/books.scielo.org\/id\/sgprn\/pdf\/menezes-9786557081129.pdf\" target=\"_blank\" rel=\"noopener\"><img loading=\"lazy\" class=\"size-full wp-image-4518 aligncenter\" src=\"https:\/\/revistacienciaecultura.org.br\/wp-content\/uploads\/2023\/08\/boa-morte.jpg\" alt=\"\" width=\"194\" height=\"284\" srcset=\"https:\/\/revistacienciaecultura.org.br\/wp-content\/uploads\/2023\/08\/boa-morte.jpg 194w, https:\/\/revistacienciaecultura.org.br\/wp-content\/uploads\/2023\/08\/boa-morte-8x12.jpg 8w\" sizes=\"(max-width: 194px) 100vw, 194px\" \/><\/a><\/p>\n<p>&nbsp;<\/p>\n<p>&nbsp;<\/p>\n<p><strong>Conhe\u00e7a outras obras em: <span style=\"color: #800000;\"><a style=\"color: #800000;\" href=\"https:\/\/books.scielo.org\/fiocruz\/\">https:\/\/books.scielo.org\/fiocruz\/<\/a><\/span><\/strong><\/p>\n<p>&nbsp;<\/p>\n<h6 id=\"foto-priscilla-du-preez-unsplash-com\">Foto: <a class=\"N2odk RZQOk eziW_ cl4O9 KHq0c\" href=\"https:\/\/unsplash.com\/pt-br\/@priscilladupreez\">Priscilla Du Preez<\/a>\/ Unsplash.com<\/h6>\n","protected":false},"excerpt":{"rendered":"Antropologia, bio\u00e9tica, sa\u00fade ind\u00edgena e da mulher s\u00e3o alguns dos temas da&hellip;\n","protected":false},"author":19,"featured_media":4519,"comment_status":"open","ping_status":"open","sticky":false,"template":"","format":"standard","meta":[],"categories":[1,2],"tags":[],"acf":[],"_links":{"self":[{"href":"https:\/\/revistacienciaecultura.org.br\/index.php?rest_route=\/wp\/v2\/posts\/4508"}],"collection":[{"href":"https:\/\/revistacienciaecultura.org.br\/index.php?rest_route=\/wp\/v2\/posts"}],"about":[{"href":"https:\/\/revistacienciaecultura.org.br\/index.php?rest_route=\/wp\/v2\/types\/post"}],"author":[{"embeddable":true,"href":"https:\/\/revistacienciaecultura.org.br\/index.php?rest_route=\/wp\/v2\/users\/19"}],"replies":[{"embeddable":true,"href":"https:\/\/revistacienciaecultura.org.br\/index.php?rest_route=%2Fwp%2Fv2%2Fcomments&post=4508"}],"version-history":[{"count":3,"href":"https:\/\/revistacienciaecultura.org.br\/index.php?rest_route=\/wp\/v2\/posts\/4508\/revisions"}],"predecessor-version":[{"id":4522,"href":"https:\/\/revistacienciaecultura.org.br\/index.php?rest_route=\/wp\/v2\/posts\/4508\/revisions\/4522"}],"wp:featuredmedia":[{"embeddable":true,"href":"https:\/\/revistacienciaecultura.org.br\/index.php?rest_route=\/wp\/v2\/media\/4519"}],"wp:attachment":[{"href":"https:\/\/revistacienciaecultura.org.br\/index.php?rest_route=%2Fwp%2Fv2%2Fmedia&parent=4508"}],"wp:term":[{"taxonomy":"category","embeddable":true,"href":"https:\/\/revistacienciaecultura.org.br\/index.php?rest_route=%2Fwp%2Fv2%2Fcategories&post=4508"},{"taxonomy":"post_tag","embeddable":true,"href":"https:\/\/revistacienciaecultura.org.br\/index.php?rest_route=%2Fwp%2Fv2%2Ftags&post=4508"}],"curies":[{"name":"wp","href":"https:\/\/api.w.org\/{rel}","templated":true}]}}