{"id":4523,"date":"2023-08-07T08:00:06","date_gmt":"2023-08-07T08:00:06","guid":{"rendered":"https:\/\/revistacienciaecultura.org.br\/?p=4523"},"modified":"2023-08-04T11:13:53","modified_gmt":"2023-08-04T11:13:53","slug":"contribuicoes-da-ciencia-basica-para-a-saude","status":"publish","type":"post","link":"https:\/\/revistacienciaecultura.org.br\/?p=4523","title":{"rendered":"Contribui\u00e7\u00f5es da ci\u00eancia b\u00e1sica para a sa\u00fade"},"content":{"rendered":"<h4 id=\"ciencia-e-tecnologia-sao-fundamentais-para-a-saude-e-o-bem-estar-da-populacao\"><span style=\"color: #808080;\">Ci\u00eancia e tecnologia s\u00e3o fundamentais para a sa\u00fade e o bem-estar da popula\u00e7\u00e3o<\/span><\/h4>\n<p>&nbsp;<\/p>\n<p>Inova\u00e7\u00f5es em tratamentos para preven\u00e7\u00e3o e cura de doen\u00e7as, redu\u00e7\u00e3o da mortalidade, aumento do bem-estar e da longevidade. Esses s\u00e3o apenas alguns exemplos de como as ci\u00eancias podem contribuir para a sa\u00fade. O tema \u00e9 discutido no \u00faltimo epis\u00f3dio do\u00a0<span style=\"color: #800000;\"><strong><a style=\"color: #800000;\" href=\"https:\/\/revistacienciaecultura.org.br\/?cat=4\">Ci\u00eancia &amp; Cultura Cast<\/a><\/strong><\/span>, o podcast da revista\u00a0<span style=\"color: #800000;\"><strong><a style=\"color: #800000;\" href=\"https:\/\/revistacienciaecultura.org.br\/\">Ci\u00eancia &amp; Cultura<\/a><\/strong><\/span>, que nesta edi\u00e7\u00e3o trata do tema \u201cCi\u00eancia b\u00e1sica para o desenvolvimento sustent\u00e1vel\u201d.<\/p>\n<p>A pandemia da covid-19 trouxe de volta a discuss\u00e3o sobre a import\u00e2ncia da ci\u00eancia e seus benef\u00edcios para a popula\u00e7\u00e3o e a sociedade. Foi gra\u00e7as \u00e0 pesquisa cient\u00edfica que foi poss\u00edvel sequenciar o coronav\u00edrus, compreender os sintomas e sequelas da doen\u00e7a, e avan\u00e7ar nas tecnologias para a produ\u00e7\u00e3o de vacinas. \u201cNa verdade,\u00a0a ci\u00eancia foi nossa trincheira. E n\u00e3o foram s\u00f3 as ci\u00eancias b\u00e1sicas da sa\u00fade que se uniram e tentaram ter iniciativas contr\u00e1rias ao desastre que foi a resposta brasileira \u00e0 pandemia, mas tamb\u00e9m pessoas de outras \u00e1reas que apoiaram muito esse processo de enorme resist\u00eancia\u201d, aponta a m\u00e9dica L\u00edgia Bahia, professora do N\u00facleo de Estudos de Sa\u00fade Coletiva da Universidade Federal do Rio de Janeiro (UFRJ).<\/p>\n<p>Por outro lado, a veicula\u00e7\u00e3o e compartilhamento de informa\u00e7\u00f5es falsas por meio de redes sociais, blogs, sites ou aplicativos de mensagens, trouxeram consequ\u00eancias s\u00e9rias \u00e0\u00a0sa\u00fade\u00a0individual e coletiva. Durante a pandemia, foram v\u00e1rias as <em>fake news<\/em> que apoiavam tratamentos ineficazes, ao mesmo tempo em que atacavam o isolamento e as vacinas. At\u00e9 hoje algumas dessas informa\u00e7\u00f5es falsas persistem, e s\u00e3o um dos fatores que contribu\u00edram para a queda na taxa vacinal contra v\u00e1rias doen\u00e7as em todo o pa\u00eds. Al\u00e9m disso, a desigualdade \u00e9 um fator complicador no acesso \u00e0 sa\u00fade e no cuidado da popula\u00e7\u00e3o. Sete em cada dez\u00a0brasileiros usam o Sistema \u00danico de Sa\u00fade (SUS), e o pa\u00eds ainda acumula uma car\u00eancia com cerca de 30 milh\u00f5es de pessoas sem acesso \u00e0 sa\u00fade, de acordo com dados da Pesquisa Nacional de Sa\u00fade do Instituto Brasileira de Geografia e Estat\u00edstica (IBGE). \u201cO que mata \u00e9 a desigualdade. \u00c9 fundamental que todo mundo que milita na \u00e1rea da sa\u00fade tenha essa compreens\u00e3o: precisamos reduzir as desigualdades no Brasil\u201d.<\/p>\n<p>O investimento em educa\u00e7\u00e3o e ci\u00eancia \u00e9 fundamental para combater a desinforma\u00e7\u00e3o e avan\u00e7ar em estudos que contribuam para a sa\u00fade e o bem-estar da popula\u00e7\u00e3o. Para L\u00edgia Bahia, a ci\u00eancia precisa ser transversal nas pol\u00edticas do Pa\u00eds. \u201cA gente espera ter pol\u00edticas de estado e n\u00e3o politica de governo. Assim a gente fica a merc\u00ea de um sistema de sa\u00fade muito cruel, onde quem tem mais continua recebendo mais. A gente precisa ir mudando isso\u201d, finaliza.<\/p>\n<p><strong>Ou\u00e7a o epis\u00f3dio completo:<\/strong><\/p>\n<p><iframe title=\"Spotify Embed: Contribui\u00e7\u00f5es da ci\u00eancia b\u00e1sica para a sa\u00fade\" style=\"border-radius: 12px\" width=\"100%\" height=\"152\" frameborder=\"0\" allowfullscreen allow=\"autoplay; clipboard-write; encrypted-media; fullscreen; picture-in-picture\" loading=\"lazy\" src=\"https:\/\/open.spotify.com\/embed\/episode\/7BU9BVpSQPncDJdCUMwBft?si=14cb73a184d14de6&#038;utm_source=oembed\"><\/iframe><\/p>\n","protected":false},"excerpt":{"rendered":"Ci\u00eancia e tecnologia s\u00e3o fundamentais para a sa\u00fade e o bem-estar da&hellip;\n","protected":false},"author":19,"featured_media":4525,"comment_status":"open","ping_status":"open","sticky":false,"template":"","format":"standard","meta":[],"categories":[4],"tags":[],"acf":[],"_links":{"self":[{"href":"https:\/\/revistacienciaecultura.org.br\/index.php?rest_route=\/wp\/v2\/posts\/4523"}],"collection":[{"href":"https:\/\/revistacienciaecultura.org.br\/index.php?rest_route=\/wp\/v2\/posts"}],"about":[{"href":"https:\/\/revistacienciaecultura.org.br\/index.php?rest_route=\/wp\/v2\/types\/post"}],"author":[{"embeddable":true,"href":"https:\/\/revistacienciaecultura.org.br\/index.php?rest_route=\/wp\/v2\/users\/19"}],"replies":[{"embeddable":true,"href":"https:\/\/revistacienciaecultura.org.br\/index.php?rest_route=%2Fwp%2Fv2%2Fcomments&post=4523"}],"version-history":[{"count":4,"href":"https:\/\/revistacienciaecultura.org.br\/index.php?rest_route=\/wp\/v2\/posts\/4523\/revisions"}],"predecessor-version":[{"id":4532,"href":"https:\/\/revistacienciaecultura.org.br\/index.php?rest_route=\/wp\/v2\/posts\/4523\/revisions\/4532"}],"wp:featuredmedia":[{"embeddable":true,"href":"https:\/\/revistacienciaecultura.org.br\/index.php?rest_route=\/wp\/v2\/media\/4525"}],"wp:attachment":[{"href":"https:\/\/revistacienciaecultura.org.br\/index.php?rest_route=%2Fwp%2Fv2%2Fmedia&parent=4523"}],"wp:term":[{"taxonomy":"category","embeddable":true,"href":"https:\/\/revistacienciaecultura.org.br\/index.php?rest_route=%2Fwp%2Fv2%2Fcategories&post=4523"},{"taxonomy":"post_tag","embeddable":true,"href":"https:\/\/revistacienciaecultura.org.br\/index.php?rest_route=%2Fwp%2Fv2%2Ftags&post=4523"}],"curies":[{"name":"wp","href":"https:\/\/api.w.org\/{rel}","templated":true}]}}