{"id":4553,"date":"2023-08-08T07:30:03","date_gmt":"2023-08-08T07:30:03","guid":{"rendered":"https:\/\/revistacienciaecultura.org.br\/?p=4553"},"modified":"2023-08-07T18:56:00","modified_gmt":"2023-08-07T18:56:00","slug":"sbpc-recebe-medalha-oswaldo-cruz-de-honra-ao-merito-da-sobrahsp","status":"publish","type":"post","link":"https:\/\/revistacienciaecultura.org.br\/?p=4553","title":{"rendered":"SBPC recebe Medalha Oswaldo Cruz de Honra ao M\u00e9rito da SOBRAHSP"},"content":{"rendered":"<h4 id=\"a-homenagem-foi-feita-durante-congresso-de-saude-publica-e-formacao-humano-em-comemoracao-ao-centenario-da-sociedade-brasileira-de-higiene-e-saude-publica-no-dia-5-de-agosto\"><span style=\"color: #808080;\">A homenagem foi feita durante Congresso de Sa\u00fade P\u00fablica e Forma\u00e7\u00e3o Humano, em comemora\u00e7\u00e3o ao centen\u00e1rio da Sociedade Brasileira de Higiene e Sa\u00fade P\u00fablica, no dia 5 de agosto<\/span><\/h4>\n<p>&nbsp;<\/p>\n<p>A Sociedade Brasileira para o Progresso da Ci\u00eancia (SBPC) recebeu da Sociedade Brasileira de Higiene e Sa\u00fade P\u00fablica (SOBRAHSP) a Medalha Oswaldo Cruz de Honra ao M\u00e9rito. A homenagem foi feita no \u00faltimo s\u00e1bado, 5 de agosto, durante o Congresso de Sa\u00fade P\u00fablica e Forma\u00e7\u00e3o Humana, evento que celebrou o centen\u00e1rio da SOBRAHSP e a luta pela ci\u00eancia, tecnologia e educa\u00e7\u00e3o no Pa\u00eds e, principalmente, na defesa da sa\u00fade p\u00fablica.<\/p>\n<p>O presidente da SBPC, Renato Janine Ribeiro, participou do Congresso e frisou a import\u00e2ncia da Medalha recebida pela da entidade. \u201cCom essa homenagem, a Sociedade Brasileira de Higiene e Sa\u00fade P\u00fablica reconhece as lutas travadas pela SBPC, principalmente pelo trabalho de lideran\u00e7a em que a entidade exerce em prol da ci\u00eancia, do conhecimento, educa\u00e7\u00e3o, meio ambiente, cultura e contra as desigualdades\u201d, afirma.<\/p>\n<p>O evento, realizado em Niter\u00f3i, no Rio de Janeiro, contou com palestras, rodas de conversas e exposi\u00e7\u00f5es sobre temas ligados \u00e0 Sa\u00fade e como ela atua nas \u00e1reas de Educa\u00e7\u00e3o, Meio Ambiente, pautas ind\u00edgenas e Doen\u00e7as Negligenciadas, com o objetivo de aproximar os estudantes, pesquisadores e profissionais dos temas discutidos. Janine Ribeiro foi convidado para falar?\u201d, na sexta-feira, 4 de agosto, na roda de conversa \u201cPor que a coisa p\u00fablica vale t\u00e3o pouco no Brasil, onde conversou com estudantes e os profissionais de sa\u00fade do munic\u00edpio de Niter\u00f3i e munic\u00edpios adjacentes, e tamb\u00e9m para a mesa \u201cSa\u00fade, Ci\u00eancia e Democracia\u201d, com a deputada federal, Jandira Feghali, e Chico D\u2019Angelo, assessor Especial de Assuntos Parlamentares e Federativos do Minist\u00e9rio da Sa\u00fade.<\/p>\n<p><a href=\"http:\/\/www.jornaldaciencia.org.br\/\" target=\"_blank\" rel=\"noopener\"><em>Jornal da Ci\u00eancia<\/em><\/a><\/p>\n","protected":false},"excerpt":{"rendered":"A homenagem foi feita durante Congresso de Sa\u00fade P\u00fablica e Forma\u00e7\u00e3o Humano,&hellip;\n","protected":false},"author":19,"featured_media":4212,"comment_status":"open","ping_status":"open","sticky":false,"template":"","format":"standard","meta":[],"categories":[1,2],"tags":[],"acf":[],"_links":{"self":[{"href":"https:\/\/revistacienciaecultura.org.br\/index.php?rest_route=\/wp\/v2\/posts\/4553"}],"collection":[{"href":"https:\/\/revistacienciaecultura.org.br\/index.php?rest_route=\/wp\/v2\/posts"}],"about":[{"href":"https:\/\/revistacienciaecultura.org.br\/index.php?rest_route=\/wp\/v2\/types\/post"}],"author":[{"embeddable":true,"href":"https:\/\/revistacienciaecultura.org.br\/index.php?rest_route=\/wp\/v2\/users\/19"}],"replies":[{"embeddable":true,"href":"https:\/\/revistacienciaecultura.org.br\/index.php?rest_route=%2Fwp%2Fv2%2Fcomments&post=4553"}],"version-history":[{"count":2,"href":"https:\/\/revistacienciaecultura.org.br\/index.php?rest_route=\/wp\/v2\/posts\/4553\/revisions"}],"predecessor-version":[{"id":4555,"href":"https:\/\/revistacienciaecultura.org.br\/index.php?rest_route=\/wp\/v2\/posts\/4553\/revisions\/4555"}],"wp:featuredmedia":[{"embeddable":true,"href":"https:\/\/revistacienciaecultura.org.br\/index.php?rest_route=\/wp\/v2\/media\/4212"}],"wp:attachment":[{"href":"https:\/\/revistacienciaecultura.org.br\/index.php?rest_route=%2Fwp%2Fv2%2Fmedia&parent=4553"}],"wp:term":[{"taxonomy":"category","embeddable":true,"href":"https:\/\/revistacienciaecultura.org.br\/index.php?rest_route=%2Fwp%2Fv2%2Fcategories&post=4553"},{"taxonomy":"post_tag","embeddable":true,"href":"https:\/\/revistacienciaecultura.org.br\/index.php?rest_route=%2Fwp%2Fv2%2Ftags&post=4553"}],"curies":[{"name":"wp","href":"https:\/\/api.w.org\/{rel}","templated":true}]}}