{"id":4574,"date":"2023-08-09T11:38:25","date_gmt":"2023-08-09T11:38:25","guid":{"rendered":"https:\/\/revistacienciaecultura.org.br\/?p=4574"},"modified":"2023-08-09T11:38:25","modified_gmt":"2023-08-09T11:38:25","slug":"dia-internacional-dos-povos-indigenas-destaca-papel-da-juventude","status":"publish","type":"post","link":"https:\/\/revistacienciaecultura.org.br\/?p=4574","title":{"rendered":"Dia Internacional dos Povos Ind\u00edgenas destaca papel da juventude"},"content":{"rendered":"<h4 id=\"unesco-aponta-diversidade-cultural-e-pede-protecao-aos-direitos-dos-povos-originarios\"><span style=\"color: #808080;\">Unesco aponta diversidade cultural e pede prote\u00e7\u00e3o aos direitos dos povos origin\u00e1rios.<\/span><\/h4>\n<p>&nbsp;<\/p>\n<p>Com foco na juventude, a Organiza\u00e7\u00e3o das Na\u00e7\u00f5es Unidas (ONU) celebra o Dia Internacional dos Povos Ind\u00edgenas neste 9 de agosto. Apesar de suas diferen\u00e7as culturais, os povos ind\u00edgenas de todo o mundo compartilham problemas comuns relacionados \u00e0 prote\u00e7\u00e3o de seus direitos como povos distintos.<\/p>\n<p>Segundo a ag\u00eancia da ONU, muitos povos ind\u00edgenas continuam a ser confrontados com a marginaliza\u00e7\u00e3o, pobreza extrema e outras viola\u00e7\u00f5es dos direitos humanos. O secret\u00e1rio-geral da ONU, Ant\u00f3nio Guterres,\u00a0ressalta que, em todo o mundo, os povos ind\u00edgenas enfrentam s\u00e9rios desafios, com as suas terras e recursos amea\u00e7ados, seus direitos minados e sua persistente vulnerabilidade \u00e0 marginaliza\u00e7\u00e3o e \u00e0 exclus\u00e3o.<\/p>\n<p>Para o chefe da ONU, a juventude ind\u00edgena est\u00e1 ajudando a lutar contra isso. Ele destaca o\u00a0papel dos jovens na \u201ccria\u00e7\u00e3o de mudan\u00e7as e na moldagem do futuro\u201d e afirma ser vital que a juventude ind\u00edgena, tanto as mulheres quanto os homens, esteja envolvida nos processos de tomada de decis\u00e3o.<\/p>\n<p>Os conhecimentos e tradi\u00e7\u00f5es ind\u00edgenas est\u00e3o profundamente enraizados no desenvolvimento sustent\u00e1vel e podem ajudar a resolver muitos desafios comuns do momento atual. A ONU pede que haja compromisso em garantir os direitos individuais e coletivos da juventude ind\u00edgena, bem como em apoiar o seu envolvimento nos di\u00e1logos globais e na tomada de decis\u00f5es.<\/p>\n<p>Segundo a Organiza\u00e7\u00e3o das Na\u00e7\u00f5es Unidas para Educa\u00e7\u00e3o, Ci\u00eancia e Cultura (Unesco), os povos ind\u00edgenas vivem em todas as regi\u00f5es do mundo e possuem, ocupam ou usam cerca de 22% da \u00e1rea terrestre global. Eles somam entre 370 e 500 milh\u00f5es de pessoas e representam a maior parte da diversidade cultural do mundo. A Unesco ainda destaca que eles falam a maioria das cerca de 7 mil l\u00ednguas do mundo e representam cinco mil culturas diferentes.<\/p>\n<p><span style=\"color: #808080;\"><em>Com informa\u00e7\u00f5es da <a style=\"color: #808080;\" href=\"https:\/\/news.un.org\/\">ONU News<\/a><\/em><\/span><\/p>\n<p>&nbsp;<\/p>\n<h6 id=\"foto-un-women-ecuador-johis-alarcon\">Foto: UN Women Ecuador\/Johis Alarc\u00f3n<\/h6>\n","protected":false},"excerpt":{"rendered":"Unesco aponta diversidade cultural e pede prote\u00e7\u00e3o aos direitos dos povos origin\u00e1rios.&hellip;\n","protected":false},"author":19,"featured_media":4575,"comment_status":"open","ping_status":"open","sticky":false,"template":"","format":"standard","meta":[],"categories":[1,2],"tags":[],"acf":[],"_links":{"self":[{"href":"https:\/\/revistacienciaecultura.org.br\/index.php?rest_route=\/wp\/v2\/posts\/4574"}],"collection":[{"href":"https:\/\/revistacienciaecultura.org.br\/index.php?rest_route=\/wp\/v2\/posts"}],"about":[{"href":"https:\/\/revistacienciaecultura.org.br\/index.php?rest_route=\/wp\/v2\/types\/post"}],"author":[{"embeddable":true,"href":"https:\/\/revistacienciaecultura.org.br\/index.php?rest_route=\/wp\/v2\/users\/19"}],"replies":[{"embeddable":true,"href":"https:\/\/revistacienciaecultura.org.br\/index.php?rest_route=%2Fwp%2Fv2%2Fcomments&post=4574"}],"version-history":[{"count":1,"href":"https:\/\/revistacienciaecultura.org.br\/index.php?rest_route=\/wp\/v2\/posts\/4574\/revisions"}],"predecessor-version":[{"id":4576,"href":"https:\/\/revistacienciaecultura.org.br\/index.php?rest_route=\/wp\/v2\/posts\/4574\/revisions\/4576"}],"wp:featuredmedia":[{"embeddable":true,"href":"https:\/\/revistacienciaecultura.org.br\/index.php?rest_route=\/wp\/v2\/media\/4575"}],"wp:attachment":[{"href":"https:\/\/revistacienciaecultura.org.br\/index.php?rest_route=%2Fwp%2Fv2%2Fmedia&parent=4574"}],"wp:term":[{"taxonomy":"category","embeddable":true,"href":"https:\/\/revistacienciaecultura.org.br\/index.php?rest_route=%2Fwp%2Fv2%2Fcategories&post=4574"},{"taxonomy":"post_tag","embeddable":true,"href":"https:\/\/revistacienciaecultura.org.br\/index.php?rest_route=%2Fwp%2Fv2%2Ftags&post=4574"}],"curies":[{"name":"wp","href":"https:\/\/api.w.org\/{rel}","templated":true}]}}