{"id":4581,"date":"2023-08-31T07:30:10","date_gmt":"2023-08-31T07:30:10","guid":{"rendered":"https:\/\/revistacienciaecultura.org.br\/?p=4581"},"modified":"2023-08-23T14:24:29","modified_gmt":"2023-08-23T14:24:29","slug":"videos-tiram-duvidas-de-criancas-sobre-a-ciencia","status":"publish","type":"post","link":"https:\/\/revistacienciaecultura.org.br\/?p=4581","title":{"rendered":"V\u00eddeos tiram d\u00favidas de crian\u00e7as sobre a ci\u00eancia"},"content":{"rendered":"<h4 id=\"serie-do-butantan-estimula-a-curiosidade-e-o-interesse-das-criancas-pela-ciencia\"><span style=\"color: #808080;\">S\u00e9rie do Butantan estimula a curiosidade e o interesse das crian\u00e7as pela ci\u00eancia<\/span><\/h4>\n<p>&nbsp;<\/p>\n<p>Por que a gente fica doente? Por que temos que lavar as m\u00e3os antes de comer? Por que a picada do mosquito co\u00e7a? Muitos de n\u00f3s j\u00e1 ouvimos essas perguntas de crian\u00e7as \u2013 e muitas vezes n\u00e3o sabemos direito como responder. Foi pensando nessa curiosidade infantil e em estimular o interesse das crian\u00e7as pela ci\u00eancia que o <span style=\"color: #800000;\"><a style=\"color: #800000;\" href=\"https:\/\/butantan.gov.br\/\"><strong>Butantan<\/strong><\/a><\/span> lan\u00e7ou a s\u00e9rie de v\u00eddeos \u201cPergunta para a Bubu\u201d. Nela, crian\u00e7as de todas as idades enviam as mais variadas perguntas para a Bubu (uma menina muito curiosa que quer ser cientista quando crescer) responder. Por meio dos v\u00eddeos \u00e9 poss\u00edvel conhecer um pouco mais sobre o trabalho do Butantan \u2013 e sobre como a ci\u00eancia faz parte de v\u00e1rios aspectos da nossa vida.<\/p>\n<p>Confira alguns v\u00eddeos aqui!<\/p>\n<p>&nbsp;<\/p>\n<h4 id=\"como-as-vacinas-agem-no-nosso-corpo\"><a href=\"https:\/\/youtu.be\/C7UlvurFOxo?list=PLQSwC3UMEjiH2qK0mtlIMrL57GjSGWiVb\" target=\"_blank\" rel=\"noopener\"><strong>Como as vacinas agem no nosso corpo?<\/strong><\/a><\/h4>\n<p>Vacinas ensinam nosso corpo a combater v\u00edrus e bact\u00e9rias que causam doen\u00e7as. Para responder, a Bubu conversou com a respons\u00e1vel de Farmacovigil\u00e2ncia do Butantan, Veras Gatt\u00e1s, que fala da import\u00e2ncia de manter a vacina\u00e7\u00e3o em dia.<\/p>\n<p><a href=\"https:\/\/youtu.be\/C7UlvurFOxo?list=PLQSwC3UMEjiH2qK0mtlIMrL57GjSGWiVb\"><img loading=\"lazy\" class=\"aligncenter wp-image-4582\" src=\"https:\/\/revistacienciaecultura.org.br\/wp-content\/uploads\/2023\/08\/Captura-de-Tela-2023-08-09-a\u0300s-16.21.31-250x300.png\" alt=\"\" width=\"208\" height=\"250\" srcset=\"https:\/\/revistacienciaecultura.org.br\/wp-content\/uploads\/2023\/08\/Captura-de-Tela-2023-08-09-a\u0300s-16.21.31-250x300.png 250w, https:\/\/revistacienciaecultura.org.br\/wp-content\/uploads\/2023\/08\/Captura-de-Tela-2023-08-09-a\u0300s-16.21.31-10x12.png 10w, https:\/\/revistacienciaecultura.org.br\/wp-content\/uploads\/2023\/08\/Captura-de-Tela-2023-08-09-a\u0300s-16.21.31.png 269w\" sizes=\"(max-width: 208px) 100vw, 208px\" \/><\/a><\/p>\n<h4 id=\"por-que-a-gente-fica-doente\"><a href=\"https:\/\/www.youtube.com\/watch?v=P2n-og56nsM&amp;list=PLQSwC3UMEjiH2qK0mtlIMrL57GjSGWiVb&amp;index=2\" target=\"_blank\" rel=\"noopener\">Por que a gente fica doente?<\/a><\/h4>\n<p>Os principais motivos das pessoas ficarem doentes s\u00e3o as infec\u00e7\u00f5es. \u00c9 que existem muitos microrganismos circulando em todos os lugares, e como eles s\u00e3o quase invis\u00edveis, alguns podem entrar no organismo e causar doen\u00e7as.<\/p>\n<p><a href=\"https:\/\/www.youtube.com\/watch?v=P2n-og56nsM&amp;list=PLQSwC3UMEjiH2qK0mtlIMrL57GjSGWiVb&amp;index=2\"><img loading=\"lazy\" class=\"aligncenter wp-image-4583\" src=\"https:\/\/revistacienciaecultura.org.br\/wp-content\/uploads\/2023\/08\/Captura-de-Tela-2023-08-09-a\u0300s-16.22.30.png\" alt=\"\" width=\"198\" height=\"250\" srcset=\"https:\/\/revistacienciaecultura.org.br\/wp-content\/uploads\/2023\/08\/Captura-de-Tela-2023-08-09-a\u0300s-16.22.30.png 234w, https:\/\/revistacienciaecultura.org.br\/wp-content\/uploads\/2023\/08\/Captura-de-Tela-2023-08-09-a\u0300s-16.22.30-10x12.png 10w\" sizes=\"(max-width: 198px) 100vw, 198px\" \/><\/a><\/p>\n<h4 id=\"por-que-os-macacos-so-comem-banana\"><a href=\"https:\/\/www.youtube.com\/watch?v=QvdaJ5VXfMU&amp;list=PLQSwC3UMEjiH2qK0mtlIMrL57GjSGWiVb&amp;index=3\" target=\"_blank\" rel=\"noopener\">Por que os macacos s\u00f3 comem banana?<\/a><\/h4>\n<p>Ser\u00e1 mesmo que os macacos s\u00f3 comem banana? A verdade \u00e9 que eles gostam de v\u00e1rios tipos de frutas, como manga, ma\u00e7\u00e3, maracuj\u00e1 e melancia. E al\u00e9m de frutas, outros alimentos fazem parte da dieta dos macacos.<br \/>\n<a href=\"https:\/\/www.youtube.com\/watch?v=QvdaJ5VXfMU&amp;list=PLQSwC3UMEjiH2qK0mtlIMrL57GjSGWiVb&amp;index=3\"><img loading=\"lazy\" class=\"aligncenter wp-image-4584\" src=\"https:\/\/revistacienciaecultura.org.br\/wp-content\/uploads\/2023\/08\/Captura-de-Tela-2023-08-09-a\u0300s-16.23.04-224x300.png\" alt=\"\" width=\"186\" height=\"250\" srcset=\"https:\/\/revistacienciaecultura.org.br\/wp-content\/uploads\/2023\/08\/Captura-de-Tela-2023-08-09-a\u0300s-16.23.04-224x300.png 224w, https:\/\/revistacienciaecultura.org.br\/wp-content\/uploads\/2023\/08\/Captura-de-Tela-2023-08-09-a\u0300s-16.23.04-9x12.png 9w, https:\/\/revistacienciaecultura.org.br\/wp-content\/uploads\/2023\/08\/Captura-de-Tela-2023-08-09-a\u0300s-16.23.04.png 261w\" sizes=\"(max-width: 186px) 100vw, 186px\" \/><\/a><\/p>\n<h4 id=\"por-que-os-sapos-sao-molhados\"><a href=\"https:\/\/www.youtube.com\/watch?v=09lW-C7gY9g&amp;list=PLQSwC3UMEjiH2qK0mtlIMrL57GjSGWiVb&amp;index=4\">Por que os sapos s\u00e3o molhados?<\/a><\/h4>\n<p>\u00c9 porque, al\u00e9m de respirar pelos pulm\u00f5es, eles tamb\u00e9m respiram atrav\u00e9s da pele. Quanto mais molhado, mais oxig\u00eanio. Mas essa n\u00e3o \u00e9 a \u00fanica fun\u00e7\u00e3o da pele molhada!<\/p>\n<p><a href=\"https:\/\/www.youtube.com\/watch?v=09lW-C7gY9g&amp;list=PLQSwC3UMEjiH2qK0mtlIMrL57GjSGWiVb&amp;index=4\"><img loading=\"lazy\" class=\"aligncenter wp-image-4585\" src=\"https:\/\/revistacienciaecultura.org.br\/wp-content\/uploads\/2023\/08\/Captura-de-Tela-2023-08-09-a\u0300s-16.23.26-231x300.png\" alt=\"\" width=\"192\" height=\"250\" srcset=\"https:\/\/revistacienciaecultura.org.br\/wp-content\/uploads\/2023\/08\/Captura-de-Tela-2023-08-09-a\u0300s-16.23.26-231x300.png 231w, https:\/\/revistacienciaecultura.org.br\/wp-content\/uploads\/2023\/08\/Captura-de-Tela-2023-08-09-a\u0300s-16.23.26-9x12.png 9w, https:\/\/revistacienciaecultura.org.br\/wp-content\/uploads\/2023\/08\/Captura-de-Tela-2023-08-09-a\u0300s-16.23.26.png 270w\" sizes=\"(max-width: 192px) 100vw, 192px\" \/><\/a><\/p>\n<h4 id=\"por-que-alguns-macacos-tem-o-bumbum-vermelho\"><a href=\"https:\/\/www.youtube.com\/watch?v=v-pt1eKk24s&amp;list=PLQSwC3UMEjiH2qK0mtlIMrL57GjSGWiVb&amp;index=5\">Por que alguns macacos t\u00eam o bumbum vermelho?<\/a><\/h4>\n<p>Voc\u00ea j\u00e1 reparou que alguns macacos t\u00eam o bumbum vermelho? A Bubu e os especialistas do Butantan t\u00eam uma explica\u00e7\u00e3o para isso.<\/p>\n<p><a href=\"https:\/\/www.youtube.com\/watch?v=v-pt1eKk24s&amp;list=PLQSwC3UMEjiH2qK0mtlIMrL57GjSGWiVb&amp;index=5\"><img loading=\"lazy\" class=\"aligncenter wp-image-4586\" src=\"https:\/\/revistacienciaecultura.org.br\/wp-content\/uploads\/2023\/08\/Captura-de-Tela-2023-08-09-a\u0300s-16.24.02-227x300.png\" alt=\"\" width=\"189\" height=\"250\" srcset=\"https:\/\/revistacienciaecultura.org.br\/wp-content\/uploads\/2023\/08\/Captura-de-Tela-2023-08-09-a\u0300s-16.24.02-227x300.png 227w, https:\/\/revistacienciaecultura.org.br\/wp-content\/uploads\/2023\/08\/Captura-de-Tela-2023-08-09-a\u0300s-16.24.02-9x12.png 9w, https:\/\/revistacienciaecultura.org.br\/wp-content\/uploads\/2023\/08\/Captura-de-Tela-2023-08-09-a\u0300s-16.24.02.png 262w\" sizes=\"(max-width: 189px) 100vw, 189px\" \/><\/a><\/p>\n<h4 id=\"por-que-temos-que-lavar-as-maos-antes-de-comer\"><a href=\"https:\/\/www.youtube.com\/watch?v=rpcjMYbWgAg&amp;list=PLQSwC3UMEjiH2qK0mtlIMrL57GjSGWiVb&amp;index=6\">Por que temos que lavar as m\u00e3os antes de comer?<\/a><\/h4>\n<p>\u00c9 importante manter as m\u00e3os sempre limpas \u2013 especialmente antes de nos alimentarmos \u2013 para evitar que micr\u00f3bios e outros organismos que podem causar doen\u00e7as entrem no nosso corpo.<\/p>\n<p><a href=\"https:\/\/www.youtube.com\/watch?v=rpcjMYbWgAg&amp;list=PLQSwC3UMEjiH2qK0mtlIMrL57GjSGWiVb&amp;index=6\"><img loading=\"lazy\" class=\"aligncenter wp-image-4587\" src=\"https:\/\/revistacienciaecultura.org.br\/wp-content\/uploads\/2023\/08\/Captura-de-Tela-2023-08-09-a\u0300s-16.24.28-252x300.png\" alt=\"\" width=\"210\" height=\"250\" srcset=\"https:\/\/revistacienciaecultura.org.br\/wp-content\/uploads\/2023\/08\/Captura-de-Tela-2023-08-09-a\u0300s-16.24.28-252x300.png 252w, https:\/\/revistacienciaecultura.org.br\/wp-content\/uploads\/2023\/08\/Captura-de-Tela-2023-08-09-a\u0300s-16.24.28-10x12.png 10w, https:\/\/revistacienciaecultura.org.br\/wp-content\/uploads\/2023\/08\/Captura-de-Tela-2023-08-09-a\u0300s-16.24.28.png 255w\" sizes=\"(max-width: 210px) 100vw, 210px\" \/><\/a><\/p>\n<h4 id=\"posso-ter-um-macaco-de-estimacao\"><a href=\"https:\/\/www.youtube.com\/watch?v=yoTWbxnWcLk&amp;list=PLQSwC3UMEjiH2qK0mtlIMrL57GjSGWiVb&amp;index=7\">Posso ter um macaco de estima\u00e7\u00e3o?<\/a><\/h4>\n<p>Os macacos s\u00e3o fofinhos, mas n\u00e3o s\u00e3o bichinhos de estima\u00e7\u00e3o. Segundo o Ibama, as pessoas s\u00f3 podem ter dois tipos de macacos em casa.<\/p>\n<p><a href=\"https:\/\/www.youtube.com\/watch?v=yoTWbxnWcLk&amp;list=PLQSwC3UMEjiH2qK0mtlIMrL57GjSGWiVb&amp;index=7\"><img loading=\"lazy\" class=\"aligncenter wp-image-4588\" src=\"https:\/\/revistacienciaecultura.org.br\/wp-content\/uploads\/2023\/08\/Captura-de-Tela-2023-08-09-a\u0300s-16.24.56.png\" alt=\"\" width=\"200\" height=\"250\" srcset=\"https:\/\/revistacienciaecultura.org.br\/wp-content\/uploads\/2023\/08\/Captura-de-Tela-2023-08-09-a\u0300s-16.24.56.png 239w, https:\/\/revistacienciaecultura.org.br\/wp-content\/uploads\/2023\/08\/Captura-de-Tela-2023-08-09-a\u0300s-16.24.56-10x12.png 10w\" sizes=\"(max-width: 200px) 100vw, 200px\" \/><\/a><\/p>\n<h4 id=\"por-que-as-cascaveis-tem-chocalho\"><a href=\"https:\/\/www.youtube.com\/watch?v=HxrLqpJDsvI&amp;list=PLQSwC3UMEjiH2qK0mtlIMrL57GjSGWiVb&amp;index=8\">Por que as cascav\u00e9is t\u00eam chocalho?<\/a><\/h4>\n<p>A Bubu explica como s\u00e3o feitos os chocalhos de algumas cobras \u2013 e por que elas t\u00eam essa caracter\u00edstica t\u00e3o curiosa.<\/p>\n<p><a href=\"https:\/\/www.youtube.com\/watch?v=HxrLqpJDsvI&amp;list=PLQSwC3UMEjiH2qK0mtlIMrL57GjSGWiVb&amp;index=8\"><img loading=\"lazy\" class=\"aligncenter wp-image-4590\" src=\"https:\/\/revistacienciaecultura.org.br\/wp-content\/uploads\/2023\/08\/Captura-de-Tela-2023-08-09-a\u0300s-16.25.21.png\" alt=\"\" width=\"246\" height=\"250\" srcset=\"https:\/\/revistacienciaecultura.org.br\/wp-content\/uploads\/2023\/08\/Captura-de-Tela-2023-08-09-a\u0300s-16.25.21.png 242w, https:\/\/revistacienciaecultura.org.br\/wp-content\/uploads\/2023\/08\/Captura-de-Tela-2023-08-09-a\u0300s-16.25.21-12x12.png 12w, https:\/\/revistacienciaecultura.org.br\/wp-content\/uploads\/2023\/08\/Captura-de-Tela-2023-08-09-a\u0300s-16.25.21-80x80.png 80w\" sizes=\"(max-width: 246px) 100vw, 246px\" \/><\/a><\/p>\n<h4 id=\"por-que-crianca-tem-que-tomar-vacina\"><a href=\"https:\/\/www.youtube.com\/watch?v=t4wKVINn52c&amp;list=PLQSwC3UMEjiH2qK0mtlIMrL57GjSGWiVb&amp;index=9\">Por que crian\u00e7a tem que tomar vacina?<\/a><\/h4>\n<p>As vacinas protegem contra v\u00e1rias doen\u00e7as e ajudam a gente \u2013 e quem est\u00e1 a nossa volta \u2013 ficar mais saud\u00e1vel. Desde 1796, elas vem garantindo qualidade de vida para todos.<\/p>\n<p><a href=\"https:\/\/www.youtube.com\/watch?v=t4wKVINn52c&amp;list=PLQSwC3UMEjiH2qK0mtlIMrL57GjSGWiVb&amp;index=9\"><img loading=\"lazy\" class=\"aligncenter wp-image-4591\" src=\"https:\/\/revistacienciaecultura.org.br\/wp-content\/uploads\/2023\/08\/Captura-de-Tela-2023-08-09-a\u0300s-16.25.42-217x300.png\" alt=\"\" width=\"181\" height=\"250\" srcset=\"https:\/\/revistacienciaecultura.org.br\/wp-content\/uploads\/2023\/08\/Captura-de-Tela-2023-08-09-a\u0300s-16.25.42-217x300.png 217w, https:\/\/revistacienciaecultura.org.br\/wp-content\/uploads\/2023\/08\/Captura-de-Tela-2023-08-09-a\u0300s-16.25.42-9x12.png 9w, https:\/\/revistacienciaecultura.org.br\/wp-content\/uploads\/2023\/08\/Captura-de-Tela-2023-08-09-a\u0300s-16.25.42.png 252w\" sizes=\"(max-width: 181px) 100vw, 181px\" \/><\/a><\/p>\n<h4 id=\"por-que-a-picada-do-mosquito-coca\"><a href=\"https:\/\/www.youtube.com\/watch?v=NriOa_LisMA&amp;list=PLQSwC3UMEjiH2qK0mtlIMrL57GjSGWiVb&amp;index=10\">Por que a picada do mosquito co\u00e7a?<\/a><\/h4>\n<p>A Bubu descobriu o motivo de tanto co\u00e7a-co\u00e7a em um bate-papo com o pesquisador cient\u00edfico do Butantan Lincoln Suesdek.<\/p>\n<p><a href=\"https:\/\/www.youtube.com\/watch?v=NriOa_LisMA&amp;list=PLQSwC3UMEjiH2qK0mtlIMrL57GjSGWiVb&amp;index=10\"><img loading=\"lazy\" class=\"aligncenter wp-image-4592\" src=\"https:\/\/revistacienciaecultura.org.br\/wp-content\/uploads\/2023\/08\/Captura-de-Tela-2023-08-09-a\u0300s-16.26.03.png\" alt=\"\" width=\"205\" height=\"250\" srcset=\"https:\/\/revistacienciaecultura.org.br\/wp-content\/uploads\/2023\/08\/Captura-de-Tela-2023-08-09-a\u0300s-16.26.03.png 244w, https:\/\/revistacienciaecultura.org.br\/wp-content\/uploads\/2023\/08\/Captura-de-Tela-2023-08-09-a\u0300s-16.26.03-10x12.png 10w\" sizes=\"(max-width: 205px) 100vw, 205px\" \/><\/a><\/p>\n","protected":false},"excerpt":{"rendered":"S\u00e9rie do Butantan estimula a curiosidade e o interesse das crian\u00e7as pela&hellip;\n","protected":false},"author":19,"featured_media":4595,"comment_status":"open","ping_status":"open","sticky":false,"template":"","format":"standard","meta":[],"categories":[1,2],"tags":[],"acf":[],"_links":{"self":[{"href":"https:\/\/revistacienciaecultura.org.br\/index.php?rest_route=\/wp\/v2\/posts\/4581"}],"collection":[{"href":"https:\/\/revistacienciaecultura.org.br\/index.php?rest_route=\/wp\/v2\/posts"}],"about":[{"href":"https:\/\/revistacienciaecultura.org.br\/index.php?rest_route=\/wp\/v2\/types\/post"}],"author":[{"embeddable":true,"href":"https:\/\/revistacienciaecultura.org.br\/index.php?rest_route=\/wp\/v2\/users\/19"}],"replies":[{"embeddable":true,"href":"https:\/\/revistacienciaecultura.org.br\/index.php?rest_route=%2Fwp%2Fv2%2Fcomments&post=4581"}],"version-history":[{"count":2,"href":"https:\/\/revistacienciaecultura.org.br\/index.php?rest_route=\/wp\/v2\/posts\/4581\/revisions"}],"predecessor-version":[{"id":4594,"href":"https:\/\/revistacienciaecultura.org.br\/index.php?rest_route=\/wp\/v2\/posts\/4581\/revisions\/4594"}],"wp:featuredmedia":[{"embeddable":true,"href":"https:\/\/revistacienciaecultura.org.br\/index.php?rest_route=\/wp\/v2\/media\/4595"}],"wp:attachment":[{"href":"https:\/\/revistacienciaecultura.org.br\/index.php?rest_route=%2Fwp%2Fv2%2Fmedia&parent=4581"}],"wp:term":[{"taxonomy":"category","embeddable":true,"href":"https:\/\/revistacienciaecultura.org.br\/index.php?rest_route=%2Fwp%2Fv2%2Fcategories&post=4581"},{"taxonomy":"post_tag","embeddable":true,"href":"https:\/\/revistacienciaecultura.org.br\/index.php?rest_route=%2Fwp%2Fv2%2Ftags&post=4581"}],"curies":[{"name":"wp","href":"https:\/\/api.w.org\/{rel}","templated":true}]}}