{"id":4597,"date":"2023-08-11T11:06:34","date_gmt":"2023-08-11T11:06:34","guid":{"rendered":"https:\/\/revistacienciaecultura.org.br\/?p=4597"},"modified":"2023-08-11T11:06:34","modified_gmt":"2023-08-11T11:06:34","slug":"ciencia-e-desenvolvimento","status":"publish","type":"post","link":"https:\/\/revistacienciaecultura.org.br\/?p=4597","title":{"rendered":"Ci\u00eancia e desenvolvimento"},"content":{"rendered":"<h4 id=\"ciencia-tecnologia-e-inovacao-sao-fundamentais-nas-discussoes-para-se-acabar-com-a-pobreza-proteger-o-meio-ambiente-e-o-clima-e-garantir-uma-sociedade-mais-justa\"><span style=\"color: #808080;\">Ci\u00eancia, tecnologia e inova\u00e7\u00e3o s\u00e3o fundamentais nas discuss\u00f5es para se acabar com a pobreza, proteger o meio ambiente e o clima e garantir uma sociedade mais justa<\/span><\/h4>\n<p>&nbsp;<\/p>\n<p>N\u00e3o \u00e9 mais poss\u00edvel pensar em desenvolvimento sem sustentabilidade \u2013 e a ci\u00eancia \u00e9 o caminho para se alcan\u00e7ar os dois. Os avan\u00e7os alcan\u00e7ados pela ci\u00eancia nessas \u00faltimas d\u00e9cadas mudou nossas condi\u00e7\u00f5es de vida e s\u00e3o fundamentais para o bem-estar e sobreviv\u00eancia do ser humano.<\/p>\n<p>Neste cen\u00e1rio, \u00e9 imprescind\u00edvel aproveitar o completo potencial da ci\u00eancia e tecnologia para o benef\u00edcio de todas as pessoas, em todo lugar. Francilene Proc\u00f3pio Garcia, professora do Departamento de Sistemas e Computa\u00e7\u00e3o (DSC) da Universidade Federal da Para\u00edba (UFPB) e vice-presidente da Sociedade Brasileira para o Progresso da Ci\u00eancia (SBPC), lembra que a ci\u00eancia tem sido um dos pilares fundamentais na hist\u00f3ria da humanidade e \u00e9 uma ferramenta essencial para permitir uma melhor compreens\u00e3o dos desafios atuais. \u201cA ci\u00eancia \u00e9 fundamental para avan\u00e7armos rumo a uma inova\u00e7\u00e3o, a uma economia verde, onde teremos que transitar desse mundo de tecnologias sujas para um mundo de tecnologias limpas e enfrentar de maneira muito mais salutar as quest\u00f5es clim\u00e1ticas\u201d, aponta.<\/p>\n<p>A ci\u00eancia proporciona avan\u00e7os com impacto direto na qualidade de vida da popula\u00e7\u00e3o e tamb\u00e9m na competitividade do Brasil em \u00e2mbito global. Esses avan\u00e7os muitas vezes permitem a redu\u00e7\u00e3o de custos com o aumento da efici\u00eancia dos processos, al\u00e9m de levar ao desenvolvimento de produtos e servi\u00e7os inovadores, explica Giselle Zenker Justo, professora da Universidade Federal de S\u00e3o Paulo (Unifesp) e secret\u00e1ria regional de S\u00e3o Paulo (SP I) da SBPC. \u201cComo conseguiremos contribuir para avan\u00e7os em \u00e1reas como sa\u00fade ou agricultura, que contribuir\u00e3o para erradicar a pobreza e a fome, sem a ci\u00eancia? N\u00e3o tem como. E essas s\u00e3o \u00e1reas que eu acredito que andam em juntas tamb\u00e9m com \u00e1reas como energia limpa, meio ambiente e a pr\u00f3pria ind\u00fastria. Ent\u00e3o s\u00e3o v\u00e1rios aspectos que devem ser levados em conta\u201d, explica.<\/p>\n<p>Por isso, \u00e9 necess\u00e1rio garantir que a ci\u00eancia seja integrada ao desenvolvimento de pol\u00edticas nacionais e que as pol\u00edticas considerem tanto o conhecimento cient\u00edfico quanto as necessidades da ci\u00eancia. Para Ernane Xavier da Costa, professor e coordenador do Laborat\u00f3rio de F\u00edsica Aplicada e Computacional (LAFAC) da Faculdade de Zootecnia e Engenharia de Alimentos da Universidade de S\u00e3o Paulo (USP), a ci\u00eancia ainda tem outra fun\u00e7\u00e3o essencial, que \u00e9 libertar o indiv\u00edduo, contribuindo para que tenha mais consci\u00eancia de seu entorno e do impacto que suas a\u00e7\u00f5es causam no ambiente e na sociedade, al\u00e9m de valorizar o conhecimento e incentivar a reflex\u00e3o. \u201cQuando a ci\u00eancia liberta o ato de pensar, a\u00ed come\u00e7amos a n\u00e3o ver mais sentido em coisas simples como acabar de tomar um refrigerante e jogar a lata na rua, ir ao supermercado e aceitar um saco pl\u00e1stico para carregar o alimento, usar o carro quando posso andar, o que at\u00e9 faz bem para a sa\u00fade. Quando o indiv\u00edduo se apodera da capacidade cient\u00edfica do seu entorno, ele melhora como ser social, como ser humano, ent\u00e3o isso \u00e9 fundamental\u201d, defende.<\/p>\n<p>&nbsp;<\/p>\n<p><strong>Assista ao v\u00eddeo na \u00edntegra:<\/strong><\/p>\n<p><iframe loading=\"lazy\" title=\"Ci\u00eancia e Desenvolvimento\" width=\"1200\" height=\"675\" src=\"https:\/\/www.youtube.com\/embed\/dzzQNXjCGt4?feature=oembed\" frameborder=\"0\" allow=\"accelerometer; autoplay; clipboard-write; encrypted-media; gyroscope; picture-in-picture; web-share\" allowfullscreen><\/iframe><\/p>\n","protected":false},"excerpt":{"rendered":"Ci\u00eancia, tecnologia e inova\u00e7\u00e3o s\u00e3o fundamentais nas discuss\u00f5es para se acabar com&hellip;\n","protected":false},"author":19,"featured_media":4598,"comment_status":"open","ping_status":"open","sticky":false,"template":"","format":"standard","meta":[],"categories":[5],"tags":[],"acf":[],"_links":{"self":[{"href":"https:\/\/revistacienciaecultura.org.br\/index.php?rest_route=\/wp\/v2\/posts\/4597"}],"collection":[{"href":"https:\/\/revistacienciaecultura.org.br\/index.php?rest_route=\/wp\/v2\/posts"}],"about":[{"href":"https:\/\/revistacienciaecultura.org.br\/index.php?rest_route=\/wp\/v2\/types\/post"}],"author":[{"embeddable":true,"href":"https:\/\/revistacienciaecultura.org.br\/index.php?rest_route=\/wp\/v2\/users\/19"}],"replies":[{"embeddable":true,"href":"https:\/\/revistacienciaecultura.org.br\/index.php?rest_route=%2Fwp%2Fv2%2Fcomments&post=4597"}],"version-history":[{"count":2,"href":"https:\/\/revistacienciaecultura.org.br\/index.php?rest_route=\/wp\/v2\/posts\/4597\/revisions"}],"predecessor-version":[{"id":4600,"href":"https:\/\/revistacienciaecultura.org.br\/index.php?rest_route=\/wp\/v2\/posts\/4597\/revisions\/4600"}],"wp:featuredmedia":[{"embeddable":true,"href":"https:\/\/revistacienciaecultura.org.br\/index.php?rest_route=\/wp\/v2\/media\/4598"}],"wp:attachment":[{"href":"https:\/\/revistacienciaecultura.org.br\/index.php?rest_route=%2Fwp%2Fv2%2Fmedia&parent=4597"}],"wp:term":[{"taxonomy":"category","embeddable":true,"href":"https:\/\/revistacienciaecultura.org.br\/index.php?rest_route=%2Fwp%2Fv2%2Fcategories&post=4597"},{"taxonomy":"post_tag","embeddable":true,"href":"https:\/\/revistacienciaecultura.org.br\/index.php?rest_route=%2Fwp%2Fv2%2Ftags&post=4597"}],"curies":[{"name":"wp","href":"https:\/\/api.w.org\/{rel}","templated":true}]}}