{"id":4601,"date":"2023-08-15T07:30:38","date_gmt":"2023-08-15T07:30:38","guid":{"rendered":"https:\/\/revistacienciaecultura.org.br\/?p=4601"},"modified":"2023-08-15T11:13:55","modified_gmt":"2023-08-15T11:13:55","slug":"abc-e-sbpc-reunem-se-com-representantes-do-mcti-para-discutir-organizacao-do-fndct-e-orcamento-de-2024","status":"publish","type":"post","link":"https:\/\/revistacienciaecultura.org.br\/?p=4601","title":{"rendered":"ABC e SBPC re\u00fanem-se com representantes do MCTI para discutir organiza\u00e7\u00e3o do FNDCT e or\u00e7amento de 2024"},"content":{"rendered":"<h4 id=\"em-encontro-com-a-ministra-da-pasta-luciana-santos-e-seu-secretario-executivo-luis-fernandes-os-presidentes-das-duas-entidades-manifestaram-preocupacoes-com-portaria-que-altera-organizacao-e-funci\"><span style=\"color: #808080;\">Em encontro com a ministra da Pasta, Luciana Santos, e seu secret\u00e1rio-executivo, Luis Fernandes, os presidentes das duas entidades manifestaram preocupa\u00e7\u00f5es com portaria que altera organiza\u00e7\u00e3o e funcionamento do FNDCT e com andamento do Projeto de Lei Or\u00e7ament\u00e1ria Anual de 2024<\/span><\/h4>\n<p>&nbsp;<\/p>\n<p>Na manh\u00e3 de quinta-feira, 10 de agosto, na Academia Brasileira de Ci\u00eancias \u2013 ABC, no Rio de Janeiro, a presidente da ABC, Helena Nader, e o presidente da Sociedade Brasileira para o Progresso da Ci\u00eancia \u2013 SBPC, Renato Janine Ribeiro, receberam a ministra Luciana Santos, da Ci\u00eancia, Tecnologia e Inova\u00e7\u00e3o, e seu secret\u00e1rio-executivo, Luis Fernandes. A reuni\u00e3o, solicitada pelas entidades, tinha por objetivo externar \u00e0s autoridades a preocupa\u00e7\u00e3o de ambas com a\u00a0<span style=\"color: #800000;\"><strong><a style=\"color: #800000;\" href=\"https:\/\/www.in.gov.br\/en\/web\/dou\/-\/portaria-mcti-n-7.176-de-27-de-junho-de-2023-492534994\" target=\"_blank\" rel=\"noopener\">Portaria 7176\/2023<\/a><\/strong><\/span>, cujos termos causaram preocupa\u00e7\u00e3o na comunidade cient\u00edfica, por colocarem em risco o car\u00e1ter deliberativo e decis\u00f3rio do Conselho Diretor (CD) do Fundo Nacional de Desenvolvimento Cient\u00edfico e Tecnol\u00f3gico \u2013 FNDCT, previsto na Lei 11540\/2007.<\/p>\n<p>As autoridades do MCTI afirmaram, claramente, que tal n\u00e3o \u00e9 a inten\u00e7\u00e3o do Minist\u00e9rio; que a Portaria tem car\u00e1ter provis\u00f3rio e que o prop\u00f3sito do MCTI \u00e9, ainda este ano, substitu\u00ed-la por uma Resolu\u00e7\u00e3o do CD, que estabele\u00e7a os procedimentos de financiamento de recursos, tanto reembols\u00e1veis quanto n\u00e3o reembols\u00e1veis, cuja defini\u00e7\u00e3o incumbe ao referido Conselho.<\/p>\n<p>As entidades tamb\u00e9m foram informadas do andamento do Projeto de Lei Or\u00e7ament\u00e1ria Anual (PLOA) referente a 2024, no qual o MCTI envida esfor\u00e7os para n\u00e3o apenas n\u00e3o sofrer cortes, como conseguir uma eleva\u00e7\u00e3o dos recursos, necess\u00e1rios para recompor o desgaste sofrido nos \u00faltimos anos e, ainda, atender ao crescimento da demanda e, sobretudo, \u00e0s potencialidades de desenvolvimento econ\u00f4mico e social de nosso pa\u00eds.<\/p>\n<p>Por fim, entidades e autoridades manifestaram satisfa\u00e7\u00e3o com a audi\u00eancia, bem como a disposi\u00e7\u00e3o a realizar tais encontros com regularidade mensal ou bimestral, a fim de termos uma interlocu\u00e7\u00e3o direta da dire\u00e7\u00e3o da ABC e da SBPC com o Minist\u00e9rio.<\/p>\n<p>&nbsp;<\/p>\n<p><span style=\"color: #808080;\"><em>Renato Janine Ribeiro<\/em><\/span><\/p>\n<p><span style=\"color: #808080;\"><em>Presidente da SBPC<\/em><\/span><\/p>\n<p><span style=\"color: #808080;\"><em>\u00a0<\/em><\/span><\/p>\n<p><span style=\"color: #808080;\"><em>Helena Bonciani Nader<\/em><\/span><\/p>\n<p><span style=\"color: #808080;\"><em>Presidente da ABC<\/em><\/span><\/p>\n","protected":false},"excerpt":{"rendered":"Em encontro com a ministra da Pasta, Luciana Santos, e seu secret\u00e1rio-executivo,&hellip;\n","protected":false},"author":19,"featured_media":4602,"comment_status":"open","ping_status":"open","sticky":false,"template":"","format":"standard","meta":[],"categories":[1,2],"tags":[],"acf":[],"_links":{"self":[{"href":"https:\/\/revistacienciaecultura.org.br\/index.php?rest_route=\/wp\/v2\/posts\/4601"}],"collection":[{"href":"https:\/\/revistacienciaecultura.org.br\/index.php?rest_route=\/wp\/v2\/posts"}],"about":[{"href":"https:\/\/revistacienciaecultura.org.br\/index.php?rest_route=\/wp\/v2\/types\/post"}],"author":[{"embeddable":true,"href":"https:\/\/revistacienciaecultura.org.br\/index.php?rest_route=\/wp\/v2\/users\/19"}],"replies":[{"embeddable":true,"href":"https:\/\/revistacienciaecultura.org.br\/index.php?rest_route=%2Fwp%2Fv2%2Fcomments&post=4601"}],"version-history":[{"count":1,"href":"https:\/\/revistacienciaecultura.org.br\/index.php?rest_route=\/wp\/v2\/posts\/4601\/revisions"}],"predecessor-version":[{"id":4603,"href":"https:\/\/revistacienciaecultura.org.br\/index.php?rest_route=\/wp\/v2\/posts\/4601\/revisions\/4603"}],"wp:featuredmedia":[{"embeddable":true,"href":"https:\/\/revistacienciaecultura.org.br\/index.php?rest_route=\/wp\/v2\/media\/4602"}],"wp:attachment":[{"href":"https:\/\/revistacienciaecultura.org.br\/index.php?rest_route=%2Fwp%2Fv2%2Fmedia&parent=4601"}],"wp:term":[{"taxonomy":"category","embeddable":true,"href":"https:\/\/revistacienciaecultura.org.br\/index.php?rest_route=%2Fwp%2Fv2%2Fcategories&post=4601"},{"taxonomy":"post_tag","embeddable":true,"href":"https:\/\/revistacienciaecultura.org.br\/index.php?rest_route=%2Fwp%2Fv2%2Ftags&post=4601"}],"curies":[{"name":"wp","href":"https:\/\/api.w.org\/{rel}","templated":true}]}}