{"id":4605,"date":"2023-08-16T07:30:39","date_gmt":"2023-08-16T07:30:39","guid":{"rendered":"https:\/\/revistacienciaecultura.org.br\/?p=4605"},"modified":"2023-08-15T19:43:09","modified_gmt":"2023-08-15T19:43:09","slug":"inteligencia-artificial-na-america-latina","status":"publish","type":"post","link":"https:\/\/revistacienciaecultura.org.br\/?p=4605","title":{"rendered":"Intelig\u00eancia artificial na Am\u00e9rica Latina"},"content":{"rendered":"<h4 id=\"a-regiao-ja-conta-com-valiosas-iniciativas-de-ia-em-questoes-ambientais-e-de-direitos-humanos-no-entanto-ha-preocupacao-com-possiveis-manipulacoes-com-algoritmos\"><span style=\"color: #808080;\">A regi\u00e3o j\u00e1 conta com valiosas iniciativas de IA em quest\u00f5es ambientais e de direitos humanos; no entanto, h\u00e1 preocupa\u00e7\u00e3o com poss\u00edveis manipula\u00e7\u00f5es com algoritmos<\/span><\/h4>\n<p>&nbsp;<\/p>\n<p>A invas\u00e3o da intelig\u00eancia artificial (IA) carrega o potencial de reestruturar aspectos centrais da vida e do trabalho na Am\u00e9rica Latina, especialmente em quest\u00f5es de inclus\u00e3o social, sa\u00fade e mudan\u00e7a clim\u00e1tica. Com isso em vista, a Argentina recentemente aprovou um dispositivo que busca enfrentar esses desafios de forma &#8220;transparente, equitativa e respons\u00e1vel&#8221;.<\/p>\n<p>A Subsecretaria de Tecnologias da Informa\u00e7\u00e3o argentina se baseou na Recomenda\u00e7\u00e3o da <span style=\"color: #800000;\"><strong><a style=\"color: #800000;\" href=\"https:\/\/www.unesco.org\/pt\">Unesco<\/a><\/strong><\/span> sobre a \u00c9tica da Intelig\u00eancia Artificial, que afirma que a IA \u201ctem criado muitas oportunidades globalmente, desde facilitar diagn\u00f3sticos de sa\u00fade at\u00e9 possibilitar conex\u00f5es humanas por meio de redes sociais\u201d, mas tamb\u00e9m tem gerado grandes preocupa\u00e7\u00f5es. Entre elas, a coleta de dados para treinar algoritmos em \u00e1reas t\u00e3o sens\u00edveis quanto casos criminais, informa\u00e7\u00f5es m\u00e9dicas e caracter\u00edsticas pessoais como ra\u00e7a, sexo, idade, religi\u00e3o ou opini\u00f5es pol\u00edticas, muitas vezes usadas &#8220;como base para publicidade direcionada e manipula\u00e7\u00e3o do comportamento&#8221;.<\/p>\n<p>A Am\u00e9rica Latina e o Caribe det\u00eam apenas 1% das patentes de IA do mundo, revela um <span style=\"color: #800000;\"><strong><a style=\"color: #800000;\" href=\"https:\/\/publications.iadb.org\/es\/la-inteligencia-artificial-al-servicio-del-bien-social-en-america-latina-y-el-caribe-panor%C3%A1mica-regional-e-instant%C3%A1neas-de-doce-paises\">relat\u00f3rio<\/a><\/strong> <\/span>do Banco Interamericano de Desenvolvimento e do <em>think tank<\/em> C Minds. Diante desse panorama, \u00e9 necess\u00e1rio fortalecer as capacidades regionais e nacionais, deixando para tr\u00e1s um modelo de \u201cautorregula\u00e7\u00e3o\u201d que \u201ch\u00e1 muito tempo prioriza objetivos comerciais e geopol\u00edticos sobre as pessoas\u201d, afirma a Unesco. A maior parte desses sistemas nem sequer explicam como chegam aos seus resultados.<\/p>\n<p>Nesse sentido, as Recomenda\u00e7\u00f5es para uma Intelig\u00eancia Artificial confi\u00e1vel aprovadas na Argentina prop\u00f5em um ciclo de implementa\u00e7\u00e3o que contempla a forma\u00e7\u00e3o de equipes multidisciplinares, treinamento sobre o funcionamento e implica\u00e7\u00f5es da IA \u200b\u200be instrumentos de controle para identificar responsabilidades e promover a presta\u00e7\u00e3o de contas.<\/p>\n<p>&nbsp;<\/p>\n<h4 id=\"falta-de-conhecimento\"><strong>Falta de conhecimento<\/strong><\/h4>\n<p>De acordo com especialistas, a falta de conhecimento sobre como os sistemas de IA podem apresentar riscos aos direitos de privacidade, especialmente em processos que muitas vezes s\u00e3o percebidos como aut\u00f4nomos: empr\u00e9stimos banc\u00e1rios, cess\u00f5es governamentais e tratamento de dados pessoais. Na mesma linha, h\u00e1 uma preocupa\u00e7\u00e3o com a falta de integra\u00e7\u00e3o das mulheres no desenvolvimento e governan\u00e7a dos sistemas de IA. \u201cApenas Argentina (com 34%), M\u00e9xico (27%) e Brasil (26%) est\u00e3o entre os primeiros 34 pa\u00edses onde as diferen\u00e7as de g\u00eanero na participa\u00e7\u00e3o em publica\u00e7\u00f5es sobre IA s\u00e3o menos marcantes\u201d, especifica o estudo.<\/p>\n<p>&nbsp;<\/p>\n<h4 id=\"oportunidades\"><strong>Oportunidades<\/strong><\/h4>\n<p>Apesar das disparidades, n\u00e3o \u00e9 poss\u00edvel ignorar a oportunidade que esta tecnologia representa, por exemplo, para a gest\u00e3o dos recursos h\u00eddricos: \u201cH\u00e1 pouca informa\u00e7\u00e3o sobre os nossos aqu\u00edferos. Ao pesquisar e estudar dados clim\u00e1ticos e geol\u00f3gicos, a IA pode nos ajudar a garantir o direito humano \u00e0 \u00e1gua.\u201d Por\u00e9m, o pleno aproveitamento dessas tecnologias depender\u00e1 de um efetivo alinhamento de todos os <em>players<\/em> do setor, da forma\u00e7\u00e3o de talentos locais e da decis\u00e3o de colocar o ser humano no centro das conversas, diz o relat\u00f3rio. S\u00f3 assim, conclui, ser\u00e1 poss\u00edvel \u201cprojetar a voz e a experi\u00eancia da Am\u00e9rica Latina\u201d sob princ\u00edpios \u00e9ticos inclusivos que contribuam para a prosperidade e a justi\u00e7a.<\/p>\n<h6 id=\"com-informacoes-de-scidev-net\"><span style=\"color: #808080;\"><em>Com informa\u00e7\u00f5es de <a style=\"color: #808080;\" href=\"https:\/\/www.scidev.net\/\">SciDev.Net<\/a><\/em><\/span><\/h6>\n<p>&nbsp;<\/p>\n<h6 id=\"foto-freepik-com\">Foto: <a href=\"http:\/\/Freepik.com\">Freepik.com<\/a><\/h6>\n","protected":false},"excerpt":{"rendered":"A regi\u00e3o j\u00e1 conta com valiosas iniciativas de IA em quest\u00f5es ambientais&hellip;\n","protected":false},"author":19,"featured_media":4607,"comment_status":"open","ping_status":"open","sticky":false,"template":"","format":"standard","meta":[],"categories":[1,2],"tags":[],"acf":[],"_links":{"self":[{"href":"https:\/\/revistacienciaecultura.org.br\/index.php?rest_route=\/wp\/v2\/posts\/4605"}],"collection":[{"href":"https:\/\/revistacienciaecultura.org.br\/index.php?rest_route=\/wp\/v2\/posts"}],"about":[{"href":"https:\/\/revistacienciaecultura.org.br\/index.php?rest_route=\/wp\/v2\/types\/post"}],"author":[{"embeddable":true,"href":"https:\/\/revistacienciaecultura.org.br\/index.php?rest_route=\/wp\/v2\/users\/19"}],"replies":[{"embeddable":true,"href":"https:\/\/revistacienciaecultura.org.br\/index.php?rest_route=%2Fwp%2Fv2%2Fcomments&post=4605"}],"version-history":[{"count":3,"href":"https:\/\/revistacienciaecultura.org.br\/index.php?rest_route=\/wp\/v2\/posts\/4605\/revisions"}],"predecessor-version":[{"id":4608,"href":"https:\/\/revistacienciaecultura.org.br\/index.php?rest_route=\/wp\/v2\/posts\/4605\/revisions\/4608"}],"wp:featuredmedia":[{"embeddable":true,"href":"https:\/\/revistacienciaecultura.org.br\/index.php?rest_route=\/wp\/v2\/media\/4607"}],"wp:attachment":[{"href":"https:\/\/revistacienciaecultura.org.br\/index.php?rest_route=%2Fwp%2Fv2%2Fmedia&parent=4605"}],"wp:term":[{"taxonomy":"category","embeddable":true,"href":"https:\/\/revistacienciaecultura.org.br\/index.php?rest_route=%2Fwp%2Fv2%2Fcategories&post=4605"},{"taxonomy":"post_tag","embeddable":true,"href":"https:\/\/revistacienciaecultura.org.br\/index.php?rest_route=%2Fwp%2Fv2%2Ftags&post=4605"}],"curies":[{"name":"wp","href":"https:\/\/api.w.org\/{rel}","templated":true}]}}