{"id":4611,"date":"2023-08-22T07:30:07","date_gmt":"2023-08-22T07:30:07","guid":{"rendered":"https:\/\/revistacienciaecultura.org.br\/?p=4611"},"modified":"2023-08-21T19:28:44","modified_gmt":"2023-08-21T19:28:44","slug":"ufpa-e-sbpc-realizam-evento-de-lancamento-da-76a-reuniao-anual-da-sbpc","status":"publish","type":"post","link":"https:\/\/revistacienciaecultura.org.br\/?p=4611","title":{"rendered":"UFPA e SBPC realizam evento de lan\u00e7amento da 76\u00aa Reuni\u00e3o Anual da SBPC"},"content":{"rendered":"<h4 id=\"universidade-sediara-o-maior-evento-cientifico-da-america-latina-em-julho-de-2024-sessao-que-da-o-pontape-nos-preparativos-do-evento-sera-realizada-nesta-quarta-feira-23-de-agosto-no-campus-da-ufpa\"><span style=\"color: #808080;\">Universidade sediar\u00e1 o maior evento cient\u00edfico da Am\u00e9rica Latina em julho de 2024. Sess\u00e3o que d\u00e1 o pontap\u00e9 nos preparativos do evento ser\u00e1 realizada nesta quarta-feira, 23 de agosto, no campus da UFPA, em Bel\u00e9m, com transmiss\u00e3o pelo YouTube<\/span><\/h4>\n<p>&nbsp;<\/p>\n<p>Em julho de 2024, a Universidade Federal do Par\u00e1 (UFPA) vai sediar a 76\u00aa Reuni\u00e3o Anual da Sociedade Brasileira para o Progresso da Ci\u00eancia (SBPC). No dia 23 de agosto, quarta-feira, das 9h30 \u00e0s 12h30, no Centro de Eventos Benedito Nunes (Setor B\u00e1sico do Campus da UFPA em Bel\u00e9m), ocorrer\u00e1 a sess\u00e3o de lan\u00e7amento do evento com o painel \u201cCi\u00eancia para um Futuro Sustent\u00e1vel e Inclusivo\u201d. A participa\u00e7\u00e3o \u00e9 aberta a toda a comunidade, sem necessidade de pr\u00e9via inscri\u00e7\u00e3o. Haver\u00e1 transmiss\u00e3o ao vivo tamb\u00e9m pelo Canal UFPA Oficial no\u00a0<a href=\"https:\/\/www.youtube.com\/@ufpaoficial9243\"><span style=\"color: #800000;\"><strong>YouTube<\/strong><\/span><\/a>.<\/p>\n<p>O painel contar\u00e1 com quatro palestras de pesquisadores da UFPA, com a coordena\u00e7\u00e3o do reitor da UFPA, Emmanuel Zagury Tourinho, e o debate ser\u00e1 conduzido pelo presidente da SBPC, Renato Janine Ribeiro, e pela secret\u00e1ria-geral da SBPC, Cl\u00e1udia Linhares Sales.<\/p>\n<p>O professor Everaldo Barreiros de Souza vai tratar o tema \u201cFloresta Amaz\u00f4nica e Mudan\u00e7as Clim\u00e1ticas\u201d; o professor Nils Edvin Asp Neto proferir\u00e1 a palestra \u201cExplora\u00e7\u00e3o de Recursos Naturais e Conserva\u00e7\u00e3o do Bioma Amaz\u00f4nico; a professora Edna Castro, abordar\u00e1 o assunto \u201cTransforma\u00e7\u00e3o no Territ\u00f3rio, Conflitos e Perspectiva Pol\u00edtica de Povos Amaz\u00f4nicos; e o professor Ant\u00f4nio Gomes Moreira Mau\u00e9s falara sobre \u201cDireitos Humanos na Amaz\u00f4nia\u201d.<\/p>\n<p>A escolha da UFPA para sediar a SBPC 2024 ocorreu em reuni\u00e3o do Conselho da Sociedade Cient\u00edfica, com aprova\u00e7\u00e3o un\u00e2nime dos seus membros. A Institui\u00e7\u00e3o j\u00e1 recebeu o evento em outras duas ocasi\u00f5es: em 1983, com as atividades ocorrendo no Campus Guam\u00e1; e, em 2007, com a concentra\u00e7\u00e3o das atividades no Hangar Centro de Conven\u00e7\u00f5es da Amaz\u00f4nia. Em 2024, o evento novamente ocupar\u00e1 os espa\u00e7os do campus, \u00e0s margens do rio Guam\u00e1.<\/p>\n<p><span style=\"color: #808080;\"><em>Assessoria de Comunica\u00e7\u00e3o Institucional da UFPA, com informa\u00e7\u00f5es da SBPC<\/em><\/span><\/p>\n<p>&nbsp;<\/p>\n<h6 id=\"foto-sbpc\">Foto: SBPC<\/h6>\n","protected":false},"excerpt":{"rendered":"Universidade sediar\u00e1 o maior evento cient\u00edfico da Am\u00e9rica Latina em julho de&hellip;\n","protected":false},"author":19,"featured_media":4501,"comment_status":"open","ping_status":"open","sticky":false,"template":"","format":"standard","meta":[],"categories":[1,2],"tags":[],"acf":[],"_links":{"self":[{"href":"https:\/\/revistacienciaecultura.org.br\/index.php?rest_route=\/wp\/v2\/posts\/4611"}],"collection":[{"href":"https:\/\/revistacienciaecultura.org.br\/index.php?rest_route=\/wp\/v2\/posts"}],"about":[{"href":"https:\/\/revistacienciaecultura.org.br\/index.php?rest_route=\/wp\/v2\/types\/post"}],"author":[{"embeddable":true,"href":"https:\/\/revistacienciaecultura.org.br\/index.php?rest_route=\/wp\/v2\/users\/19"}],"replies":[{"embeddable":true,"href":"https:\/\/revistacienciaecultura.org.br\/index.php?rest_route=%2Fwp%2Fv2%2Fcomments&post=4611"}],"version-history":[{"count":2,"href":"https:\/\/revistacienciaecultura.org.br\/index.php?rest_route=\/wp\/v2\/posts\/4611\/revisions"}],"predecessor-version":[{"id":4613,"href":"https:\/\/revistacienciaecultura.org.br\/index.php?rest_route=\/wp\/v2\/posts\/4611\/revisions\/4613"}],"wp:featuredmedia":[{"embeddable":true,"href":"https:\/\/revistacienciaecultura.org.br\/index.php?rest_route=\/wp\/v2\/media\/4501"}],"wp:attachment":[{"href":"https:\/\/revistacienciaecultura.org.br\/index.php?rest_route=%2Fwp%2Fv2%2Fmedia&parent=4611"}],"wp:term":[{"taxonomy":"category","embeddable":true,"href":"https:\/\/revistacienciaecultura.org.br\/index.php?rest_route=%2Fwp%2Fv2%2Fcategories&post=4611"},{"taxonomy":"post_tag","embeddable":true,"href":"https:\/\/revistacienciaecultura.org.br\/index.php?rest_route=%2Fwp%2Fv2%2Ftags&post=4611"}],"curies":[{"name":"wp","href":"https:\/\/api.w.org\/{rel}","templated":true}]}}