{"id":4615,"date":"2023-08-23T07:30:32","date_gmt":"2023-08-23T07:30:32","guid":{"rendered":"https:\/\/revistacienciaecultura.org.br\/?p=4615"},"modified":"2023-08-22T20:29:45","modified_gmt":"2023-08-22T20:29:45","slug":"agencia-da-onu-publica-atualizacao-global-de-dados-climaticos","status":"publish","type":"post","link":"https:\/\/revistacienciaecultura.org.br\/?p=4615","title":{"rendered":"Ag\u00eancia da ONU publica atualiza\u00e7\u00e3o global de dados clim\u00e1ticos"},"content":{"rendered":"<h4 id=\"omm-defende-atualizacao-periodica-de-referencias-padrao-de-30-anos-para-refletir-alteracoes\"><span style=\"color: #808080;\">OMM defende atualiza\u00e7\u00e3o peri\u00f3dica de refer\u00eancias padr\u00e3o de 30 anos para refletir altera\u00e7\u00f5es.<\/span><\/h4>\n<p><em>\u00a0<\/em><\/p>\n<p>Novos conjuntos de dados clim\u00e1ticos foram publicados ap\u00f3s um esfor\u00e7o da Organiza\u00e7\u00e3o Meteorol\u00f3gica Mundial (OMM) e dos Centros Nacionais de Informa\u00e7\u00f5es Ambientais dos Estados Unidos. As informa\u00e7\u00f5es atualizadas de mais de 140 pa\u00edses e milhares de locais s\u00e3o o equivalente clim\u00e1tico de um censo. Os dados s\u00e3o vitais para o monitoramento das mudan\u00e7as clim\u00e1ticas e para setores sens\u00edveis ao clima.<\/p>\n<p>A OMM explica que, para avaliar se um determinado dia, semana, m\u00eas ou ano \u00e9 mais quente, ou \u00famido do que a m\u00e9dia, s\u00e3o usados dados de 30 anos, conhecidos. A m\u00e9dia de longo prazo \u00e9 importante devido \u00e0 variabilidade natural do clima.<\/p>\n<p>Os Centros Nacionais de Informa\u00e7\u00f5es Ambientais dos EUA compartilharam os padr\u00f5es climatol\u00f3gicos de 1991 a 2020 para substituir a linha de base anterior, que cobria de 1981 a 2010. Outros pa\u00edses ainda enviar\u00e3o suas atualiza\u00e7\u00f5es nos pr\u00f3ximos meses. A OMM recomenda que os per\u00edodos de refer\u00eancia padr\u00e3o de 30 anos sejam atualizados a cada d\u00e9cada para refletir melhor as mudan\u00e7as clim\u00e1ticas e sua influ\u00eancia di\u00e1ria.<\/p>\n<p>&nbsp;<\/p>\n<h4 id=\"onda-de-calor\"><strong>Onda de calor<\/strong><\/h4>\n<p>Entidades das Na\u00e7\u00f5es Unidas atuam em conjunto para mitigar o efeito de ondas de calor na sequ\u00eancia de recentes epis\u00f3dios extremos em \u00e1reas do Hemisf\u00e9rio Norte, especialmente Am\u00e9rica do Norte, Europa e \u00c1sia.\u00a0Segundo a OMM, julho de 2023 \u00e9 oficialmente o m\u00eas mais quente j\u00e1 registrado, com temperaturas recordes registradas tanto na terra quanto no mar. As ondas de calor e os inc\u00eandios em todo o mundo fizeram a temperatura aumentar 0,33\u00b0C em rela\u00e7\u00e3o ao recorde estabelecido h\u00e1 quatro anos.<\/p>\n<p>&nbsp;<\/p>\n<h4 id=\"importancia-da-atualizacao-das-informacoes\"><strong>Import\u00e2ncia da atualiza\u00e7\u00e3o das informa\u00e7\u00f5es<\/strong><\/h4>\n<p>O aumento das concentra\u00e7\u00f5es atmosf\u00e9ricas de gases de efeito estufa est\u00e1 mudando o clima do planeta muito mais r\u00e1pido do que antes. Neste cen\u00e1rio, os tomadores de decis\u00e3o em setores e ind\u00fastrias sens\u00edveis ao clima, como gerenciamento de \u00e1gua, energia, sa\u00fade, agricultura e viticultura, podem basear decis\u00f5es importantes em informa\u00e7\u00f5es que podem estar desatualizadas. Por isso, \u00e9 necess\u00e1rio atualizar as normais clim\u00e1ticas dos servi\u00e7os operacionais, ajudar em decis\u00f5es como, por exemplo, previs\u00f5es de picos de energia e recomenda\u00e7\u00f5es sobre sele\u00e7\u00e3o de culturas e \u00e9pocas de plantio.<\/p>\n<p>O Congresso Meteorol\u00f3gico Mundial recomendou que a nova linha de base de 30 anos, entre 1991 e 2020, fosse adotada globalmente e prometeu apoio aos membros atualizar seus n\u00fameros. Para fins de compara\u00e7\u00e3o hist\u00f3rica e monitoramento das mudan\u00e7as clim\u00e1ticas, a OMM ainda recomenda a continua\u00e7\u00e3o do per\u00edodo 1961-1990 para o c\u00e1lculo e rastreamento de anomalias clim\u00e1ticas globais relativas a um per\u00edodo de refer\u00eancia fixo e comum.<\/p>\n<p>Sobre o Acordo de Paris sobre mudan\u00e7as clim\u00e1ticas e suas metas de temperatura, a OMM tamb\u00e9m usa o per\u00edodo pr\u00e9-industrial, de 1850 a 1900, para rastrear o aumento da temperatura global em seu relat\u00f3rio anual.<\/p>\n<p>Este ano, os dados revelaram que a temperatura m\u00e9dia global em 2022 foi cerca de 1,15\u00b0C acima da linha de base pr\u00e9-industrial.<\/p>\n<p><span style=\"color: #808080;\"><em>Com informa\u00e7\u00f5es da <a style=\"color: #808080;\" href=\"https:\/\/news.un.org\/\">ONU News<\/a><\/em><\/span><\/p>\n<p>&nbsp;<\/p>\n<h6 id=\"capa-yoann-boyer-unsplash-com\">Capa. Yoann Boyer\/ Unsplash.com<\/h6>\n","protected":false},"excerpt":{"rendered":"OMM defende atualiza\u00e7\u00e3o peri\u00f3dica de refer\u00eancias padr\u00e3o de 30 anos para refletir&hellip;\n","protected":false},"author":19,"featured_media":4616,"comment_status":"open","ping_status":"open","sticky":false,"template":"","format":"standard","meta":[],"categories":[1,2],"tags":[],"acf":[],"_links":{"self":[{"href":"https:\/\/revistacienciaecultura.org.br\/index.php?rest_route=\/wp\/v2\/posts\/4615"}],"collection":[{"href":"https:\/\/revistacienciaecultura.org.br\/index.php?rest_route=\/wp\/v2\/posts"}],"about":[{"href":"https:\/\/revistacienciaecultura.org.br\/index.php?rest_route=\/wp\/v2\/types\/post"}],"author":[{"embeddable":true,"href":"https:\/\/revistacienciaecultura.org.br\/index.php?rest_route=\/wp\/v2\/users\/19"}],"replies":[{"embeddable":true,"href":"https:\/\/revistacienciaecultura.org.br\/index.php?rest_route=%2Fwp%2Fv2%2Fcomments&post=4615"}],"version-history":[{"count":1,"href":"https:\/\/revistacienciaecultura.org.br\/index.php?rest_route=\/wp\/v2\/posts\/4615\/revisions"}],"predecessor-version":[{"id":4617,"href":"https:\/\/revistacienciaecultura.org.br\/index.php?rest_route=\/wp\/v2\/posts\/4615\/revisions\/4617"}],"wp:featuredmedia":[{"embeddable":true,"href":"https:\/\/revistacienciaecultura.org.br\/index.php?rest_route=\/wp\/v2\/media\/4616"}],"wp:attachment":[{"href":"https:\/\/revistacienciaecultura.org.br\/index.php?rest_route=%2Fwp%2Fv2%2Fmedia&parent=4615"}],"wp:term":[{"taxonomy":"category","embeddable":true,"href":"https:\/\/revistacienciaecultura.org.br\/index.php?rest_route=%2Fwp%2Fv2%2Fcategories&post=4615"},{"taxonomy":"post_tag","embeddable":true,"href":"https:\/\/revistacienciaecultura.org.br\/index.php?rest_route=%2Fwp%2Fv2%2Ftags&post=4615"}],"curies":[{"name":"wp","href":"https:\/\/api.w.org\/{rel}","templated":true}]}}