{"id":4623,"date":"2023-08-29T07:30:35","date_gmt":"2023-08-29T07:30:35","guid":{"rendered":"https:\/\/revistacienciaecultura.org.br\/?p=4623"},"modified":"2023-08-28T19:13:35","modified_gmt":"2023-08-28T19:13:35","slug":"fernando-novais-falara-sobre-independencia-em-evento-no-dia-6-de-setembro-na-sbpc","status":"publish","type":"post","link":"https:\/\/revistacienciaecultura.org.br\/?p=4623","title":{"rendered":"Fernando Novais falar\u00e1 sobre Independ\u00eancia em evento no dia 6 de setembro na SBPC"},"content":{"rendered":"<h4 id=\"referencia-na-historiografia-brasileira-historiador-e-professor-emerito-da-usp-apresentara-a-conferencia-independencia-historiografia-e-historia-no-centro-maria-antonia-em-sao-pa\"><span style=\"color: #808080;\">Refer\u00eancia na historiografia brasileira, historiador e professor em\u00e9rito da USP apresentar\u00e1 a confer\u00eancia \u201cIndepend\u00eancia: historiografia e hist\u00f3ria\u201d, no Centro Maria Antonia, em S\u00e3o Paulo. Vagas para participa\u00e7\u00e3o presencial no evento s\u00e3o limitadas<\/span><\/h4>\n<p>&nbsp;<\/p>\n<p>A Sociedade Brasileira para o Progresso da Ci\u00eancia (SBPC) realiza no dia 6 de setembro, \u00e0s 16h, uma confer\u00eancia com o historiador e professor em\u00e9rito da Universidade de S\u00e3o Paulo (USP), Fernando Antonio Novais. No encontro, ele falar\u00e1 sobre \u201cIndepend\u00eancia: historiografia e hist\u00f3ria\u201d.<\/p>\n<p>Com mais de 60 anos de carreira, Fernando Novais \u00e9 um dos maiores historiadores brasileiros dos nossos tempos. Graduou-se em 1958 pela Faculdade de Filosofia, Ci\u00eancias e Letras (atual FFLCH) da USP, onde lecionou Hist\u00f3ria Moderna e Contempor\u00e2nea de 1961 a 1986. Transferiu-se, ent\u00e3o, para o Instituto de Economia da Unicamp, aposentando-se em 2003.<\/p>\n<p>Sua tese de doutorado tornou-se uma obra cl\u00e1ssica da historiografia brasileira, o livro \u201cPortugal e Brasil na Crise do Antigo Sistema Colonial\u201d. Novais tamb\u00e9m \u00e9 autor de outras dezenas de trabalhos importantes sobre hist\u00f3ria e historiografia. Atuou ainda como professor e pesquisador visitante em universidades de Portugal e dos Estados Unidos, al\u00e9m de ministrar cursos em institui\u00e7\u00f5es da Fran\u00e7a e da B\u00e9lgica.<\/p>\n<p>\u201cO fato de realizamos esta confer\u00eancia com Fernando Novaes, para celebrarmos o 7 de setembro, mostra a import\u00e2ncia que a SBPC confere, n\u00e3o s\u00f3 \u00e0 Independ\u00eancia do Brasil, com uma necess\u00e1ria an\u00e1lise cr\u00edtica dessa data, mas, tamb\u00e9m, ao fato de que estamos tratando deste tema sob a \u00e9gide da luta pela democracia, com a participa\u00e7\u00e3o de pesquisadores de alto quilate\u201d, comenta o presidente da SBPC, Renato Janine Ribeiro.<\/p>\n<p>Aberta a todos e gratuita, a confer\u00eancia acontece no audit\u00f3rio do Centro Maria Antonia da USP, em S\u00e3o Paulo, com vagas limitadas. Para garantir a participa\u00e7\u00e3o, a SBPC disponibilizou um formul\u00e1rio de inscri\u00e7\u00e3o online,\u00a0<a href=\"https:\/\/docs.google.com\/forms\/d\/e\/1FAIpQLSf4ant-SzEN9PB6ah-CMb7YR5Mv1wTbExYhWPWmEb5d-2gUIA\/viewform\" target=\"_blank\" rel=\"noopener\"><span style=\"color: #800000;\"><strong>que pode ser preenchido neste link<\/strong><\/span><\/a>.<\/p>\n<p>Aos que n\u00e3o puderem comparecer ao local, haver\u00e1 transmiss\u00e3o ao vivo pelo canal da SBPC no YouTube (<span style=\"color: #800000;\"><strong><a style=\"color: #800000;\" href=\"http:\/\/www.youtube.com\/canalsbpc\">www.youtube.com\/canalsbpc<\/a><\/strong><\/span>).<\/p>\n<p>&nbsp;<\/p>\n<h4 id=\"servico\"><strong>Servi\u00e7o:<\/strong><\/h4>\n<p><strong>Confer\u00eancia:<\/strong>\u00a0\u201cIndepend\u00eancia: historiografia e hist\u00f3ria\u201d<\/p>\n<p><strong>Data:<\/strong>\u00a0quarta-feira, 06 de setembro, \u00e0s 16h<\/p>\n<p><strong>Local:<\/strong>\u00a0Sal\u00e3o Nobre do Centro Maria Antonia da USP, na Rua Ant\u00f4nia, 294, 3\u00ba andar, Vila Buarque \u2013 S\u00e3o Paulo<\/p>\n<p>Transmiss\u00e3o:\u00a0<span style=\"color: #800000;\"><strong><a style=\"color: #800000;\" href=\"http:\/\/www.youtube.com\/canalSBPC\" target=\"_blank\" rel=\"noopener\">www.youtube.com\/canalSBPC<\/a><\/strong><\/span><\/p>\n<p>*O evento \u00e9 aberto e gratuito para todos, mas as vagas s\u00e3o limitadas.\u00a0<span style=\"color: #800000;\"><strong><a style=\"color: #800000;\" href=\"https:\/\/docs.google.com\/forms\/d\/e\/1FAIpQLSf4ant-SzEN9PB6ah-CMb7YR5Mv1wTbExYhWPWmEb5d-2gUIA\/viewform\" target=\"_blank\" rel=\"noopener\">Preencha o formul\u00e1rio e garanta sua vaga<\/a><\/strong><\/span>!<\/p>\n<p><a href=\"http:\/\/www.jornaldaciencia.org.br\/\"><span style=\"color: #808080;\"><em>Jornal da Ci\u00eancia<\/em><\/span><\/a><\/p>\n","protected":false},"excerpt":{"rendered":"Refer\u00eancia na historiografia brasileira, historiador e professor em\u00e9rito da USP apresentar\u00e1 a&hellip;\n","protected":false},"author":19,"featured_media":4625,"comment_status":"open","ping_status":"open","sticky":false,"template":"","format":"standard","meta":[],"categories":[1,2],"tags":[],"acf":[],"_links":{"self":[{"href":"https:\/\/revistacienciaecultura.org.br\/index.php?rest_route=\/wp\/v2\/posts\/4623"}],"collection":[{"href":"https:\/\/revistacienciaecultura.org.br\/index.php?rest_route=\/wp\/v2\/posts"}],"about":[{"href":"https:\/\/revistacienciaecultura.org.br\/index.php?rest_route=\/wp\/v2\/types\/post"}],"author":[{"embeddable":true,"href":"https:\/\/revistacienciaecultura.org.br\/index.php?rest_route=\/wp\/v2\/users\/19"}],"replies":[{"embeddable":true,"href":"https:\/\/revistacienciaecultura.org.br\/index.php?rest_route=%2Fwp%2Fv2%2Fcomments&post=4623"}],"version-history":[{"count":2,"href":"https:\/\/revistacienciaecultura.org.br\/index.php?rest_route=\/wp\/v2\/posts\/4623\/revisions"}],"predecessor-version":[{"id":4626,"href":"https:\/\/revistacienciaecultura.org.br\/index.php?rest_route=\/wp\/v2\/posts\/4623\/revisions\/4626"}],"wp:featuredmedia":[{"embeddable":true,"href":"https:\/\/revistacienciaecultura.org.br\/index.php?rest_route=\/wp\/v2\/media\/4625"}],"wp:attachment":[{"href":"https:\/\/revistacienciaecultura.org.br\/index.php?rest_route=%2Fwp%2Fv2%2Fmedia&parent=4623"}],"wp:term":[{"taxonomy":"category","embeddable":true,"href":"https:\/\/revistacienciaecultura.org.br\/index.php?rest_route=%2Fwp%2Fv2%2Fcategories&post=4623"},{"taxonomy":"post_tag","embeddable":true,"href":"https:\/\/revistacienciaecultura.org.br\/index.php?rest_route=%2Fwp%2Fv2%2Ftags&post=4623"}],"curies":[{"name":"wp","href":"https:\/\/api.w.org\/{rel}","templated":true}]}}