{"id":4627,"date":"2023-08-30T12:34:49","date_gmt":"2023-08-30T12:34:49","guid":{"rendered":"https:\/\/revistacienciaecultura.org.br\/?p=4627"},"modified":"2023-08-30T12:34:49","modified_gmt":"2023-08-30T12:34:49","slug":"leia-a-segunda-edicao-de-2023-da-ciencia-cultura-na-integra","status":"publish","type":"post","link":"https:\/\/revistacienciaecultura.org.br\/?p=4627","title":{"rendered":"Leia a segunda edi\u00e7\u00e3o de 2023 da Ci\u00eancia &#038; Cultura na \u00edntegra"},"content":{"rendered":"<h4 id=\"voce-pode-baixar-o-pdf-da-revista-ou-ler-a-edicao-em-flipbook-confira\"><span style=\"color: #808080;\">Voc\u00ea pode baixar o PDF da revista ou ler a edi\u00e7\u00e3o em flipbook. Confira!<\/span><\/h4>\n<p>&nbsp;<\/p>\n<p>A segunda edi\u00e7\u00e3o de 2023 da revista Ci\u00eancia &amp; Cultura \u2013 \u201c<span style=\"color: #800000;\"><a style=\"color: #800000;\" href=\"https:\/\/revistacienciaecultura.org.br\/?page_id=4556\" target=\"_blank\" rel=\"noopener\"><strong>Ci\u00eancia B\u00e1sica para o Desenvolvimento Sustent\u00e1vel<\/strong><\/a><\/span>\u201d \u2013 j\u00e1 est\u00e1 dispon\u00edvel para download em PDF ou para leitura online em flipbook.<\/p>\n<p>O novo n\u00famero discute a import\u00e2ncia da ci\u00eancia para o desenvolvimento &#8211; e a necessidade desse desenvolvimento ser sustent\u00e1vel. Por isso, a\u00a0<a href=\"https:\/\/brasil.un.org\/\"><strong><span style=\"color: #800000;\">Organiza\u00e7\u00e3o das Na\u00e7\u00f5es Unidas<\/span><\/strong><\/a>\u00a0(ONU) e a\u00a0<span style=\"color: #800000;\"><a style=\"color: #800000;\" href=\"https:\/\/www.unesco.org\/en\"><strong>Unesco<\/strong><\/a>\u00a0<\/span>definiram 2022-23 como o\u00a0Ano Internacional das Ci\u00eancias B\u00e1sicas para o Desenvolvimento Sustent\u00e1vel 2022-23\u00a0(IYBSSD, na sigla em ingl\u00eas). O objetivo \u00e9 ressaltar a liga\u00e7\u00e3o entre as ci\u00eancias b\u00e1sicas e os 17 Objetivos de Desenvolvimento Sustent\u00e1vel (ODS) e destacar os impactos das ci\u00eancias b\u00e1sicas para esses objetivos.<\/p>\n<p>Os artigos, escritos por especialistas, debatem como as ci\u00eancias b\u00e1sicas, como matem\u00e1tica, qu\u00edmica, f\u00edsica de part\u00edculas, ecologia, astronomia, antropologia, ci\u00eancias sociais e biom\u00e9dicas s\u00e3o fundamentais para fornecer solu\u00e7\u00f5es sustent\u00e1veis para o pa\u00eds. Os textos de opini\u00e3o refletem sobre como as diversas \u00e1reas da ci\u00eancia s\u00e3o significativas para tratar de quest\u00f5es como sa\u00fade e qualidade de vida, combate \u00e0 fome e crescimento econ\u00f4mico. Al\u00e9m disso, as reportagens, v\u00eddeos e podcasts fazem um amplo panorama sobre a transdiciplinaridade da ci\u00eancia e sua import\u00e2ncia em temas atuais, como diversidade, educa\u00e7\u00e3o, pol\u00edticas p\u00fablicas, constru\u00e7\u00e3o de cidades sustent\u00e1veis, sa\u00fade, seguran\u00e7a alimentar, desenvolvimento e, \u00e9 claro, sustentabilidade.<\/p>\n<p>\u201cEm um momento em que a humanidade deve inventar novas formas de produzir, de obter energia, de se alimentar, sabemos que precisamos das ci\u00eancias e do potencial que elas possuem para o necess\u00e1rio aprimoramento de nossas sociedades\u201d, afirmam os editores da edi\u00e7\u00e3o, D\u00e9bora Foguel, professora do Instituto de Bioqu\u00edmica M\u00e9dica Leopoldo de Meis da Universidade Federal do Rio de Janeiro (UFRJ), e Paulo Artaxo, professor do Departamento de F\u00edsica Aplicada do Instituto de F\u00edsica da Universidade de S\u00e3o Paulo (USP), membro do Painel Intergovernamental de Mudan\u00e7as Clim\u00e1ticas (IPCC) e vice-presidente da SBPC.<\/p>\n<p><strong>Confira os artigos, textos de opini\u00e3o e reportagens na \u00edntegra!<\/strong><\/p>\n<p>&nbsp;<\/p>\n<p style=\"text-align: center;\"><span style=\"color: #800000;\"><strong><a style=\"color: #800000;\" href=\"https:\/\/heyzine.com\/flip-book\/2177ccd989.html\" target=\"_blank\" rel=\"noopener\">Clique aqui para ler a vers\u00e3o em flipbook<\/a>:<\/strong><\/span><\/p>\n<p><a href=\"https:\/\/heyzine.com\/flip-book\/2177ccd989.html\" target=\"_blank\" rel=\"noopener\"><img loading=\"lazy\" class=\"size-medium wp-image-4629 aligncenter\" src=\"https:\/\/revistacienciaecultura.org.br\/wp-content\/uploads\/2023\/08\/CC-2E23-capa-212x300.jpg\" alt=\"\" width=\"212\" height=\"300\" srcset=\"https:\/\/revistacienciaecultura.org.br\/wp-content\/uploads\/2023\/08\/CC-2E23-capa-212x300.jpg 212w, https:\/\/revistacienciaecultura.org.br\/wp-content\/uploads\/2023\/08\/CC-2E23-capa-724x1024.jpg 724w, https:\/\/revistacienciaecultura.org.br\/wp-content\/uploads\/2023\/08\/CC-2E23-capa-768x1086.jpg 768w, https:\/\/revistacienciaecultura.org.br\/wp-content\/uploads\/2023\/08\/CC-2E23-capa-1086x1536.jpg 1086w, https:\/\/revistacienciaecultura.org.br\/wp-content\/uploads\/2023\/08\/CC-2E23-capa-8x12.jpg 8w, https:\/\/revistacienciaecultura.org.br\/wp-content\/uploads\/2023\/08\/CC-2E23-capa-800x1132.jpg 800w, https:\/\/revistacienciaecultura.org.br\/wp-content\/uploads\/2023\/08\/CC-2E23-capa-1160x1641.jpg 1160w, https:\/\/revistacienciaecultura.org.br\/wp-content\/uploads\/2023\/08\/CC-2E23-capa.jpg 1240w\" sizes=\"(max-width: 212px) 100vw, 212px\" \/><\/a><\/p>\n<p style=\"text-align: center;\"><a href=\"https:\/\/drive.google.com\/file\/d\/1sgGO0R_L1VKTuox3_X1XBF85Mz-ioCHf\/view?usp=drive_link\" target=\"_blank\" rel=\"noopener\"><span style=\"color: #800000;\"><strong>Clique aqui para baixar a vers\u00e3o em pdf:<\/strong><\/span><\/a><\/p>\n<p><a href=\"https:\/\/drive.google.com\/file\/d\/1sgGO0R_L1VKTuox3_X1XBF85Mz-ioCHf\/view?usp=drive_link\" target=\"_blank\" rel=\"noopener\"><img loading=\"lazy\" class=\"size-medium wp-image-4629 aligncenter\" src=\"https:\/\/revistacienciaecultura.org.br\/wp-content\/uploads\/2023\/08\/CC-2E23-capa-212x300.jpg\" alt=\"\" width=\"212\" height=\"300\" srcset=\"https:\/\/revistacienciaecultura.org.br\/wp-content\/uploads\/2023\/08\/CC-2E23-capa-212x300.jpg 212w, https:\/\/revistacienciaecultura.org.br\/wp-content\/uploads\/2023\/08\/CC-2E23-capa-724x1024.jpg 724w, https:\/\/revistacienciaecultura.org.br\/wp-content\/uploads\/2023\/08\/CC-2E23-capa-768x1086.jpg 768w, https:\/\/revistacienciaecultura.org.br\/wp-content\/uploads\/2023\/08\/CC-2E23-capa-1086x1536.jpg 1086w, https:\/\/revistacienciaecultura.org.br\/wp-content\/uploads\/2023\/08\/CC-2E23-capa-8x12.jpg 8w, https:\/\/revistacienciaecultura.org.br\/wp-content\/uploads\/2023\/08\/CC-2E23-capa-800x1132.jpg 800w, https:\/\/revistacienciaecultura.org.br\/wp-content\/uploads\/2023\/08\/CC-2E23-capa-1160x1641.jpg 1160w, https:\/\/revistacienciaecultura.org.br\/wp-content\/uploads\/2023\/08\/CC-2E23-capa.jpg 1240w\" sizes=\"(max-width: 212px) 100vw, 212px\" \/><\/a><\/p>\n","protected":false},"excerpt":{"rendered":"Voc\u00ea pode baixar o PDF da revista ou ler a edi\u00e7\u00e3o em&hellip;\n","protected":false},"author":19,"featured_media":4631,"comment_status":"open","ping_status":"open","sticky":false,"template":"","format":"standard","meta":[],"categories":[1,2],"tags":[],"acf":[],"_links":{"self":[{"href":"https:\/\/revistacienciaecultura.org.br\/index.php?rest_route=\/wp\/v2\/posts\/4627"}],"collection":[{"href":"https:\/\/revistacienciaecultura.org.br\/index.php?rest_route=\/wp\/v2\/posts"}],"about":[{"href":"https:\/\/revistacienciaecultura.org.br\/index.php?rest_route=\/wp\/v2\/types\/post"}],"author":[{"embeddable":true,"href":"https:\/\/revistacienciaecultura.org.br\/index.php?rest_route=\/wp\/v2\/users\/19"}],"replies":[{"embeddable":true,"href":"https:\/\/revistacienciaecultura.org.br\/index.php?rest_route=%2Fwp%2Fv2%2Fcomments&post=4627"}],"version-history":[{"count":3,"href":"https:\/\/revistacienciaecultura.org.br\/index.php?rest_route=\/wp\/v2\/posts\/4627\/revisions"}],"predecessor-version":[{"id":4632,"href":"https:\/\/revistacienciaecultura.org.br\/index.php?rest_route=\/wp\/v2\/posts\/4627\/revisions\/4632"}],"wp:featuredmedia":[{"embeddable":true,"href":"https:\/\/revistacienciaecultura.org.br\/index.php?rest_route=\/wp\/v2\/media\/4631"}],"wp:attachment":[{"href":"https:\/\/revistacienciaecultura.org.br\/index.php?rest_route=%2Fwp%2Fv2%2Fmedia&parent=4627"}],"wp:term":[{"taxonomy":"category","embeddable":true,"href":"https:\/\/revistacienciaecultura.org.br\/index.php?rest_route=%2Fwp%2Fv2%2Fcategories&post=4627"},{"taxonomy":"post_tag","embeddable":true,"href":"https:\/\/revistacienciaecultura.org.br\/index.php?rest_route=%2Fwp%2Fv2%2Ftags&post=4627"}],"curies":[{"name":"wp","href":"https:\/\/api.w.org\/{rel}","templated":true}]}}