{"id":4673,"date":"2023-09-05T07:30:01","date_gmt":"2023-09-05T07:30:01","guid":{"rendered":"https:\/\/revistacienciaecultura.org.br\/?p=4673"},"modified":"2023-09-04T19:10:20","modified_gmt":"2023-09-04T19:10:20","slug":"entidades-cientificas-e-academicas-realizam-atividades-em-comemoracao-a-independencia-do-brasil","status":"publish","type":"post","link":"https:\/\/revistacienciaecultura.org.br\/?p=4673","title":{"rendered":"Entidades cient\u00edficas e acad\u00eamicas realizam atividades em comemora\u00e7\u00e3o a Independ\u00eancia do Brasil"},"content":{"rendered":"<h4 id=\"sbpc-e-suas-secretarias-regionais-e-sociedades-afiliadas-bem-como-universidades-e-entidades-academicas-e-cientificas-de-todo-o-pais-organizam-uma-serie-de-eventos-para-a-proxima-semana-entre-os\"><span style=\"color: #808080;\">SBPC e suas Secretarias Regionais e Sociedades Afiliadas, bem como universidades e entidades acad\u00eamicas e cient\u00edficas de todo o Pa\u00eds\u00a0organizam uma s\u00e9rie de eventos para a pr\u00f3xima semana, entre os dias 4 e 8 de setembro. Confira a programa\u00e7\u00e3o e participe!<\/span><\/h4>\n<p>&nbsp;<\/p>\n<p>A Sociedade Brasileira para o Progresso da Ci\u00eancia (SBPC), suas Secretarias Regionais e Sociedades Cient\u00edficas afiliadas, e universidades e entidades acad\u00eamicas de todo o Pa\u00eds promovem de 4 a 8 de setembro uma s\u00e9rie de eventos para celebrar a semana da Independ\u00eancia do Brasil.<\/p>\n<p>As atividades ir\u00e3o abordar temas sugeridos pela SBPC, como Ci\u00eancia e Democracia, Educa\u00e7\u00e3o e Democracia, Sa\u00fade e Democracia; Inclus\u00e3o Social e Democracia, Direitos Humanos e Democracia; e A luta pela democracia e as lutas pela soberania e independ\u00eancia.<\/p>\n<p>As entidades aceitaram o chamado da SBPC para dar in\u00edcio aos preparativos para o \u2018Dia de Luta pela Democracia Brasileira\u2019, a ser celebrado no dia 31 de outubro, data que evoca a primeira manifesta\u00e7\u00e3o de rua contra a ditadura militar no per\u00edodo iniciado com o AI-5.<\/p>\n<p><strong>Confira a programa\u00e7\u00e3o da SBPC, Secretarias Regionais, Sociedades Afiliadas, universidades e entidades acad\u00eamicas e cient\u00edficas:<\/strong><\/p>\n<p><strong>04\/09 \u2013 09h<\/strong>:\u00a0Feira de Ci\u00eancias \u2013\u00a0Projetos institucionais de Extens\u00e3o e Pesquisa da UENF. Local:\u00a0Centro de Conven\u00e7\u00f5es Oscar Niemeyer da UENF<\/p>\n<p><strong>04\/09 \u2013 13h30<\/strong>: Semin\u00e1rio \u201cAtualidade da Pedagogia Freiriana\u201d.\u00a0Palestrante: Jaime Jos\u00e9 Zitkoski (UFRGS), alunos e professores do mestrado profissional PPGSTEM da UERGS. Realiza\u00e7\u00e3o: UERGS.\u00a0<a href=\"https:\/\/www.youtube.com\/live\/ipuY1Ozwk1Q?si=It6cAdlwIzNP9nY6\" target=\"_blank\" rel=\"noopener\"><span style=\"color: #800000;\"><strong>Assista aqui<\/strong><\/span><\/a>.<\/p>\n<p><strong>05\/09 \u2013 09h:<\/strong>\u00a0Painel \u201cIntelig\u00eancia Artificial, Comunica\u00e7\u00e3o P\u00fablica e Democracia\u201d. Participantes:\u00a0Fabr\u00edcio Benevenuto (UFMG), Geane Alzamora (UFMG), Camilo Aggio (UFMG) e Thaiane Oliveira (UFF). Realiza\u00e7\u00e3o: UFMG.\u00a0<a href=\"https:\/\/www.youtube.com\/live\/4jXIppZQre4?si=ZpDTaqyoLVNRh_uA\" target=\"_blank\" rel=\"noopener\"><span style=\"color: #800000;\"><strong>Assista aqui<\/strong><\/span><\/a>.<\/p>\n<p><strong>05\/09 \u2013 09h:<\/strong>\u00a0Roda de di\u00e1logo: \u201cCi\u00eancia, direitos humanos, inclus\u00e3o social e democracia nas universidades p\u00fablicas\u201d. Participantes:\u00a0Dirigentes Institucionais de Pesquisa, Rela\u00e7\u00f5es Institucionais, Direitos Humanos e Extens\u00e3o \u2013 UFRPE; Representantes dos segmentos pol\u00edtico e sociedade civil. Realiza\u00e7\u00e3o:\u00a0Universidade Federal Rural de Pernambuco (UFRPE). Local:\u00a0Campus Dois Irm\u00e3os em Recife-PE \u2013 Audit\u00f3rio da Biblioteca Setorial Manuel Correia de Andrade.<\/p>\n<p><strong>05\/09 \u2013 13h:<\/strong>\u00a0\u201cReligi\u00e3o, Ci\u00eancia e Democracia\u201d. Coordenadora: Tatiane dos Santos Duarte (CLD\/ABA e UnB). Mediadora: Mariana Ramos de Morais (CLD\/ABA e Museu Nacional). Participantes:\u00a0Ana Paula Miranda (UFF), Naara Luna (CLD\/ABA e UFRRJ) e Rodrigo Toniol (UFRJ). Realiza\u00e7\u00e3o:\u00a0Associa\u00e7\u00e3o Brasileira de Antropologia (ABA).\u00a0<span style=\"color: #800000;\"><strong><a style=\"color: #800000;\" href=\"https:\/\/www.youtube.com\/live\/qnO6etttcfI?si=tlI08k7HIbzg1V9e\" target=\"_blank\" rel=\"noopener\">Assista aqui<\/a><\/strong><\/span>.<\/p>\n<p><strong>05\/09 \u2013 15h<\/strong>: Mesa-redonda \u201cBrasil: Resist\u00eancias e Totalitarismos\u201d. Participantes:\u00a0Castor Bartolom\u00e9 Ruiz (Unisinos), Georgia Amitrano (UFU) e Tessa Moura Lacerda (USP). Realiza\u00e7\u00e3o:\u00a0Associa\u00e7\u00e3o Nacional de P\u00f3s-Gradua\u00e7\u00e3o em Filosofia (ANPOF).\u00a0<a href=\"https:\/\/www.youtube.com\/live\/2O5PtRZoFAY?si=CWem2SakrzJmd8Oo\" target=\"_blank\" rel=\"noopener\"><span style=\"color: #800000;\"><strong>Assista aqui<\/strong><\/span><\/a>.<\/p>\n<p><strong>05\/09 \u2013 16h:<\/strong>\u00a0Confer\u00eancia \u201cIndepend\u00eancia, democracia e o acesso \u00e0 \u00e1gua\u201d.\u00a0Palestrante: Osmar Cardoso (UFPI). Apresenta\u00e7\u00e3o:\u00a0Rute Maria Gon\u00e7alves de Andrade (SBPC-PI). Realiza\u00e7\u00e3o: SBPC-PI. Assista em\u00a0<a href=\"https:\/\/youtube.com\/canalsbpc\" target=\"_blank\" rel=\"noopener\"><span style=\"color: #800000;\"><strong>youtube.com\/canalsbp<\/strong><\/span>c<\/a><\/p>\n<p><strong>05\/09 \u2013 16h<\/strong>: Painel\u00a0\u201cEstrat\u00e9gias de enfrentamento do descr\u00e9dito na ci\u00eancia e desinforma\u00e7\u00e3o social\u201d.\u00a0Modera\u00e7\u00e3o: Renato Janine Ribeiro (SBPC)\u00a0 e Soraya Smaili (UNIFESP). Participantes: Herton Escobar\u00a0(USP), Val\u00e9ria Mendon\u00e7a (UnB) e D\u00e9bora Salles (UFRJ). Realiza\u00e7\u00e3o:\u00a0Academia de Ci\u00eancias da Bahia (ACB).<\/p>\n<p><strong>05\/09 \u2013 18h30<\/strong>:\u00a0Biopar no Bar:\u00a0 happy hour com ci\u00eancia. Um bate papo sobre Sa\u00fade e Democracia:\u00a0 Desastres ambientais no surgimento de surtos e emerg\u00eancias sanit\u00e1rias e o impacto de fakenews no aprofundamento dessas crises.\u00a0<strong>Participantes<\/strong>:\u00a0Andreia\u00a0Ferreira Nery (UFRN), Janeusa Trindade de Souto (UFRN), John Fontenele Ara\u00fajo (UFRN), Manoella do Monte Alves (UFRN) e Marise Reis de Freitas (UFRN).\u00a0<strong>Local<\/strong>:\u00a0Mahalila Caf\u00e9 &amp; Livros \u2013 R. Dra. N\u00edvea Madruga \u2013 Lagoa Nova, Natal \u2013 RN.<\/p>\n<p><strong>06\/09 \u2013 10h (hor\u00e1rio Manaus)<\/strong>: Mesa-redonda online\u00a0\u201cAmaz\u00f4nia pela Independ\u00eancia e Democracia\u201d. Modera\u00e7\u00e3o:\u00a0Marilene Corr\u00eaa (UFAM\/SBPC). Participantes: K\u00e1tia Cilene do Couto (UFAM), Luis Balkar S\u00e1 Peixoto Pinheiro (UFAM), Sonia Alfaia (INPA)\u00a0e Roberto Sanches Mubarac Sobrinho (UEA). Realiza\u00e7\u00e3o: SBPC-AM. Assista em\u00a0<span style=\"color: #800000;\"><strong><a style=\"color: #800000;\" href=\"https:\/\/youtube.com\/canalsbpc\" target=\"_blank\" rel=\"noopener\">youtube.com\/canalsbpc<\/a><\/strong><\/span><\/p>\n<p><strong>06\/09 \u2013 15h<\/strong>: Sa\u00fade e Bem-estar dos Jovens Ind\u00edgenas. Participantes:\u00a0AJI e USPFM \u2013 LIM50. Link: em breve.<\/p>\n<p><strong>06\/09 \u2013 16h:<\/strong>\u00a0<strong>Confer\u00eancia \u201cIndepend\u00eancia: historiografia e hist\u00f3ria\u201d. Palestrante: Fernando Novais (USP).<\/strong>\u00a0<strong>Local:<\/strong>\u00a0Sal\u00e3o Nobre do Centro Maria Antonia da USP, na Rua Ant\u00f4nia, 294, 3\u00ba andar, Vila Buarque \u2013 S\u00e3o Paulo. O evento \u00e9 aberto e gratuito para todos, mas as vagas s\u00e3o limitadas.\u00a0<span style=\"color: #800000;\"><strong><a style=\"color: #800000;\" href=\"https:\/\/docs.google.com\/forms\/d\/e\/1FAIpQLSf4ant-SzEN9PB6ah-CMb7YR5Mv1wTbExYhWPWmEb5d-2gUIA\/viewform\" target=\"_blank\" rel=\"noopener\">Preencha o formul\u00e1rio e garanta sua vaga<\/a><\/strong><\/span>!<\/p>\n<p><a href=\"http:\/\/portal.sbpcnet.org.br\/programacao-atividades-independencia\/\" target=\"_blank\" rel=\"noopener\"><span style=\"color: #800000;\"><strong>Veja aqui a programa\u00e7\u00e3o completa<\/strong><\/span><\/a>.<\/p>\n<p><span style=\"color: #808080;\"><a style=\"color: #808080;\" href=\"http:\/\/www.jornaldaciencia.org.br\/\" target=\"_blank\" rel=\"noopener\"><em>Jornal da Ci\u00eancia<\/em><\/a><\/span><\/p>\n<p>&nbsp;<\/p>\n<h6 id=\"capa-olga_spb-freepik-com\">Capa: <span class=\"bold font-lg\">@<\/span><a class=\"link--text\" href=\"https:\/\/br.freepik.com\/autor\/olgaspb\">Olga_spb\/ Freepik.com<\/a><\/h6>\n","protected":false},"excerpt":{"rendered":"SBPC e suas Secretarias Regionais e Sociedades Afiliadas, bem como universidades e&hellip;\n","protected":false},"author":19,"featured_media":4674,"comment_status":"open","ping_status":"open","sticky":false,"template":"","format":"standard","meta":[],"categories":[1,2],"tags":[],"acf":[],"_links":{"self":[{"href":"https:\/\/revistacienciaecultura.org.br\/index.php?rest_route=\/wp\/v2\/posts\/4673"}],"collection":[{"href":"https:\/\/revistacienciaecultura.org.br\/index.php?rest_route=\/wp\/v2\/posts"}],"about":[{"href":"https:\/\/revistacienciaecultura.org.br\/index.php?rest_route=\/wp\/v2\/types\/post"}],"author":[{"embeddable":true,"href":"https:\/\/revistacienciaecultura.org.br\/index.php?rest_route=\/wp\/v2\/users\/19"}],"replies":[{"embeddable":true,"href":"https:\/\/revistacienciaecultura.org.br\/index.php?rest_route=%2Fwp%2Fv2%2Fcomments&post=4673"}],"version-history":[{"count":2,"href":"https:\/\/revistacienciaecultura.org.br\/index.php?rest_route=\/wp\/v2\/posts\/4673\/revisions"}],"predecessor-version":[{"id":4676,"href":"https:\/\/revistacienciaecultura.org.br\/index.php?rest_route=\/wp\/v2\/posts\/4673\/revisions\/4676"}],"wp:featuredmedia":[{"embeddable":true,"href":"https:\/\/revistacienciaecultura.org.br\/index.php?rest_route=\/wp\/v2\/media\/4674"}],"wp:attachment":[{"href":"https:\/\/revistacienciaecultura.org.br\/index.php?rest_route=%2Fwp%2Fv2%2Fmedia&parent=4673"}],"wp:term":[{"taxonomy":"category","embeddable":true,"href":"https:\/\/revistacienciaecultura.org.br\/index.php?rest_route=%2Fwp%2Fv2%2Fcategories&post=4673"},{"taxonomy":"post_tag","embeddable":true,"href":"https:\/\/revistacienciaecultura.org.br\/index.php?rest_route=%2Fwp%2Fv2%2Ftags&post=4673"}],"curies":[{"name":"wp","href":"https:\/\/api.w.org\/{rel}","templated":true}]}}