{"id":4702,"date":"2023-09-12T07:30:11","date_gmt":"2023-09-12T07:30:11","guid":{"rendered":"https:\/\/revistacienciaecultura.org.br\/?p=4702"},"modified":"2023-09-11T18:41:37","modified_gmt":"2023-09-11T18:41:37","slug":"sbpc-lanca-edital-do-5o-premio-carolina-bori-ciencia-mulher","status":"publish","type":"post","link":"https:\/\/revistacienciaecultura.org.br\/?p=4702","title":{"rendered":"SBPC lan\u00e7a edital do 5\u00ba Pr\u00eamio Carolina Bori Ci\u00eancia &#038; Mulher"},"content":{"rendered":"<h4 id=\"nesta-edicao-a-premiacao-sera-para-as-mulheres-cientistas-a-sbpc-convida-as-sociedades-afiliadas-a-enviarem-indicacoes-ate-31-de-outubro\"><span style=\"color: #808080;\">Nesta edi\u00e7\u00e3o, a premia\u00e7\u00e3o ser\u00e1 para as \u201cMulheres Cientistas\u201d.\u00a0A SBPC convida as Sociedades Afiliadas a enviarem indica\u00e7\u00f5es at\u00e9 31 de outubro\u00a0<\/span><\/h4>\n<p>&nbsp;<\/p>\n<p>A Sociedade Brasileira para o Progresso da Ci\u00eancia (SBPC) lan\u00e7a nesta segunda-feira,\u00a0<b>11 de setembro<\/b>, a<span style=\"color: #800000;\"><strong>\u00a0<\/strong><\/span><a href=\"http:\/\/portal.sbpcnet.org.br\/wp-content\/uploads\/2023\/09\/Edital-5Pr%C3%AAmio-Carolina-Bori-Mulheres-Cientistas.pdf\" target=\"_blank\" rel=\"noopener\"><span style=\"color: #800000;\"><strong>chamada da quinta edi\u00e7\u00e3o<\/strong><\/span><\/a>\u00a0do Pr\u00eamio \u201cCarolina Bori Ci\u00eancia &amp; Mulher\u201d. Neste ano, a premia\u00e7\u00e3o ser\u00e1 para as\u00a0<strong>\u201cMulheres Cientistas\u201d<\/strong>, categoria dedicada \u00e0s pesquisadoras brasileiras destacadas de institui\u00e7\u00f5es nacionais que tenham prestado relevantes contribui\u00e7\u00f5es \u00e0 ci\u00eancia, gest\u00e3o cient\u00edfica e em a\u00e7\u00f5es em prol da ci\u00eancia e tecnologia nacional. Ao todo ser\u00e3o tr\u00eas vencedoras, de cada uma das tr\u00eas grandes \u00e1reas do conhecimento: Humanidades; Biol\u00f3gicas e Sa\u00fade; e Engenharias, Exatas e Ci\u00eancias da Terra.<\/p>\n<p>As indica\u00e7\u00f5es para a categoria \u201cMulheres Cientistas\u201d podem ser feitas pelas\u00a0<strong>Sociedades Cient\u00edficas Afiliadas \u00e0 SBPC<\/strong>\u00a0at\u00e9 o dia\u00a0<b>31 de outubro<\/b>. As inscri\u00e7\u00f5es dever\u00e3o ser devidamente justificadas, com informa\u00e7\u00f5es como mini-biografia atualizada da candidata (at\u00e9 500 caracteres, com espa\u00e7o); curr\u00edculo atualizado na Plataforma Lattes (<span style=\"color: #800000;\"><strong><a style=\"color: #800000;\" href=\"http:\/\/lattes.cnpq.br\/\" target=\"_blank\" rel=\"noopener\">http:\/\/lattes.cnpq.br<\/a><\/strong><\/span>); e carta de recomenda\u00e7\u00e3o fundamentada em evid\u00eancias que justifiquem o pr\u00eamio (at\u00e9 2.000 caracteres, com espa\u00e7o).<\/p>\n<p>As indica\u00e7\u00f5es, com a devida documenta\u00e7\u00e3o, dever\u00e3o ser feitas at\u00e9 o dia 31 de outubro, exclusivamente atrav\u00e9s do formul\u00e1rio online, neste link:\u00a0<span style=\"color: #800000;\"><strong><a style=\"color: #800000;\" href=\"https:\/\/forms.gle\/BE4xrzr3iAUZjTHS9\" target=\"_blank\" rel=\"noopener\">https:\/\/forms.gle\/BE4xrzr3iAUZjTHS9<\/a><\/strong><\/span>.\u00a0<strong>O an\u00fancio das premiadas ser\u00e1 feito no dia 19 de janeiro de 2024<\/strong>.<\/p>\n<p>A cerim\u00f4nia de outorga do pr\u00eamio \u00e0s cientistas contempladas nesta quinta edi\u00e7\u00e3o ser\u00e1 realizada no dia 06 de fevereiro de 2024, durante o evento de celebra\u00e7\u00e3o do centen\u00e1rio de Carolina Bori, organizado pela SBPC.<\/p>\n<p>&nbsp;<\/p>\n<h4 id=\"homenagem-as-cientistas-brasileiras\"><strong>Homenagem \u00e0s cientistas brasileiras<\/strong><\/h4>\n<p>Criado em 2019, o\u00a0<b>Pr\u00eamio \u201cCarolina Bori Ci\u00eancia &amp; Mulher\u201d<\/b>\u00a0\u00e9 uma homenagem da SBPC \u00e0s cientistas brasileiras destacadas e \u00e0s futuras cientistas brasileiras de not\u00f3rio talento, que leva o nome de sua primeira presidente mulher, Carolina Martuscelli Bori. A SBPC \u2013 que j\u00e1 teve tr\u00eas mulheres presidentes e hoje a maioria da diretoria \u00e9 feminina \u2013 criou essa premia\u00e7\u00e3o por acreditar que homenagear as cientistas brasileiras e incentivar as meninas a se interessarem por este universo \u00e9 uma a\u00e7\u00e3o marcante de sua trajet\u00f3ria hist\u00f3rica, na qual tantas mulheres foram protagonistas do trabalho e de anos de lutas e sucesso na maior sociedade cient\u00edfica do Pa\u00eds e da Am\u00e9rica do Sul.<\/p>\n<p>A cerim\u00f4nia de premia\u00e7\u00e3o ocorre anualmente, alternando duas categorias \u2013 \u201cMulheres Cientistas\u201d e \u201cMeninas na Ci\u00eancia\u201d -, durante o Simp\u00f3sio Mulheres e Meninas na Ci\u00eancia, a ser realizado em celebra\u00e7\u00e3o ao Dia Internacional das Mulheres e Meninas na Ci\u00eancia, institu\u00eddo pela Unesco.<\/p>\n<p>Na\u00a0<a href=\"http:\/\/www.jornaldaciencia.org.br\/sbpc-divulga-vencedoras-do-1o-premio-carolina-bori-ciencia-mulher\/\" target=\"_blank\" rel=\"noopener\"><span style=\"color: #800000;\"><strong>primeira edi\u00e7\u00e3o<\/strong><\/span><\/a>, 25 Sociedades Cient\u00edficas afiliadas \u00e0 SBPC indicaram 29 cientistas brasileiras. A escolhida para receber o pr\u00eamio na categoria \u201cMulheres Cientistas\u201d foi\u00a0<strong>Helena Bonciani Nader<\/strong>, professora-titular da Universidade Federal de S\u00e3o Paulo (EPM-Unifesp). E\u00a0<strong>Alice Rangel de Paiva Abreu<\/strong>, professora em\u00e9rita da UFRJ, recebeu a \u201cMen\u00e7\u00e3o Honrosa\u201d.<\/p>\n<p>A\u00a0<span style=\"color: #800000;\"><strong><a style=\"color: #800000;\" href=\"http:\/\/www.jornaldaciencia.org.br\/sbpc-divulga-vencedoras-do-2o-premio-carolina-bori-ciencia-mulher\/\" target=\"_blank\" rel=\"noopener\">segunda edi\u00e7\u00e3o, em 2020, foi dedicada \u00e0s \u201cMeninas na Ci\u00eancia\u201d<\/a><\/strong><\/span>, cujas pesquisas de inicia\u00e7\u00e3o cient\u00edfica\u00a0demonstraram\u00a0criatividade, boa aplica\u00e7\u00e3o do m\u00e9todo cient\u00edfico e potencial de contribui\u00e7\u00e3o com a ci\u00eancia no futuro.\u00a0 A SBPC recebeu indica\u00e7\u00e3o de 286 candidatas, oriundas de 18 estados e 70 munic\u00edpios de todas as regi\u00f5es do Pa\u00eds.\u00a0<strong>Juliana Davoglio Estradioto<\/strong>, formada no curso t\u00e9cnico em Administra\u00e7\u00e3o do Instituto Federal do Rio Grande (IFRS), foi a vencedora no n\u00edvel de Ensino M\u00e9dio.\u00a0Ela desenvolveu uma membrana biodegrad\u00e1vel a partir da casca de noz macad\u00e2mia, aproveitamento de res\u00edduos para bioss\u00edntese de celulose bacteriana. J\u00e1 na Gradua\u00e7\u00e3o, a escolhida foi\u00a0<strong>Raquel Soares Bandeira<\/strong>, graduanda de Enfermagem da Universidade Federal de Minas Gerais (UFMG), pelo trabalho sobre \u201cEfic\u00e1cia terap\u00eautica de uma\u00a0naftoquinona contra a leishmaniose\u201d.<\/p>\n<p>A\u00a0<span style=\"color: #800000;\"><strong><a style=\"color: #800000;\" href=\"http:\/\/www.jornaldaciencia.org.br\/sbpc-divulga-vencedoras-do-3o-premio-carolina-bori-ciencia-mulher\/\" target=\"_blank\" rel=\"noopener\">3\u00ba Pr\u00eamio \u201cCarolina Bori Ci\u00eancia &amp; Mulher\u201d<\/a><\/strong><\/span>\u00a0recebeu indica\u00e7\u00f5es de\u00a0<strong>35\u00a0<\/strong>Sociedades Afiliadas \u00e0 SBPC. As vencedoras foram\u00a0<strong>Nilma Lino Gomes<\/strong>, professora titular em\u00e9rita da Faculdade de Educa\u00e7\u00e3o da Universidade Federal de Minas Gerais (UFMG), na \u00e1rea de Humanidades;\u00a0<strong>Gulnar Azevedo e Silva<\/strong>, professora titular do Instituto de Medicina Social da Universidade do Estado do Rio de Janeiro (UERJ), na \u00e1rea de Biol\u00f3gicas e Sa\u00fade; e\u00a0<strong>Beatriz Leonor Silveira Barbuy<\/strong>, professora titular do Instituto de Astronomia, Geof\u00edsica e Ci\u00eancias Atmosf\u00e9ricas (IAG) da Universidade de S\u00e3o Paulo (USP), na \u00e1rea de Engenharias, Exatas e Ci\u00eancias da Terra.<\/p>\n<p>Na<span style=\"color: #800000;\"><strong>\u00a0<\/strong><\/span><a href=\"http:\/\/www.jornaldaciencia.org.br\/sbpc-divulga-vencedoras-do-4o-premio-carolina-bori-ciencia-mulher\/\" target=\"_blank\" rel=\"noopener\"><span style=\"color: #800000;\"><strong>4\u00aa edi\u00e7\u00e3o do Pr\u00eamio \u201cCarolina Bori Ci\u00eancia &amp; Mulher\u201d<\/strong><\/span><\/a>, a entidade recebeu indica\u00e7\u00f5es de 446 candidatas de 223 institui\u00e7\u00f5es de todas as regi\u00f5es do Pa\u00eds. Foram 126 indicadas para a categoria Ensino M\u00e9dio e 320 para a Gradua\u00e7\u00e3o, categoria subdivida entre tr\u00eas grandes \u00e1reas do conhecimento: Biol\u00f3gicas e Sa\u00fade (126), Engenharias, Exatas e Ci\u00eancias da Terra (103) e Humanidades (91).<\/p>\n<p>Na\u00a0<strong>\u00e1rea de Humanidades<\/strong>\u00a0as escolhidas foram\u00a0<strong>Alessandra Stefanello<\/strong>, graduanda de Letras na Universidade Federal de Santa Maria pelo trabalho \u201cUm outro olhar para a l\u00edngua: a posse da terra e o direito \u00e0 propriedade\u201d; e\u00a0<strong>Denise Barrozo de Paula<\/strong>, graduada de Psicologia na Universidade Municipal de S\u00e3o Caetano do Sul, S\u00e3o Paulo, pelo projeto \u201cRepresenta\u00e7\u00f5es, sentidos e valores da menina negra na literatura infanto-juvenil: um estudo a partir do livro a cor da ternura de Geni Guimar\u00e3es\u201d.<\/p>\n<p><strong>Anita de Souza Silva<\/strong>, graduada pela Universidade Federal de Sergipe (UFS), com o projeto \u201cDiagn\u00f3stico da Leishmaniose Visceral em c\u00e3es e percep\u00e7\u00e3o dos tutores de c\u00e3es e gatos sobre a doen\u00e7a\u201d, e\u00a0<strong>Ariane Leite do Nascimento<\/strong>, graduanda em Ci\u00eancias Biol\u00f3gicas pela Universidade Federal da Bahia (UFBA), com o trabalho \u201cBot\u00e2nica sempre viva\u201d, foram as vencedoras na\u00a0<strong>\u00e1rea de Biol\u00f3gicas e Sa\u00fade<\/strong>.<\/p>\n<p>Na\u00a0<strong>\u00e1rea de Engenharias, Exatas e Ci\u00eancias da Terra<\/strong>\u00a0as vencedoras foram\u00a0<strong>Amanda Guimar\u00e3es Melo<\/strong>, graduanda em Matem\u00e1tica na Universidade Federal do Sergipe (UFS), pelo trabalho \u201cEqua\u00e7\u00e3o de Log\u00edstica Fracion\u00e1ria\u201d, e\u00a0<strong>Sara L\u00fcneburger<\/strong>, formada em Qu\u00edmica pela Universidade Federal da Fronteira Sul (UFFS), pelo projeto \u201cBiodiesel production from Hevea Brasiliensis seed oil\u201d.<\/p>\n<p><span style=\"color: #800000;\"><b><a style=\"color: #800000;\" href=\"http:\/\/portal.sbpcnet.org.br\/wp-content\/uploads\/2023\/09\/Edital-5Pr%C3%AAmio-Carolina-Bori-Mulheres-Cientistas.pdf\" target=\"_blank\" rel=\"noopener\">Confira aqui o Edital do Pr\u00eamio Carolina Bori \u201cCi\u00eancia &amp; Mulher\u201d 2023\/2024 \u2013 categoria \u201cMulheres Cientistas\u201d, e participe enviando suas indica\u00e7\u00f5es!<\/a><\/b><\/span><\/p>\n<p>&nbsp;<\/p>\n<p><span style=\"color: #808080;\"><a style=\"color: #808080;\" href=\"http:\/\/www.sbpcnet.org.br\/\"><i>SBPC<\/i><\/a><\/span><\/p>\n","protected":false},"excerpt":{"rendered":"Nesta edi\u00e7\u00e3o, a premia\u00e7\u00e3o ser\u00e1 para as \u201cMulheres Cientistas\u201d.\u00a0A SBPC convida as&hellip;\n","protected":false},"author":19,"featured_media":4705,"comment_status":"open","ping_status":"open","sticky":false,"template":"","format":"standard","meta":[],"categories":[1,2],"tags":[],"acf":[],"_links":{"self":[{"href":"https:\/\/revistacienciaecultura.org.br\/index.php?rest_route=\/wp\/v2\/posts\/4702"}],"collection":[{"href":"https:\/\/revistacienciaecultura.org.br\/index.php?rest_route=\/wp\/v2\/posts"}],"about":[{"href":"https:\/\/revistacienciaecultura.org.br\/index.php?rest_route=\/wp\/v2\/types\/post"}],"author":[{"embeddable":true,"href":"https:\/\/revistacienciaecultura.org.br\/index.php?rest_route=\/wp\/v2\/users\/19"}],"replies":[{"embeddable":true,"href":"https:\/\/revistacienciaecultura.org.br\/index.php?rest_route=%2Fwp%2Fv2%2Fcomments&post=4702"}],"version-history":[{"count":3,"href":"https:\/\/revistacienciaecultura.org.br\/index.php?rest_route=\/wp\/v2\/posts\/4702\/revisions"}],"predecessor-version":[{"id":4704,"href":"https:\/\/revistacienciaecultura.org.br\/index.php?rest_route=\/wp\/v2\/posts\/4702\/revisions\/4704"}],"wp:featuredmedia":[{"embeddable":true,"href":"https:\/\/revistacienciaecultura.org.br\/index.php?rest_route=\/wp\/v2\/media\/4705"}],"wp:attachment":[{"href":"https:\/\/revistacienciaecultura.org.br\/index.php?rest_route=%2Fwp%2Fv2%2Fmedia&parent=4702"}],"wp:term":[{"taxonomy":"category","embeddable":true,"href":"https:\/\/revistacienciaecultura.org.br\/index.php?rest_route=%2Fwp%2Fv2%2Fcategories&post=4702"},{"taxonomy":"post_tag","embeddable":true,"href":"https:\/\/revistacienciaecultura.org.br\/index.php?rest_route=%2Fwp%2Fv2%2Ftags&post=4702"}],"curies":[{"name":"wp","href":"https:\/\/api.w.org\/{rel}","templated":true}]}}