{"id":4707,"date":"2023-09-13T07:30:09","date_gmt":"2023-09-13T07:30:09","guid":{"rendered":"https:\/\/revistacienciaecultura.org.br\/?p=4707"},"modified":"2023-09-12T20:08:54","modified_gmt":"2023-09-12T20:08:54","slug":"america-latina-lidera-plano-para-prevenir-a-mineracao-marinha","status":"publish","type":"post","link":"https:\/\/revistacienciaecultura.org.br\/?p=4707","title":{"rendered":"Am\u00e9rica Latina lidera plano para prevenir a minera\u00e7\u00e3o marinha"},"content":{"rendered":"<h4 id=\"o-fundo-do-mar-e-rico-em-minerais-que-alguns-paises-querem-utilizar-para-a-transicao-energetica\"><span style=\"color: #808080;\">O fundo do mar \u00e9 rico em minerais que alguns pa\u00edses querem utilizar para a transi\u00e7\u00e3o energ\u00e9tica<\/span><\/h4>\n<p><em>\u00a0<\/em><\/p>\n<p>Enquanto alguns pa\u00edses pressionam para lan\u00e7ar projetos mineiros para extrair minerais preciosos do fundo do mar, outros, incluindo v\u00e1rios na Am\u00e9rica Latina, desempenham um papel fundamental nas negocia\u00e7\u00f5es internacionais para o evitar. \u00c9 o caso do Chile, Costa Rica, Equador, Panam\u00e1, Rep\u00fablica Dominicana e Brasil, que nas \u00faltimas reuni\u00f5es da Autoridade Internacional dos Fundos Marinhos (ISA), realizadas em Kingston, Jamaica, promoveram uma proposta de pausa preventiva para evitar qualquer projeto de minera\u00e7\u00e3o marinha at\u00e9 que os seus riscos potenciais sejam totalmente conhecidos.<\/p>\n<p>Este bloco tem insistido em \u201ctravar a negocia\u00e7\u00e3o enquanto n\u00e3o existem condi\u00e7\u00f5es para que ela chegue a uma conclus\u00e3o bem-sucedida\u201d. Al\u00e9m disso, pedem um \u201cpacote completo de regulamenta\u00e7\u00f5es que inclua a melhor ci\u00eancia dispon\u00edvel, a garantia de que a minera\u00e7\u00e3o marinha trar\u00e1 benef\u00edcios e que n\u00e3o representar\u00e1 apenas custos econ\u00f4micos e ambientais para os pa\u00edses em desenvolvimento\u201d.<\/p>\n<p>A proposta consiste numa pol\u00edtica geral de prote\u00e7\u00e3o do meio marinho, que incluir\u00e1 a discuss\u00e3o da pausa cautelar, cujo momento depender\u00e1 do acordo alcan\u00e7ado. A proposta ser\u00e1 discutida na pr\u00f3xima reuni\u00e3o da ISA, no final de julho de 2024 e, caso haja qu\u00f3rum (81 dos 167 pa\u00edses membros da ISA) poder\u00e1 ser colocada em vota\u00e7\u00e3o.<\/p>\n<p>A regi\u00e3o em quest\u00e3o \u00e9 a<span style=\"color: #800000;\"><strong> <a style=\"color: #800000;\" href=\"https:\/\/www.scidev.net\/america-latina\/news\/mineria-marina-amenaza-a-la-biodiversidad-del-mar-mexicano\/\">Zona Clarion-Clipperton<\/a><\/strong><\/span> (CCZ), localizada no Oceano Pac\u00edfico, do Hava\u00ed ao M\u00e9xico, pois em seu fundo marinho existem milhares de n\u00f3dulos polimet\u00e1licos com quantidades aparentemente imensas de cobalto e n\u00edquel, minerais que seriam utilizados para a constru\u00e7\u00e3o de carros el\u00e9tricos. Dos 31 contratos de explora\u00e7\u00e3o mineral de fundos marinhos aprovados pelo ISA, 19 foram para n\u00f3dulos polimet\u00e1licos, e 17 deles foram solicitados no CCZ.<\/p>\n<p>Mas agora se sabe que esta \u00e1rea possui uma grande riqueza ecol\u00f3gica j\u00e1 que os n\u00f3dulos s\u00e3o habitat de muitas esp\u00e9cies. Alguns s\u00e3o conhecidos, como esponjas e corais, mas a maioria \u00e9 desconhecida. Um <span style=\"color: #800000;\"><strong><a style=\"color: #800000;\" href=\"https:\/\/www.sciencedirect.com\/science\/article\/pii\/S0960982223005341?via%3Dihub\">estudo<\/a><\/strong><\/span> recente confirmou que \u201ch\u00e1 uma falta hist\u00f3rica de trabalho taxon\u00f4mico na regi\u00e3o\u201d e que \u201ca propor\u00e7\u00e3o de esp\u00e9cies n\u00e3o descritas na ZCC, em geral, \u00e9 estimada em 92%\u201d. A preocupa\u00e7\u00e3o com uma poss\u00edvel explora\u00e7\u00e3o da \u00e1rea aumentou porque, na \u00faltima reuni\u00e3o do ISA, realizada em meados de julho, n\u00e3o foi alcan\u00e7ado nenhum acordo sobre a regulamenta\u00e7\u00e3o. Isto implica que os pa\u00edses interessados \u200b\u200bna minera\u00e7\u00e3o marinha, como Nauru, um pequeno pa\u00eds insular a norte da Austr\u00e1lia, poderiam iniciar projetos de explora\u00e7\u00e3o dos fundos marinhos sem regulamenta\u00e7\u00e3o em vigor.<\/p>\n<p>Outra quest\u00e3o que preocupa os especialistas \u00e9 a falta de transpar\u00eancia e diversidade de vozes nas negocia\u00e7\u00f5es, especificamente grupos da sociedade civil, imprensa e povos ind\u00edgenas.<\/p>\n<p><span style=\"color: #808080;\"><em>Com informa\u00e7\u00f5es de <a style=\"color: #808080;\" href=\"https:\/\/www.scidev.net\/\">SciDev.com<\/a><\/em><\/span><\/p>\n<p>&nbsp;<\/p>\n<h6 id=\"capa-yannis-papanastasopoulos-unsplash-com\">Capa. <a class=\"N2odk RZQOk eziW_ cl4O9 KHq0c\" href=\"https:\/\/unsplash.com\/pt-br\/@yannispap\">Yannis Papanastasopoulos\/ Unsplash.com<\/a><\/h6>\n","protected":false},"excerpt":{"rendered":"O fundo do mar \u00e9 rico em minerais que alguns pa\u00edses querem&hellip;\n","protected":false},"author":19,"featured_media":4708,"comment_status":"open","ping_status":"open","sticky":false,"template":"","format":"standard","meta":[],"categories":[1,2],"tags":[],"acf":[],"_links":{"self":[{"href":"https:\/\/revistacienciaecultura.org.br\/index.php?rest_route=\/wp\/v2\/posts\/4707"}],"collection":[{"href":"https:\/\/revistacienciaecultura.org.br\/index.php?rest_route=\/wp\/v2\/posts"}],"about":[{"href":"https:\/\/revistacienciaecultura.org.br\/index.php?rest_route=\/wp\/v2\/types\/post"}],"author":[{"embeddable":true,"href":"https:\/\/revistacienciaecultura.org.br\/index.php?rest_route=\/wp\/v2\/users\/19"}],"replies":[{"embeddable":true,"href":"https:\/\/revistacienciaecultura.org.br\/index.php?rest_route=%2Fwp%2Fv2%2Fcomments&post=4707"}],"version-history":[{"count":1,"href":"https:\/\/revistacienciaecultura.org.br\/index.php?rest_route=\/wp\/v2\/posts\/4707\/revisions"}],"predecessor-version":[{"id":4709,"href":"https:\/\/revistacienciaecultura.org.br\/index.php?rest_route=\/wp\/v2\/posts\/4707\/revisions\/4709"}],"wp:featuredmedia":[{"embeddable":true,"href":"https:\/\/revistacienciaecultura.org.br\/index.php?rest_route=\/wp\/v2\/media\/4708"}],"wp:attachment":[{"href":"https:\/\/revistacienciaecultura.org.br\/index.php?rest_route=%2Fwp%2Fv2%2Fmedia&parent=4707"}],"wp:term":[{"taxonomy":"category","embeddable":true,"href":"https:\/\/revistacienciaecultura.org.br\/index.php?rest_route=%2Fwp%2Fv2%2Fcategories&post=4707"},{"taxonomy":"post_tag","embeddable":true,"href":"https:\/\/revistacienciaecultura.org.br\/index.php?rest_route=%2Fwp%2Fv2%2Ftags&post=4707"}],"curies":[{"name":"wp","href":"https:\/\/api.w.org\/{rel}","templated":true}]}}