{"id":4731,"date":"2023-10-02T07:59:18","date_gmt":"2023-10-02T07:59:18","guid":{"rendered":"https:\/\/revistacienciaecultura.org.br\/?p=4731"},"modified":"2023-09-15T17:45:01","modified_gmt":"2023-09-15T17:45:01","slug":"alma-perdida-ou-achada","status":"publish","type":"post","link":"https:\/\/revistacienciaecultura.org.br\/?p=4731","title":{"rendered":"Alma perdida ou achada?"},"content":{"rendered":"<h4 id=\"confira-poesias-de-angela-wyse-professora-do-departamento-de-bioquimica-da-ufrgs\"><span style=\"color: #808080;\">Confira poesias de Angela Wyse, professora do Departamento de Bioqu\u00edmica da UFRGS<\/span><\/h4>\n<p>&nbsp;<\/p>\n<h5 id=\"poema-1\"><strong>Poema 1\u00a0<\/strong><\/h5>\n<h4 id=\"alma-perdida-ou-achada\">Alma perdida ou achada?<\/h4>\n<p>Era uma vez um Senhorzinho<br \/>\nEle sempre usava uma meia de malha<br \/>\nE um dia, ele achou que era uma Sand\u00e1lia<br \/>\nNingu\u00e9m percebeu, exceto Dona Nat\u00e1lia<br \/>\nQue o viu pegando \u00e1gua na talha<\/p>\n<p>O Srzinho sempre foi t\u00e3o concentrado<br \/>\nE agora estava meio desligado<br \/>\nEstaria longe, sonhando?<br \/>\nOu perto, vagando?<br \/>\nSeu olhar n\u00e3o estava ali<br \/>\nE tamb\u00e9m n\u00e3o estava aqui<br \/>\nOnde estaria?<br \/>\nPor que se perdeu?<br \/>\nSer\u00e1 que foi o &#8220;eu&#8221; do Srzinho que morreu?<br \/>\nAcho que n\u00e3o<br \/>\nTalvez tenha sido um sen\u00e3o<\/p>\n<p>O Srzinho ficou com a cabe\u00e7a cheia<\/p>\n<p>Sem espa\u00e7o<br \/>\nesqueceu da meia<br \/>\nA sand\u00e1lia veio com o vento<br \/>\nMas esse estava lento<br \/>\nE a mem\u00f3ria?<br \/>\nFicou vazia ou foi embora?<br \/>\nE seus amores passados?<br \/>\nSeguiram para um conto de fadas<\/p>\n<p>Dona Nat\u00e1lia canta um fado<br \/>\nE pede ao Srzinho,<br \/>\nBem devagarinho<br \/>\nQue ele corra atr\u00e1s do que viveu<br \/>\nMas o Srzinho esqueceu<br \/>\nEle perdeu suas hist\u00f3rias<br \/>\nE suas mem\u00f3rias<br \/>\nTal longe do que foi<br \/>\nMas talvez&#8230;,<br \/>\nPerto do que quis ser<br \/>\nE n\u00e3o conseguiu ser no seu viver<br \/>\nE sua alma?<br \/>\nEsta est\u00e1 calma<br \/>\nO Srzinho veste a sand\u00e1lia<br \/>\nSorri e segue sonhando<\/p>\n<p>Talvez vagando na It\u00e1lia.<\/p>\n<p>&nbsp;<\/p>\n<h5 id=\"poema-2\"><strong>Poema 2<\/strong><\/h5>\n<h4 id=\"vida\">Vida<\/h4>\n<p>Vida, se me deres uma folha em branco<br \/>\nVou me concentrar no colorir<br \/>\nE vou buscar, l\u00e1 dentro de mim, a cor do persistir<\/p>\n<p>Vida, se me deres uma folha escrita<br \/>\nN\u00e3o vou me concentrar no apagar<br \/>\nDeixe-me pensar<br \/>\nAh, vou aproveitar<br \/>\nE criar novas combina\u00e7\u00f5es<br \/>\nQue tragam alegria aos cora\u00e7\u00f5es<\/p>\n<p>Vida, se me deres uma folha borrada<br \/>\nConfesso, vou ficar desapontada<br \/>\nMas jamais desanimada<br \/>\nCorro e busco, l\u00e1 dentro de mim, uma borracha imaginada<br \/>\nEla, com paci\u00eancia, apagar\u00e1 os borr\u00f5es<br \/>\nPois eles fazem mal para as emo\u00e7\u00f5es<\/p>\n<p>Vida, se me deres uma folha cinza<\/p>\n<p>Eu me reinvento<br \/>\nAo som do vento<br \/>\nIndependente do tempo<\/p>\n<p>Vida, se me deres uma pagina branca<\/p>\n<p>de escrita vazia<\/p>\n<p>Eu continuarei buscando, por a\u00ed<br \/>\nE achando, logo ali<br \/>\nPalavras guardadas na mem\u00f3ria<br \/>\nQue ser\u00e3o usadas para reescrever uma hist\u00f3ria<br \/>\nElas ser\u00e3o, carinhosamente, cerzidas<br \/>\nCom muitas cores coloridas<\/p>\n<p>Vida, em qualquer das p\u00e1ginas<\/p>\n<p>que escreves<\/p>\n<p>o poema pouco a pouca se anuncia<\/p>\n<p>\u00c9 a tua alma se expressando em poesia<\/p>\n<p>&nbsp;<\/p>\n<h6 id=\"capa-foto-por-mohamed-nohadi-unsplash-com-reproducao\">Capa: Foto por Mohamed Nohadi\/ Unsplash.com. Reprodu\u00e7\u00e3o<\/h6>\n","protected":false},"excerpt":{"rendered":"Confira poesias de Angela Wyse, professora do Departamento de Bioqu\u00edmica da UFRGS&hellip;\n","protected":false},"author":120,"featured_media":4732,"comment_status":"open","ping_status":"open","sticky":false,"template":"","format":"standard","meta":[],"categories":[21],"tags":[],"acf":[],"_links":{"self":[{"href":"https:\/\/revistacienciaecultura.org.br\/index.php?rest_route=\/wp\/v2\/posts\/4731"}],"collection":[{"href":"https:\/\/revistacienciaecultura.org.br\/index.php?rest_route=\/wp\/v2\/posts"}],"about":[{"href":"https:\/\/revistacienciaecultura.org.br\/index.php?rest_route=\/wp\/v2\/types\/post"}],"author":[{"embeddable":true,"href":"https:\/\/revistacienciaecultura.org.br\/index.php?rest_route=\/wp\/v2\/users\/120"}],"replies":[{"embeddable":true,"href":"https:\/\/revistacienciaecultura.org.br\/index.php?rest_route=%2Fwp%2Fv2%2Fcomments&post=4731"}],"version-history":[{"count":1,"href":"https:\/\/revistacienciaecultura.org.br\/index.php?rest_route=\/wp\/v2\/posts\/4731\/revisions"}],"predecessor-version":[{"id":4733,"href":"https:\/\/revistacienciaecultura.org.br\/index.php?rest_route=\/wp\/v2\/posts\/4731\/revisions\/4733"}],"wp:featuredmedia":[{"embeddable":true,"href":"https:\/\/revistacienciaecultura.org.br\/index.php?rest_route=\/wp\/v2\/media\/4732"}],"wp:attachment":[{"href":"https:\/\/revistacienciaecultura.org.br\/index.php?rest_route=%2Fwp%2Fv2%2Fmedia&parent=4731"}],"wp:term":[{"taxonomy":"category","embeddable":true,"href":"https:\/\/revistacienciaecultura.org.br\/index.php?rest_route=%2Fwp%2Fv2%2Fcategories&post=4731"},{"taxonomy":"post_tag","embeddable":true,"href":"https:\/\/revistacienciaecultura.org.br\/index.php?rest_route=%2Fwp%2Fv2%2Ftags&post=4731"}],"curies":[{"name":"wp","href":"https:\/\/api.w.org\/{rel}","templated":true}]}}