{"id":4748,"date":"2023-09-18T07:59:35","date_gmt":"2023-09-18T07:59:35","guid":{"rendered":"https:\/\/revistacienciaecultura.org.br\/?p=4748"},"modified":"2024-02-15T11:06:46","modified_gmt":"2024-02-15T11:06:46","slug":"desenvolvimento-sustentavel-na-amazonia-colaboracao-pesquisa-e-financiamento-na-america-latina","status":"publish","type":"post","link":"https:\/\/revistacienciaecultura.org.br\/?p=4748","title":{"rendered":"Desenvolvimento sustent\u00e1vel na Amaz\u00f4nia"},"content":{"rendered":"<h4 id=\"protecao-ambiental-e-um-passo-importante-no-desenvolvimento-economico-da-america-latina\"><span style=\"color: #808080;\">Prote\u00e7\u00e3o ambiental \u00e9 um passo importante no desenvolvimento econ\u00f4mico da Am\u00e9rica Latina<\/span><\/h4>\n<p>&nbsp;<\/p>\n<p>No come\u00e7o de agosto, representantes de oito pa\u00edses-membros da <span style=\"color: #800000;\"><a style=\"color: #800000;\" href=\"http:\/\/otca.org\/pt\/\"><strong>Organiza\u00e7\u00e3o do Tratado de Coopera\u00e7\u00e3o Amaz\u00f4nica (OTCA)<\/strong><\/a><\/span> se reuniram para discutir o futuro do desenvolvimento sustent\u00e1vel da regi\u00e3o. Na ocasi\u00e3o, participantes da Bol\u00edvia, Brasil, Col\u00f4mbia, Equador, Guiana, Peru, Suriname e Venezuela levantaram a\u00e7\u00f5es e oportunidades necess\u00e1rias para impulsionar uma coopera\u00e7\u00e3o coordenada.<\/p>\n<p>Foram mencionadas a necessidade de implementar pol\u00edticas p\u00fablicas para seguran\u00e7a alimentar e nutricional, o combate ao desmatamento ilegal e a conserva\u00e7\u00e3o do patrim\u00f4nio gen\u00e9tico da floresta. Tamb\u00e9m destacou-se a import\u00e2ncia de incluir os povos origin\u00e1rios em todos os debates envolvendo o desenvolvimento sustent\u00e1vel da Amaz\u00f4nia nos pr\u00f3ximos anos, incluindo mulheres e amaz\u00f4nidas urbanos.<\/p>\n<p>Conforme disse o embaixador Ruy Pereira no evento, diretor <strong>da Ag\u00eancia Brasileira para Coopera\u00e7\u00e3o (ABC)<\/strong>, todas essas iniciativas s\u00e3o importantes regionalmente porque os impactos em um continente interconectado como a Am\u00e9rica do Sul s\u00e3o inevit\u00e1veis em todos os seus pa\u00edses.<\/p>\n<p>&nbsp;<\/p>\n<h4 id=\"ciencia\">Ci\u00eancia<\/h4>\n<p>A relev\u00e2ncia de aprofundar as pesquisas cient\u00edficas sobre os temas tamb\u00e9m foi apontada como um elemento central das estrat\u00e9gias futuras para o desenvolvimento da regi\u00e3o amaz\u00f4nica. Uma das prioridades, conforme apontaram Radjindredath Narain, assessor de pol\u00edticas do Minist\u00e9rio de Planejamento Espacial e Meio Ambiente do Suriname, e Ali Pe\u00f1a, vice-presidente do Instituto Geogr\u00e1fico Venezuelano Simon Bol\u00edvar, \u00e9 ampliar o financiamento de pesquisas sobre mudan\u00e7as clim\u00e1ticas, uma vez que eles consideram a prote\u00e7\u00e3o ambiental um passo importante no desenvolvimento econ\u00f4mico da regi\u00e3o.<\/p>\n<p>Neste sentido, o Brasil tem desenvolvido atividades de pesquisa abrangentes e inovadoras para estudar os impactos das mudan\u00e7as clim\u00e1ticas na floresta Amaz\u00f4nica. Em iniciativa envolvendo mais de 40 pesquisadores do Brasil, Estados Unidos, Europa e Austr\u00e1lia, um experimento est\u00e1 sendo constru\u00eddo para medir como a floresta amaz\u00f4nica responde a condi\u00e7\u00f5es de altas quantidades de g\u00e1s carb\u00f4nico (CO<sub>2<\/sub>) atmosf\u00e9rico \u2013 uma das principais causas das mudan\u00e7as clim\u00e1ticas.<\/p>\n<p>Trata-se do <strong>AmazonFACE<\/strong>, localizado em uma floresta da bacia Amaz\u00f4nica pr\u00f3xima a Manaus e esperado para come\u00e7ar a operar em 2024. Por meio de torres espalhadas pela floresta, o projeto simular\u00e1 situa\u00e7\u00f5es de temperaturas elevadas esperadas para o futuro e gerar\u00e1 dados sobre como o ecossistema responde a elas. (Figura 1)<\/p>\n<h6 id=\"figura-1-amazonface-simulara-situacoes-de-temperaturas-elevadas-esperadas-para-o-futuro-e-gerara-dados-sobre-como-o-ecossistema-responde-a-elas-por-meio-de-torres-espalhadas-pela-florestaimagem-un\" style=\"text-align: center;\"><img loading=\"lazy\" class=\"aligncenter wp-image-4750\" src=\"https:\/\/revistacienciaecultura.org.br\/wp-content\/uploads\/2023\/09\/CC-3E23-reportagem-Desenvolvimento-sustenta\u0301vel-na-Amazo\u0302nia-figura1-300x191.jpg\" alt=\"\" width=\"500\" height=\"319\" srcset=\"https:\/\/revistacienciaecultura.org.br\/wp-content\/uploads\/2023\/09\/CC-3E23-reportagem-Desenvolvimento-sustenta\u0301vel-na-Amazo\u0302nia-figura1-300x191.jpg 300w, https:\/\/revistacienciaecultura.org.br\/wp-content\/uploads\/2023\/09\/CC-3E23-reportagem-Desenvolvimento-sustenta\u0301vel-na-Amazo\u0302nia-figura1-1024x653.jpg 1024w, https:\/\/revistacienciaecultura.org.br\/wp-content\/uploads\/2023\/09\/CC-3E23-reportagem-Desenvolvimento-sustenta\u0301vel-na-Amazo\u0302nia-figura1-768x490.jpg 768w, https:\/\/revistacienciaecultura.org.br\/wp-content\/uploads\/2023\/09\/CC-3E23-reportagem-Desenvolvimento-sustenta\u0301vel-na-Amazo\u0302nia-figura1-1536x980.jpg 1536w, https:\/\/revistacienciaecultura.org.br\/wp-content\/uploads\/2023\/09\/CC-3E23-reportagem-Desenvolvimento-sustenta\u0301vel-na-Amazo\u0302nia-figura1-18x12.jpg 18w, https:\/\/revistacienciaecultura.org.br\/wp-content\/uploads\/2023\/09\/CC-3E23-reportagem-Desenvolvimento-sustenta\u0301vel-na-Amazo\u0302nia-figura1-800x510.jpg 800w, https:\/\/revistacienciaecultura.org.br\/wp-content\/uploads\/2023\/09\/CC-3E23-reportagem-Desenvolvimento-sustenta\u0301vel-na-Amazo\u0302nia-figura1-1160x740.jpg 1160w, https:\/\/revistacienciaecultura.org.br\/wp-content\/uploads\/2023\/09\/CC-3E23-reportagem-Desenvolvimento-sustenta\u0301vel-na-Amazo\u0302nia-figura1.jpg 1691w\" sizes=\"(max-width: 500px) 100vw, 500px\" \/><br \/>\n<strong>Figura 1. AmazonFACE simular\u00e1 situa\u00e7\u00f5es de temperaturas elevadas esperadas para o futuro e gerar\u00e1 dados sobre como o ecossistema responde a elas por meio de torres espalhadas pela floresta<br \/>\n<\/strong>(Imagem: Unicamp\/ amazonface.unicamp.br)<\/h6>\n<p>&nbsp;<\/p>\n<p>O <a href=\"https:\/\/amazonface.unicamp.br\/wp-content\/uploads\/2023\/01\/amazonface_science_plan__implementation_strategy.pdf\"><span style=\"color: #800000;\"><strong>relat\u00f3rio<\/strong> <\/span><\/a>do projeto aponta que, ao mesmo tempo em que altas taxas de CO<sub>2<\/sub> causam mudan\u00e7as clim\u00e1ticas \u2013 provocando aumento de temperaturas e ocorr\u00eancia crescente de fen\u00f4menos extremos \u2013 \u00e9 poss\u00edvel que o CO<sub>2<\/sub> em excesso seja aproveitado para aumentar a produtividade da floresta, por meio da fotoss\u00edntese. Por isso, uma das hip\u00f3teses que o projeto busca verificar \u00e9 a possibilidade da floresta utilizar o g\u00e1s carb\u00f4nico para manter o seu equil\u00edbrio, possivelmente se protegendo dos impactos das mudan\u00e7as clim\u00e1ticas.<\/p>\n<p>\u201cO experimento vai nos dar muitos <em>insights<\/em> de como a floresta pode se comportar e o qu\u00e3o resiliente ela estar\u00e1 \u00e0s mudan\u00e7as clim\u00e1ticas e isso reverbera em muitos setores socioecon\u00f4micos na regi\u00e3o\u201d, explica David Lapola, coordenador do programa AmazonFACE. Segundo o pesquisador da <span style=\"color: #800000;\"><a style=\"color: #800000;\" href=\"https:\/\/www.unicamp.br\/\"><strong>Universidade Estadual de Campinas (Unicamp)<\/strong><\/a>,<\/span> o projeto afetar\u00e1 diretamente as pol\u00edticas p\u00fablicas relacionadas \u00e0s maneiras com que o Brasil reporta as suas emiss\u00f5es de carbono \u00e0 <span style=\"color: #800000;\"><a style=\"color: #800000;\" href=\"https:\/\/unfccc.int\/\"><strong>Conven\u00e7\u00e3o-Quadro das Na\u00e7\u00f5es Unidas sobre Mudan\u00e7as Clim\u00e1ticas<\/strong><\/a><\/span> (<em>United Nations Framework Convention on Climate Change &#8211; <\/em>UNFCCC) e ao mercado de carbono. Al\u00e9m disso, poder\u00e1 afetar indiretamente as futuras regulamenta\u00e7\u00f5es de produ\u00e7\u00e3o agr\u00edcola, extrativismo, produ\u00e7\u00e3o de energia, pesca e transporte.<\/p>\n<p>O projeto usa a tecnologia FACE (<em>Free-Air CO<sub>2<\/sub> Emission<\/em>), tradicionalmente utilizada em florestas temperadas de outros continentes. \u00c9 a primeira vez que ela ser\u00e1 aplicada no Brasil e no contexto de uma floresta tropical \u2013 que possui particularidades importantes para o estudo de mudan\u00e7as clim\u00e1ticas, como temperaturas mais elevadas e maior biodiversidade. Essas florestas tamb\u00e9m t\u00eam uma composi\u00e7\u00e3o de nutrientes diferentes \u00e0s florestas temperadas, que pode afetar a maneira com que ela se comporta frente a temperaturas elevadas.<\/p>\n<p>&nbsp;<\/p>\n<h4 id=\"as-comunidades-tradicionalmente-atuam-na-preservacao-dos-recursos-naturais-dos-seus-territorios-e-de-areas-preservadas-incluindo-as-terras-e-rios-da-regiao\" style=\"text-align: center;\"><em><span style=\"color: #800000;\">\u201cAs comunidades tradicionalmente atuam na preserva\u00e7\u00e3o dos recursos naturais dos seus territ\u00f3rios e de \u00e1reas preservadas, incluindo as terras e rios da regi\u00e3o.\u201d<\/span><\/em><\/h4>\n<p>&nbsp;<\/p>\n<p>Dada a inova\u00e7\u00e3o, a colabora\u00e7\u00e3o internacional com pa\u00edses experientes na tecnologia \u00e9 importante, al\u00e9m de garantir diversidade na equipe. No momento, o projeto recebe apoio financeiro do Minist\u00e9rio da Ci\u00eancia, Tecnologia e Informa\u00e7\u00e3o do Brasil (MCTI) e do governo do Reino Unido para a constru\u00e7\u00e3o da infraestrutura.<\/p>\n<p>Indo por outro caminho, pesquisadores da <span style=\"color: #800000;\"><a style=\"color: #800000;\" href=\"https:\/\/ufam.edu.br\/\"><strong>Universidade Federal do Amazonas (U<\/strong><strong>fam<\/strong><strong>)<\/strong><\/a> <\/span>exploram essas quest\u00f5es partindo de m\u00e9todos da Antropologia. No projeto <span style=\"color: #800000;\"><a style=\"color: #800000;\" href=\"http:\/\/novacartografiasocial.com.br\/\"><strong>Nova Cartografia Social da Amaz\u00f4nia<\/strong><\/a><\/span>, integrantes de povos e comunidades tradicionais da Amaz\u00f4nia s\u00e3o convidados a produzirem seus pr\u00f3prios mapas da regi\u00e3o, utilizando a sua pr\u00f3pria terminologia e linguagem. \u201cO nosso projeto cria condi\u00e7\u00f5es das pessoas produzirem seus pr\u00f3prios mapas. Esses mapas podem ser \u2013 e t\u00eam sido \u2013 elementos de defesa e de for\u00e7a para garantir territ\u00f3rios e para denunciar desmatamentos, queimadas e devasta\u00e7\u00e3o em tempo real\u201d, explica Alfredo Wagner, professor da UFAM e coordenador do projeto.\u00a0(Figura 2)<\/p>\n<h6 id=\"figura-2-projeto-nova-cartografia-social-da-amazonia-convida-integrantes-de-povos-e-comunidades-tradicionais-para-produzirem-seus-proprios-mapas-da-regiao-utilizando-a-sua-propria-terminologia-e-lin\" style=\"text-align: center;\"><img loading=\"lazy\" class=\"aligncenter wp-image-4752\" src=\"https:\/\/revistacienciaecultura.org.br\/wp-content\/uploads\/2023\/09\/CC-3E23-reportagem-Desenvolvimento-sustenta\u0301vel-na-Amazo\u0302nia-figura2-300x155.jpg\" alt=\"\" width=\"500\" height=\"259\" srcset=\"https:\/\/revistacienciaecultura.org.br\/wp-content\/uploads\/2023\/09\/CC-3E23-reportagem-Desenvolvimento-sustenta\u0301vel-na-Amazo\u0302nia-figura2-300x155.jpg 300w, https:\/\/revistacienciaecultura.org.br\/wp-content\/uploads\/2023\/09\/CC-3E23-reportagem-Desenvolvimento-sustenta\u0301vel-na-Amazo\u0302nia-figura2-1024x530.jpg 1024w, https:\/\/revistacienciaecultura.org.br\/wp-content\/uploads\/2023\/09\/CC-3E23-reportagem-Desenvolvimento-sustenta\u0301vel-na-Amazo\u0302nia-figura2-768x397.jpg 768w, https:\/\/revistacienciaecultura.org.br\/wp-content\/uploads\/2023\/09\/CC-3E23-reportagem-Desenvolvimento-sustenta\u0301vel-na-Amazo\u0302nia-figura2-18x9.jpg 18w, https:\/\/revistacienciaecultura.org.br\/wp-content\/uploads\/2023\/09\/CC-3E23-reportagem-Desenvolvimento-sustenta\u0301vel-na-Amazo\u0302nia-figura2-800x414.jpg 800w, https:\/\/revistacienciaecultura.org.br\/wp-content\/uploads\/2023\/09\/CC-3E23-reportagem-Desenvolvimento-sustenta\u0301vel-na-Amazo\u0302nia-figura2-1160x600.jpg 1160w, https:\/\/revistacienciaecultura.org.br\/wp-content\/uploads\/2023\/09\/CC-3E23-reportagem-Desenvolvimento-sustenta\u0301vel-na-Amazo\u0302nia-figura2.jpg 1477w\" sizes=\"(max-width: 500px) 100vw, 500px\" \/><br \/>\n<strong>Figura 2. Projeto Nova Cartografia Social da Amaz\u00f4nia convida integrantes de povos e comunidades tradicionais para produzirem seus pr\u00f3prios mapas da regi\u00e3o, utilizando a sua pr\u00f3pria terminologia e linguagem.<br \/>\n<\/strong>(Imagem: Projeto Nova Cartografia Social da Amaz\u00f4nia\/ novacartografiasocial.com.br)<\/h6>\n<p>&nbsp;<\/p>\n<p>Alfredo Wagner detalha que, no que diz respeito \u00e0s iniciativas de garantir desenvolvimento sustent\u00e1vel e levantar a\u00e7\u00f5es para combater mudan\u00e7as clim\u00e1ticas, o projeto d\u00e1 condi\u00e7\u00f5es para os povos que habitam a regi\u00e3o promoverem as suas pr\u00f3prias formas de prote\u00e7\u00e3o e defesa dos territ\u00f3rios, independentemente de empresas, ONGs e partidos pol\u00edticos. Ele destaca que essas s\u00e3o comunidades que, tradicionalmente, atuam na preserva\u00e7\u00e3o dos recursos naturais dos seus territ\u00f3rios e de \u00e1reas preservadas, incluindo as terras e rios da regi\u00e3o.<\/p>\n<p>&nbsp;<\/p>\n<h4 id=\"colaboracao\">Colabora\u00e7\u00e3o<\/h4>\n<p>Ao longo dos seus 13 anos de atua\u00e7\u00e3o, o projeto coordenado por Alfredo Wagner conta com mapas criados por povos de todos os oito estados brasileiros da Amaz\u00f4nia Legal (Acre, Amap\u00e1, Amazonas, Mato Grosso, Par\u00e1, Rond\u00f4nia, Roraima e Tocantins). Tamb\u00e9m existem materiais feitos em parceria com outros pa\u00edses amaz\u00f4nicos, incluindo Bol\u00edvia, Col\u00f4mbia, Guiana Francesa e Suriname. \u201cEssa abrang\u00eancia tem sido respons\u00e1vel pelo \u00eaxito do projeto e ela tamb\u00e9m \u00e9 importante para entendermos que essas realidades da pan-Amaz\u00f4nia n\u00e3o s\u00e3o exclusivas do nosso pa\u00eds. H\u00e1 tamb\u00e9m florestas tropicais na Am\u00e9rica Central, por exemplo\u201d, destaca.<\/p>\n<p>&nbsp;<\/p>\n<h4 id=\"nao-so-as-colaboracoes-sao-necessarias-para-o-avanco-das-pautas-de-desenvolvimento-sustentavel-como-e-importante-garantir-que-as-instituicoes-cientificas-e-os-profissionais-de-pesquisa-da-re\" style=\"text-align: center;\"><span style=\"color: #800000;\"><em>\u201cN\u00e3o s\u00f3 as colabora\u00e7\u00f5es s\u00e3o necess\u00e1rias para o avan\u00e7o das pautas de desenvolvimento sustent\u00e1vel, como \u00e9 importante garantir que as institui\u00e7\u00f5es cient\u00edficas e os profissionais de pesquisa da regi\u00e3o estejam devidamente amparadas.\u201d<\/em><\/span><\/h4>\n<p>&nbsp;<\/p>\n<p>A import\u00e2ncia de aumentar as colabora\u00e7\u00f5es entre pa\u00edses da Pan-Amaz\u00f4nia tamb\u00e9m \u00e9 reconhecida pela equipe do AmazonFACE, que se reuniu, no final de agosto, com a OTCA. A inten\u00e7\u00e3o \u00e9 que, daqui para frente, sejam discutidas e implementadas oportunidades de pesquisa envolvendo mais pa\u00edses da regi\u00e3o. \u201cComo o experimento \u00e9 relevante para toda a Amaz\u00f4nia, faz muito sentido a gente poder atrair a comunidade de toda a Pan-Amaz\u00f4nica para trabalhar no projeto\u201d, afirma David Lapola.<\/p>\n<p>Marilene Corr\u00eaa, professora do Programa de P\u00f3s-Gradua\u00e7\u00e3o em Sociedade e Cultura da Amaz\u00f4nia (PPGSCA ) da Ufam, destaca tamb\u00e9m que n\u00e3o s\u00f3 as colabora\u00e7\u00f5es s\u00e3o necess\u00e1rias para o avan\u00e7o das pautas de desenvolvimento sustent\u00e1vel, como \u00e9 importante garantir que as institui\u00e7\u00f5es cient\u00edficas e os profissionais de pesquisa da regi\u00e3o estejam devidamente amparadas. \u201c\u00c9 preciso que o Estado fortale\u00e7a mais as institui\u00e7\u00f5es locais: o INPA [Instituto Nacional de Pesquisas da Amaz\u00f4nia], a Embrapa, o museu Em\u00edlio Goeldi e as universidades federais. \u00c9 preciso tamb\u00e9m interioriz\u00e1-las, ou seja, inclu\u00ed-las na parte mais profunda da floresta amaz\u00f4nica brasileira\u201d, afirma.<\/p>\n<p>&nbsp;<\/p>\n<h6 id=\"capa-colaboracao-entre-paises-da-america-latina-e-fundamental-para-a-preservacao-e-o-desenvolvimento-da-amazoniaimagem-vecstock-freepik\"><strong>Capa. Colabora\u00e7\u00e3o entre pa\u00edses da Am\u00e9rica Latina \u00e9 fundamental para a preserva\u00e7\u00e3o e o desenvolvimento da Amaz\u00f4nia<br \/>\n<\/strong>(Imagem: Vecstock\/ <a href=\"https:\/\/br.freepik.com\/\">Freepik<\/a>)<\/h6>\n<hr \/>\n<h6 id=\"hafiz-mariana-desenvolvimento-sustentavel-na-amazonia-colaboracao-pesquisa-e-financiamento-na-america-latina-protecao-ambiental-e-um-passo-importante-no-desenvolvimento-economico-da-regiao\"><span style=\"color: #808080;\">HAFIZ, Mariana.<span class=\"article-title\">\u00a0Desenvolvimento sustent\u00e1vel na Amaz\u00f4nia: colabora\u00e7\u00e3o, pesquisa e financiamento na Am\u00e9rica Latina. Prote\u00e7\u00e3o ambiental \u00e9 um passo importante no desenvolvimento econ\u00f4mico da regi\u00e3o.<\/span><i>\u00a0Cienc. Cult.<\/i>\u00a0[online]. 2023, vol.75, n.3 [citado\u00a0 2024-02-15], pp.1-4. Dispon\u00edvel em: &lt;http:\/\/cienciaecultura.bvs.br\/scielo.php?script=sci_arttext&amp;pid=S0009-67252023000300009&amp;lng=pt&amp;nrm=iso&gt;. ISSN 0009-6725.\u00a0 http:\/\/dx.doi.org\/10.5935\/2317-6660.20230041.<\/span><\/h6>\n","protected":false},"excerpt":{"rendered":"Prote\u00e7\u00e3o ambiental \u00e9 um passo importante no desenvolvimento econ\u00f4mico da Am\u00e9rica Latina&hellip;\n","protected":false},"author":59,"featured_media":4753,"comment_status":"open","ping_status":"open","sticky":false,"template":"","format":"standard","meta":[],"categories":[51],"tags":[],"acf":[],"_links":{"self":[{"href":"https:\/\/revistacienciaecultura.org.br\/index.php?rest_route=\/wp\/v2\/posts\/4748"}],"collection":[{"href":"https:\/\/revistacienciaecultura.org.br\/index.php?rest_route=\/wp\/v2\/posts"}],"about":[{"href":"https:\/\/revistacienciaecultura.org.br\/index.php?rest_route=\/wp\/v2\/types\/post"}],"author":[{"embeddable":true,"href":"https:\/\/revistacienciaecultura.org.br\/index.php?rest_route=\/wp\/v2\/users\/59"}],"replies":[{"embeddable":true,"href":"https:\/\/revistacienciaecultura.org.br\/index.php?rest_route=%2Fwp%2Fv2%2Fcomments&post=4748"}],"version-history":[{"count":4,"href":"https:\/\/revistacienciaecultura.org.br\/index.php?rest_route=\/wp\/v2\/posts\/4748\/revisions"}],"predecessor-version":[{"id":5505,"href":"https:\/\/revistacienciaecultura.org.br\/index.php?rest_route=\/wp\/v2\/posts\/4748\/revisions\/5505"}],"wp:featuredmedia":[{"embeddable":true,"href":"https:\/\/revistacienciaecultura.org.br\/index.php?rest_route=\/wp\/v2\/media\/4753"}],"wp:attachment":[{"href":"https:\/\/revistacienciaecultura.org.br\/index.php?rest_route=%2Fwp%2Fv2%2Fmedia&parent=4748"}],"wp:term":[{"taxonomy":"category","embeddable":true,"href":"https:\/\/revistacienciaecultura.org.br\/index.php?rest_route=%2Fwp%2Fv2%2Fcategories&post=4748"},{"taxonomy":"post_tag","embeddable":true,"href":"https:\/\/revistacienciaecultura.org.br\/index.php?rest_route=%2Fwp%2Fv2%2Ftags&post=4748"}],"curies":[{"name":"wp","href":"https:\/\/api.w.org\/{rel}","templated":true}]}}