{"id":4770,"date":"2023-09-19T10:58:07","date_gmt":"2023-09-19T10:58:07","guid":{"rendered":"https:\/\/revistacienciaecultura.org.br\/?p=4770"},"modified":"2023-09-19T10:58:07","modified_gmt":"2023-09-19T10:58:07","slug":"camada-de-ozonio-mostra-sinais-de-recuperacao","status":"publish","type":"post","link":"https:\/\/revistacienciaecultura.org.br\/?p=4770","title":{"rendered":"Camada de oz\u00f4nio mostra sinais de recupera\u00e7\u00e3o"},"content":{"rendered":"<h4 id=\"especialistas-apoiados-pela-onu-afirmam-que-restauracao-pode-ser-completa-em-quatro-decadas\"><span style=\"color: #808080;\">Especialistas apoiados pela ONU afirmam que restaura\u00e7\u00e3o pode ser completa em quatro d\u00e9cadas<\/span><\/h4>\n<p>&nbsp;<\/p>\n<p>A camada de oz\u00f4nio mostra sinais de recupera\u00e7\u00e3o \u2013 e deve se recuperar completamente nas pr\u00f3ximas d\u00e9cadas. Isso \u00e9 o que aponta painel de especialistas apoiado pela ONU. Segundo o relat\u00f3rio, se as pol\u00edticas globais permanecerem em vigor e continuarem eliminando os produtos qu\u00edmicos que destroem a prote\u00e7\u00e3o da Terra, espera-se que a camada de oz\u00f4nio se recupere at\u00e9 2040 na maior parte do mundo. Na Ant\u00e1rtica, essa recupera\u00e7\u00e3o \u00e9 esperada por volta de 2066 e em 2045 no \u00c1rtico.<\/p>\n<p>O relat\u00f3rio, publicado a cada quatro anos sobre o progresso do Protocolo de Montreal, confirmou a elimina\u00e7\u00e3o de quase 99% das subst\u00e2ncias proibidas que destroem a camada de oz\u00f4nio. As subst\u00e2ncias n\u00e3o destroem diretamente o oz\u00f4nio, mas s\u00e3o gases poderosos que contribuem para o aquecimento global e aceleram as mudan\u00e7as clim\u00e1ticas. O painel estima que a emenda evitar\u00e1 outros 0,3\u00b0C a 0,5\u00b0C de aquecimento at\u00e9 2100.<\/p>\n<p>As varia\u00e7\u00f5es no tamanho do buraco na camada de oz\u00f4nio na Ant\u00e1rtida, particularmente entre 2019 e 2021, foram impulsionadas em grande parte pelas condi\u00e7\u00f5es meteorol\u00f3gicas. No entanto, a brecha na camada de oz\u00f4nio da Ant\u00e1rtica vem melhorando lentamente em \u00e1rea e profundidade desde o ano 2000.<\/p>\n<p>&nbsp;<\/p>\n<h4 id=\"aviso-de-nova-tecnologia\"><strong>Aviso de nova tecnologia<\/strong><\/h4>\n<p>Segundo a ONU, a elimina\u00e7\u00e3o progressiva do uso de subst\u00e2ncias que destroem a camada de oz\u00f4nio e sua redu\u00e7\u00e3o ajudariam a proteger o escudo protetor do planeta muito al\u00e9m da atual gera\u00e7\u00e3o. Outro benef\u00edcio dessas medidas seria a contribui\u00e7\u00e3o significativa para os esfor\u00e7os globais para fazer frente \u00e0s altera\u00e7\u00f5es clim\u00e1ticas e a prote\u00e7\u00e3o da sa\u00fade humana e dos ecossistemas com a limita\u00e7\u00e3o da chegada da radia\u00e7\u00e3o ultravioleta \u00e0 Terra.<\/p>\n<p>O painel alertou contra o uso de um m\u00e9todo potencial para reduzir o aquecimento clim\u00e1tico aumentando a reflex\u00e3o da luz solar. Pela primeira vez, eles examinaram os efeitos potenciais no oz\u00f4nio decorrentes da adi\u00e7\u00e3o intencional de aeross\u00f3is na estratosfera, conhecida como inje\u00e7\u00e3o de aerossol estratosf\u00e9rico.<\/p>\n<p>Mas eles alertaram que uma \u201cconsequ\u00eancia n\u00e3o intencional\u201d era que \u201ctamb\u00e9m poderia afetar as temperaturas estratosf\u00e9ricas, a circula\u00e7\u00e3o e a produ\u00e7\u00e3o de oz\u00f4nio e as taxas de destrui\u00e7\u00e3o e transporte\u201d.<\/p>\n<p><span style=\"color: #808080;\"><em>Com informa\u00e7\u00f5es da <a style=\"color: #808080;\" href=\"https:\/\/news.un.org\/\">ONU News<\/a><\/em><\/span><\/p>\n<p>&nbsp;<\/p>\n<h6 id=\"capa-nasa-unsplash-com\">Capa: Nasa\/ Unsplash.com<\/h6>\n","protected":false},"excerpt":{"rendered":"Especialistas apoiados pela ONU afirmam que restaura\u00e7\u00e3o pode ser completa em quatro&hellip;\n","protected":false},"author":19,"featured_media":4771,"comment_status":"open","ping_status":"open","sticky":false,"template":"","format":"standard","meta":[],"categories":[1,2],"tags":[],"acf":[],"_links":{"self":[{"href":"https:\/\/revistacienciaecultura.org.br\/index.php?rest_route=\/wp\/v2\/posts\/4770"}],"collection":[{"href":"https:\/\/revistacienciaecultura.org.br\/index.php?rest_route=\/wp\/v2\/posts"}],"about":[{"href":"https:\/\/revistacienciaecultura.org.br\/index.php?rest_route=\/wp\/v2\/types\/post"}],"author":[{"embeddable":true,"href":"https:\/\/revistacienciaecultura.org.br\/index.php?rest_route=\/wp\/v2\/users\/19"}],"replies":[{"embeddable":true,"href":"https:\/\/revistacienciaecultura.org.br\/index.php?rest_route=%2Fwp%2Fv2%2Fcomments&post=4770"}],"version-history":[{"count":1,"href":"https:\/\/revistacienciaecultura.org.br\/index.php?rest_route=\/wp\/v2\/posts\/4770\/revisions"}],"predecessor-version":[{"id":4772,"href":"https:\/\/revistacienciaecultura.org.br\/index.php?rest_route=\/wp\/v2\/posts\/4770\/revisions\/4772"}],"wp:featuredmedia":[{"embeddable":true,"href":"https:\/\/revistacienciaecultura.org.br\/index.php?rest_route=\/wp\/v2\/media\/4771"}],"wp:attachment":[{"href":"https:\/\/revistacienciaecultura.org.br\/index.php?rest_route=%2Fwp%2Fv2%2Fmedia&parent=4770"}],"wp:term":[{"taxonomy":"category","embeddable":true,"href":"https:\/\/revistacienciaecultura.org.br\/index.php?rest_route=%2Fwp%2Fv2%2Fcategories&post=4770"},{"taxonomy":"post_tag","embeddable":true,"href":"https:\/\/revistacienciaecultura.org.br\/index.php?rest_route=%2Fwp%2Fv2%2Ftags&post=4770"}],"curies":[{"name":"wp","href":"https:\/\/api.w.org\/{rel}","templated":true}]}}