{"id":4773,"date":"2023-09-20T10:20:15","date_gmt":"2023-09-20T10:20:15","guid":{"rendered":"https:\/\/revistacienciaecultura.org.br\/?p=4773"},"modified":"2023-09-20T10:20:15","modified_gmt":"2023-09-20T10:20:15","slug":"prestigiemos-nossas-carolinas-conclama-presidente-da-sbpc","status":"publish","type":"post","link":"https:\/\/revistacienciaecultura.org.br\/?p=4773","title":{"rendered":"\u201cPrestigiemos nossas Carolinas!\u201d, conclama presidente da SBPC"},"content":{"rendered":"<h4 id=\"renato-janine-ribeiro-convida-todas-as-sociedades-cientificas-afiliadas-a-apoiar-o-5o-premio-carolina-bori-ciencia-mulher-enviando-indicacoes-de-pesquisadoras-brasileiras-desta\"><span style=\"color: #808080;\">Renato Janine Ribeiro convida todas as sociedades cient\u00edficas afiliadas a apoiar o 5\u00ba Pr\u00eamio Carolina Bori \u201cCi\u00eancia &amp; Mulher\u201d enviando indica\u00e7\u00f5es de pesquisadoras brasileiras destacadas de institui\u00e7\u00f5es nacionais que tenham prestado relevantes contribui\u00e7\u00f5es \u00e0 ci\u00eancia e tecnologia nacional<\/span><\/h4>\n<p>&nbsp;<\/p>\n<p>O presidente da Sociedade Brasileira para o Progresso da Ci\u00eancia (SBPC) conclama todas as 170 Sociedades Cient\u00edficas Afiliadas \u00e0 entidade a participar da realiza\u00e7\u00e3o do Pr\u00eamio Carolina Bori \u201cCi\u00eancia &amp; Mulher\u201d, que em sua 5\u00aa edi\u00e7\u00e3o \u00e9 dedicada \u00e0 categoria \u201cMulheres Cientistas\u201d.<\/p>\n<p>As sociedades podem apoiar essa importante premia\u00e7\u00e3o promovida pela SBPC divulgando em suas redes e, especialmente,\u00a0<strong>enviando at\u00e9 31 de outubro indica\u00e7\u00f5es<\/strong>\u00a0de pesquisadoras brasileiras destacadas de institui\u00e7\u00f5es nacionais que tenham prestado relevantes contribui\u00e7\u00f5es \u00e0 ci\u00eancia, gest\u00e3o cient\u00edfica e em a\u00e7\u00f5es em prol da ci\u00eancia e tecnologia nacional<\/p>\n<p>\u201cA igualdade de g\u00eanero, a igualdade de direitos em geral, n\u00e3o \u00e9 boa apenas para quem assim consegue novas oportunidades. Ela \u00e9 boa para todos! Um homem que precisa, para ter poder, pisar em mulheres \u00e9 um ser humano incompleto. Completemos a todos! Vamos ao ser humano integral, de que falam os pensadores \u00e9ticos. Prestigiemos nossas Carolinas!\u201d, declara o presidente da SBPC, Renato Janine Ribeiro.<\/p>\n<p>As Sociedades Cient\u00edficas Afiliadas participantes dever\u00e3o justificar suas indica\u00e7\u00f5es enviando informa\u00e7\u00f5es como mini-biografia atualizada da candidata (at\u00e9 500 caracteres, com espa\u00e7o); curr\u00edculo atualizado na Plataforma Lattes (<strong><span style=\"color: #800000;\"><a style=\"color: #800000;\" href=\"http:\/\/lattes.cnpq.br\/\" target=\"_blank\" rel=\"noopener\">http:\/\/lattes.cnpq.br<\/a><\/span><\/strong>); e carta de recomenda\u00e7\u00e3o fundamentada em evid\u00eancias que justifiquem o pr\u00eamio (at\u00e9 2.000 caracteres, com espa\u00e7o).<\/p>\n<p>As indica\u00e7\u00f5es, com a devida documenta\u00e7\u00e3o, dever\u00e3o ser feitas\u00a0<strong>exclusivamente pelo do formul\u00e1rio online<\/strong>, dispon\u00edvel neste link:<span style=\"color: #800000;\"><strong>\u00a0<a style=\"color: #800000;\" href=\"https:\/\/forms.gle\/BE4xrzr3iAUZjTHS9\" target=\"_blank\" rel=\"noopener\">https:\/\/forms.gle\/BE4xrzr3iAUZjTHS9<\/a><\/strong><\/span>\u00a0at\u00e9\u00a0 o dia 31 de outubro.<\/p>\n<p><strong>O an\u00fancio das premiadas ser\u00e1 feito no dia 19 de janeiro de 2024<\/strong>. A cerim\u00f4nia de outorga do pr\u00eamio \u00e0s cientistas contempladas nesta quinta edi\u00e7\u00e3o ser\u00e1 realizada no dia 06 de fevereiro de 2024, durante o evento que celebrar\u00e1 o centen\u00e1rio de nascimento de Carolina Bori, organizado pela SBPC.<\/p>\n<p><span style=\"color: #800000;\"><strong><a style=\"color: #800000;\" href=\"http:\/\/portal.sbpcnet.org.br\/wp-content\/uploads\/2023\/09\/Edital-5Pr%C3%AAmio-Carolina-Bori-Mulheres-Cientistas.pdf\" target=\"_blank\" rel=\"noopener\">Confira aqui o Edital do Pr\u00eamio Carolina Bori \u201cCi\u00eancia &amp; Mulher\u201d 2023\/2024 \u2013 categoria \u201cMulheres Cientistas\u201d, e participe enviando suas indica\u00e7\u00f5es!<\/a><\/strong><\/span><\/p>\n<p><span style=\"color: #808080;\"><a style=\"color: #808080;\" href=\"http:\/\/www.jornaldaciencia.org.br\/\"><em>SBPC<\/em><\/a><\/span><\/p>\n","protected":false},"excerpt":{"rendered":"Renato Janine Ribeiro convida todas as sociedades cient\u00edficas afiliadas a apoiar o&hellip;\n","protected":false},"author":19,"featured_media":4705,"comment_status":"open","ping_status":"open","sticky":false,"template":"","format":"standard","meta":[],"categories":[1,2],"tags":[],"acf":[],"_links":{"self":[{"href":"https:\/\/revistacienciaecultura.org.br\/index.php?rest_route=\/wp\/v2\/posts\/4773"}],"collection":[{"href":"https:\/\/revistacienciaecultura.org.br\/index.php?rest_route=\/wp\/v2\/posts"}],"about":[{"href":"https:\/\/revistacienciaecultura.org.br\/index.php?rest_route=\/wp\/v2\/types\/post"}],"author":[{"embeddable":true,"href":"https:\/\/revistacienciaecultura.org.br\/index.php?rest_route=\/wp\/v2\/users\/19"}],"replies":[{"embeddable":true,"href":"https:\/\/revistacienciaecultura.org.br\/index.php?rest_route=%2Fwp%2Fv2%2Fcomments&post=4773"}],"version-history":[{"count":1,"href":"https:\/\/revistacienciaecultura.org.br\/index.php?rest_route=\/wp\/v2\/posts\/4773\/revisions"}],"predecessor-version":[{"id":4774,"href":"https:\/\/revistacienciaecultura.org.br\/index.php?rest_route=\/wp\/v2\/posts\/4773\/revisions\/4774"}],"wp:featuredmedia":[{"embeddable":true,"href":"https:\/\/revistacienciaecultura.org.br\/index.php?rest_route=\/wp\/v2\/media\/4705"}],"wp:attachment":[{"href":"https:\/\/revistacienciaecultura.org.br\/index.php?rest_route=%2Fwp%2Fv2%2Fmedia&parent=4773"}],"wp:term":[{"taxonomy":"category","embeddable":true,"href":"https:\/\/revistacienciaecultura.org.br\/index.php?rest_route=%2Fwp%2Fv2%2Fcategories&post=4773"},{"taxonomy":"post_tag","embeddable":true,"href":"https:\/\/revistacienciaecultura.org.br\/index.php?rest_route=%2Fwp%2Fv2%2Ftags&post=4773"}],"curies":[{"name":"wp","href":"https:\/\/api.w.org\/{rel}","templated":true}]}}