{"id":4775,"date":"2023-09-20T12:54:33","date_gmt":"2023-09-20T12:54:33","guid":{"rendered":"https:\/\/revistacienciaecultura.org.br\/?p=4775"},"modified":"2023-09-26T10:25:36","modified_gmt":"2023-09-26T10:25:36","slug":"consolidacao-democratica-na-america-latina","status":"publish","type":"post","link":"https:\/\/revistacienciaecultura.org.br\/?p=4775","title":{"rendered":"Consolida\u00e7\u00e3o democr\u00e1tica na Am\u00e9rica Latina"},"content":{"rendered":"<h4 id=\"episodios-recentes-demonstram-a-fragilidades-dos-regimes-democraticos-na-regiao\"><span style=\"color: #808080;\">Epis\u00f3dios recentes demonstram a fragilidades dos regimes democr\u00e1ticos na regi\u00e3o<\/span><\/h4>\n<p>&nbsp;<\/p>\n<p>Avan\u00e7o da extrema-direita, aumento de regimes autorit\u00e1rios, enfraquecimento dos regimes democr\u00e1ticos. A democracia na Am\u00e9rica Latina est\u00e1 sob forte risco. O tema \u00e9 discutido no \u00faltimo epis\u00f3dio do\u00a0<strong><a href=\"https:\/\/revistacienciaecultura.org.br\/?cat=4\"><span style=\"color: #800000;\">Ci\u00eancia &amp; Cultura Cast<\/span><\/a><\/strong>, o podcast da revista\u00a0<strong><a href=\"https:\/\/revistacienciaecultura.org.br\/\"><span style=\"color: #800000;\">Ci\u00eancia &amp; Cultura<\/span><\/a><\/strong>, que nesta edi\u00e7\u00e3o trata do tema \u201cAm\u00e9rica Latina: Integra\u00e7\u00e3o e Democracia\u201d.<\/p>\n<p>Nos \u00faltimos anos, a Am\u00e9rica Latina testemunhou avan\u00e7os promissores e preocupa\u00e7\u00f5es crescentes no seu cen\u00e1rio democr\u00e1tico. Embora a regi\u00e3o tenha uma rica hist\u00f3ria de luta pela governa\u00e7\u00e3o democr\u00e1tica, hoje enfrenta v\u00e1rios desafios. Um dos principais riscos para a democracia na Am\u00e9rica Latina reside na fragilidade das institui\u00e7\u00f5es. Muitos pa\u00edses da regi\u00e3o enfrentam problemas de corrup\u00e7\u00e3o, falta de transpar\u00eancia e um Estado de direito fraco, que minam a confian\u00e7a do p\u00fablico no processo democr\u00e1tico. Essas quest\u00f5es s\u00e3o frequentemente agravadas por disparidades econ\u00f4micas, agita\u00e7\u00e3o social e preval\u00eancia do crime organizado, criando um ambiente vol\u00e1til que testa a resist\u00eancia dos sistemas democr\u00e1ticos. \u201cIsso deixa claro as fragilidades que nossas democracias, inclusive a brasileira, demonstraram ao longo dessas duas, tr\u00eas d\u00e9cadas de vig\u00eancia entre o fim dos regimes militares e esse per\u00edodo mais recentemente\u201d, pontua Clayton Mendon\u00e7a Cunha Filho, professor do Departamento de Ci\u00eancias Sociais da Universidade Federal do Cear\u00e1 (UFC) e pesquisador-associado do Observat\u00f3rio Pol\u00edtico Sul-Americano (IESP-UERJ).<\/p>\n<p>Para o pesquisador, esse cen\u00e1rio contribuiu para a ascens\u00e3o de l\u00edderes alinhados \u00e0 extrema-direita em toda a Am\u00e9rica Latina, levantando quest\u00f5es sobre a resili\u00eancia das normas democr\u00e1ticas. Alguns l\u00edderes foram acusados de minar as institui\u00e7\u00f5es democr\u00e1ticas e de concentrar o poder no poder executivo, o que pode levar \u00e0 eros\u00e3o dos pesos e contrapesos. Al\u00e9m disso, o clima pol\u00edtico polarizado em muitos pa\u00edses tem dificultado o di\u00e1logo construtivo e a coopera\u00e7\u00e3o entre as diferentes fac\u00e7\u00f5es, desafiando ainda mais a estabilidade da governa\u00e7\u00e3o democr\u00e1tica. \u201cA incapacidade desses regimes darem uma reposta eficiente aos problemas gerais da popula\u00e7\u00e3o \u2013 gera\u00e7\u00e3o de emprego, crescimento econ\u00f4mico, educa\u00e7\u00e3o de qualidade, distribui\u00e7\u00e3o de renda \u2013 contribuiu para o atual fortalecimento da extrema-direita. Ao n\u00e3o conseguir responder aos grandes problemas da popula\u00e7\u00e3o, d\u00e3o espa\u00e7o a esse tipo de ator e deixam as democracias fr\u00e1geis\u201d, explica Clayton Mendon\u00e7a.<\/p>\n<p>\u00c0 medida que a Am\u00e9rica Latina enfrenta esses riscos multifacetados, o futuro da democracia na regi\u00e3o depende do fortalecimento das institui\u00e7\u00f5es, da promo\u00e7\u00e3o da participa\u00e7\u00e3o pol\u00edtica inclusiva e da abordagem das disparidades socioecon\u00f4micas que continuam a alimentar o descontentamento entre as suas diversas popula\u00e7\u00f5es. \u201c\u00c9 preciso tamb\u00e9m ter maior cuidado com a mem\u00f3ria, com a educa\u00e7\u00e3o c\u00edvica para as pessoas saberem se verdade o que foram essas ditaduras. Em Santiago, no Chile, por exemplo, voc\u00ea tem o Museu da Mem\u00f3ria e dos Direitos Humanos, que \u00e9 um grande memorial do que foi a ditadura. Assim, \u00e9 poss\u00edvel conhecer o que foram aqueles abusos aos direitos humanos na pr\u00e1tica\u201d.<\/p>\n<p><strong>Ou\u00e7a o epis\u00f3dio completo:<\/strong><\/p>\n<p><iframe title=\"Spotify Embed: Consolida\u00e7\u00e3o democr\u00e1tica na Am\u00e9rica Latina\" style=\"border-radius: 12px\" width=\"100%\" height=\"152\" frameborder=\"0\" allowfullscreen allow=\"autoplay; clipboard-write; encrypted-media; fullscreen; picture-in-picture\" loading=\"lazy\" src=\"https:\/\/open.spotify.com\/embed\/episode\/6HrMBBdJTIHpm1u2EsEvLv?si=E8iHIIhcQPGpF9aNLWJycg&#038;utm_source=oembed\"><\/iframe><\/p>\n","protected":false},"excerpt":{"rendered":"Epis\u00f3dios recentes demonstram a fragilidades dos regimes democr\u00e1ticos na regi\u00e3o &nbsp; Avan\u00e7o&hellip;\n","protected":false},"author":19,"featured_media":4776,"comment_status":"open","ping_status":"open","sticky":false,"template":"","format":"standard","meta":[],"categories":[4],"tags":[],"acf":[],"_links":{"self":[{"href":"https:\/\/revistacienciaecultura.org.br\/index.php?rest_route=\/wp\/v2\/posts\/4775"}],"collection":[{"href":"https:\/\/revistacienciaecultura.org.br\/index.php?rest_route=\/wp\/v2\/posts"}],"about":[{"href":"https:\/\/revistacienciaecultura.org.br\/index.php?rest_route=\/wp\/v2\/types\/post"}],"author":[{"embeddable":true,"href":"https:\/\/revistacienciaecultura.org.br\/index.php?rest_route=\/wp\/v2\/users\/19"}],"replies":[{"embeddable":true,"href":"https:\/\/revistacienciaecultura.org.br\/index.php?rest_route=%2Fwp%2Fv2%2Fcomments&post=4775"}],"version-history":[{"count":2,"href":"https:\/\/revistacienciaecultura.org.br\/index.php?rest_route=\/wp\/v2\/posts\/4775\/revisions"}],"predecessor-version":[{"id":4809,"href":"https:\/\/revistacienciaecultura.org.br\/index.php?rest_route=\/wp\/v2\/posts\/4775\/revisions\/4809"}],"wp:featuredmedia":[{"embeddable":true,"href":"https:\/\/revistacienciaecultura.org.br\/index.php?rest_route=\/wp\/v2\/media\/4776"}],"wp:attachment":[{"href":"https:\/\/revistacienciaecultura.org.br\/index.php?rest_route=%2Fwp%2Fv2%2Fmedia&parent=4775"}],"wp:term":[{"taxonomy":"category","embeddable":true,"href":"https:\/\/revistacienciaecultura.org.br\/index.php?rest_route=%2Fwp%2Fv2%2Fcategories&post=4775"},{"taxonomy":"post_tag","embeddable":true,"href":"https:\/\/revistacienciaecultura.org.br\/index.php?rest_route=%2Fwp%2Fv2%2Ftags&post=4775"}],"curies":[{"name":"wp","href":"https:\/\/api.w.org\/{rel}","templated":true}]}}