{"id":4778,"date":"2023-09-22T07:30:02","date_gmt":"2023-09-22T07:30:02","guid":{"rendered":"https:\/\/revistacienciaecultura.org.br\/?p=4778"},"modified":"2023-09-21T18:31:46","modified_gmt":"2023-09-21T18:31:46","slug":"as-invencoes-de-santos-dumont-para-alem-do-14-bis","status":"publish","type":"post","link":"https:\/\/revistacienciaecultura.org.br\/?p=4778","title":{"rendered":"As inven\u00e7\u00f5es de Santos Dumont: para al\u00e9m do 14-bis"},"content":{"rendered":"<h4 id=\"conheca-sete-invencoes-do-pioneiro-da-aviacao\"><span style=\"color: #808080;\">Conhe\u00e7a sete inven\u00e7\u00f5es do pioneiro da avia\u00e7\u00e3o<\/span><\/h4>\n<p>&nbsp;<\/p>\n<p>A hist\u00f3ria da avia\u00e7\u00e3o e da tecnologia moderna n\u00e3o estaria completa sem a not\u00e1vel contribui\u00e7\u00e3o do brasileiro Alberto Santos Dumont. Este vision\u00e1rio inventor, que viveu no final do s\u00e9culo XIX e in\u00edcio do s\u00e9culo XX, deixou um legado que permanece relevante at\u00e9 hoje. Do bal\u00e3o a g\u00e1s de pequeno porte ao avi\u00e3o, passando pelo dirig\u00edvel com motor a gasolina, o rel\u00f3gio de pulso, o conceito de hangar, o precursor do ultraleve e at\u00e9 mesmo um chuveiro de \u00e1gua quente, Santos Dumont foi uma for\u00e7a motriz da inova\u00e7\u00e3o tecnol\u00f3gica em v\u00e1rias frentes.<\/p>\n<p><em>\u00a0<\/em><\/p>\n<h4 id=\"o-balao-a-gas-de-pequeno-porte-as-alturas-iniciais-da-exploracao-aerea\"><strong>O bal\u00e3o a g\u00e1s de pequeno porte: as alturas iniciais da explora\u00e7\u00e3o a\u00e9rea<\/strong><\/h4>\n<p>No final do s\u00e9culo XIX, Santos Dumont fez hist\u00f3ria ao criar um bal\u00e3o a g\u00e1s de pequeno porte que lhe permitiu ascender aos c\u00e9us. Seus experimentos pioneiros n\u00e3o s\u00f3 mostraram sua coragem, mas tamb\u00e9m lan\u00e7aram as bases para pesquisas atmosf\u00e9ricas. Isso o levou a estabelecer recordes de altitude e explorar o potencial das alturas como uma fronteira de descoberta. Chamado de \u201cBrazil\u201d, desafiava os conceitos da \u00e9poca, quando os bal\u00f5es mediam de 500 a 2 mil metros c\u00fabicos. O de Dumont tinha apenas 100 metros c\u00fabicos, 150 a menos do que o menor concebido at\u00e9 aquele dia.<\/p>\n<p>&nbsp;<\/p>\n<h4 id=\"dirigiveis-com-motor-a-gasolina-navegando-os-ceus-motorizados\"><strong>Dirig\u00edveis com motor a gasolina: navegando os c\u00e9us motorizados<\/strong><\/h4>\n<p>Em 1989, Santos Dumont surpreendeu o mundo novamente ao pilotar o &#8220;Santos Dumont 6&#8221;, um dirig\u00edvel equipado com motor a gasolina. Como os bal\u00f5es n\u00e3o ofereciam boa dirigibilidade, Santos Dumont sabia que ele precisava increment\u00e1-los para obter maior efici\u00eancia no voo. Com esse intuito, ele construiu os primeiros dirig\u00edveis com motor a gasolina. No dia 13 de novembro de 1889, a bordo da terceira vers\u00e3o de seu dirig\u00edvel, o N-3, o inventor levantou voo do Parque de Aerosta\u00e7\u00e3o de Vaugirard e contornou a Torre Eiffel. Isso representou um marco na hist\u00f3ria da avia\u00e7\u00e3o, pois foi a primeira vez que um ve\u00edculo mais pesado que o ar conseguiu manobrar nos c\u00e9us com um motor de combust\u00e3o interna. Seus dirig\u00edveis motorizados n\u00e3o apenas demonstraram sua genialidade, mas tamb\u00e9m impulsionaram a pesquisa em aerodin\u00e2mica e propuls\u00e3o a\u00e9rea. As inven\u00e7\u00f5es e contribui\u00e7\u00f5es de Santos Dumont transcendem a avia\u00e7\u00e3o, influenciando campos t\u00e3o diversos quanto a moda, a engenharia e o conforto pessoal. Seu legado perdura como um tributo \u00e0 vis\u00e3o e \u00e0 determina\u00e7\u00e3o de um homem que verdadeiramente se destacou como um dos maiores inovadores de todos os tempos.<\/p>\n<p>&nbsp;<\/p>\n<h4 id=\"relogio-de-pulso-elegancia-e-praticidade-no-tempo\"><strong>Rel\u00f3gio de pulso: eleg\u00e2ncia e praticidade no tempo<\/strong><\/h4>\n<p>Al\u00e9m de suas realiza\u00e7\u00f5es nos c\u00e9us, Santos Dumont deixou sua marca na moda e na funcionalidade com a inven\u00e7\u00e3o do rel\u00f3gio de pulso em 1904. Por estar sempre com as m\u00e3os ocupadas ao voar em seus bal\u00f5es, n\u00e3o podia verificar as horas em seu rel\u00f3gio de bolso, comum na \u00e9poca. Santos Dumont sugeriu criar um rel\u00f3gio com pulseira para ser usado no pulso, o que facilitaria suas consultas enquanto voava. Assim, em 1904, pediu a seu amigo Louis Cartier para desenvolver um modelo que pudesse ser utilizado no pulso, com pulseira de couro. Esta inova\u00e7\u00e3o n\u00e3o apenas redefiniu a maneira como as pessoas usavam rel\u00f3gios, mas tamb\u00e9m provou ser uma ferramenta pr\u00e1tica para os aviadores, permitindo-lhes verificar o tempo durante os voos, mantendo as m\u00e3os nos controles.<\/p>\n<h6 id=\"figura-1-santos-dumont-em-1902fonte-divisao-de-gravuras-e-fotografias-da-biblioteca-do-congresso-dos-estados-unidos\" style=\"text-align: center;\"><img loading=\"lazy\" class=\"aligncenter wp-image-4780\" src=\"https:\/\/revistacienciaecultura.org.br\/wp-content\/uploads\/2023\/09\/SD-1-229x300.jpg\" alt=\"\" width=\"381\" height=\"500\" srcset=\"https:\/\/revistacienciaecultura.org.br\/wp-content\/uploads\/2023\/09\/SD-1-229x300.jpg 229w, https:\/\/revistacienciaecultura.org.br\/wp-content\/uploads\/2023\/09\/SD-1-781x1024.jpg 781w, https:\/\/revistacienciaecultura.org.br\/wp-content\/uploads\/2023\/09\/SD-1-768x1007.jpg 768w, https:\/\/revistacienciaecultura.org.br\/wp-content\/uploads\/2023\/09\/SD-1-9x12.jpg 9w, https:\/\/revistacienciaecultura.org.br\/wp-content\/uploads\/2023\/09\/SD-1-800x1049.jpg 800w, https:\/\/revistacienciaecultura.org.br\/wp-content\/uploads\/2023\/09\/SD-1.jpg 915w\" sizes=\"(max-width: 381px) 100vw, 381px\" \/><br \/>\nFigura 1. Santos Dumont em 1902<br \/>\n(Fonte: \u00a0<a class=\"external text\" href=\"https:\/\/www.loc.gov\/rr\/print\/\" rel=\"nofollow\">Divis\u00e3o de Gravuras e Fotografias<\/a>\u00a0da\u00a0<a title=\"Library of Congress\" href=\"https:\/\/commons.wikimedia.org\/wiki\/Library_of_Congress\">Biblioteca do Congresso<\/a> dos Estados Unidos)<\/h6>\n<h4 id=\"\"><\/h4>\n<p>&nbsp;<\/p>\n<h4 id=\"hangar-abrigo-para-as-asas-da-revolucao-aerea\"><strong>Hangar: abrigo para as asas da revolu\u00e7\u00e3o a\u00e9rea<\/strong><\/h4>\n<p>Foi de Santos Dumont a ideia de construir o primeiro hangar do mundo. Assim, construiu um hangar em Paris para abrigar seus avi\u00f5es experimentais, reconhecendo a import\u00e2ncia de manter essas m\u00e1quinas inovadoras em condi\u00e7\u00f5es ideais. O primeiro hangar do mundo era comprido e alto o suficiente para abrigar o dirig\u00edvel N-3 e todos os componentes e ferramentas necess\u00e1rios para o trabalho. A constru\u00e7\u00e3o foi conclu\u00edda em 1900, com 30 metros de comprimento, 7 metros de largura e 11 metros de altura.<\/p>\n<p>&nbsp;<\/p>\n<h4 id=\"aviao-conquistando-os-ceus\"><strong>Avi\u00e3o: conquistando os c\u00e9us<\/strong><strong>\u00a0<\/strong><\/h4>\n<p>Primeiro a demonstrar publicamente que podia levantar voo com uma aeronave mais pesada do que o ar foi o brasileiro. No dia 12 de novembro de 1906, Santos Dumont, a bordo de seu 14-Bis (em uma vers\u00e3o chamada \u201cOiseau de Proie III\u201d), amealhou o Pr\u00eamio do Aeroclube da Fran\u00e7a, destinado a quem conseguisse tal fa\u00e7anha. Na disputa pelo pioneirismo com os irm\u00e3os Orville e Wilbur Wright, dos Estados Unidos, que alegam ter realizado o primeiro voo tr\u00eas anos antes, \u00e9 preciso ter em mente que, no caso dos irm\u00e3os norte-americanos, n\u00e3o realizaram uma exibi\u00e7\u00e3o p\u00fablica. Al\u00e9m da falta de registro, os voos executados pelos irm\u00e3os tinham outra peculiaridade: o avi\u00e3o era lan\u00e7ado ao ar por uma esp\u00e9cie de catapulta, j\u00e1 que n\u00e3o possu\u00eda rodas.<\/p>\n<p><strong>\u00a0<\/strong><\/p>\n<h4 id=\"precursor-do-ultraleve-sonhando-com-a-acessibilidade-aos-ceus\"><strong>Precursor do ultraleve: sonhando com a acessibilidade aos c\u00e9us<\/strong><\/h4>\n<p>Em seu desejo de tornar a avia\u00e7\u00e3o mais acess\u00edvel, Santos Dumont trabalhou em projetos que podem ser considerados precursores dos ultraleves modernos. Ele vislumbrou aeronaves leves e acess\u00edveis para uso pessoal, plantando as sementes para futuras aeronaves de lazer. Santos Dumont desenvolveu o precursor do ultraleve em 1907. O pequeno avi\u00e3o foi apelidado pelos franceses de <em>Demoiselle<\/em>, pesava pouco mais de 100 kg, possu\u00eda estrutura de bambu e continha motor de 35 HP. Com essa primeira vers\u00e3o, Santos Dumont empreendeu voos de menos de 200 metros em Saint-Cyr, em Paris.<\/p>\n<p>&nbsp;<\/p>\n<h4 id=\"chuveiro-de-agua-quente-conforto-elevado-a-novas-alturas\"><strong>Chuveiro de \u00e1gua quente: conforto elevado a novas alturas<\/strong><\/h4>\n<p>Al\u00e9m de suas inova\u00e7\u00f5es a\u00e9reas, Santos Dumont tamb\u00e9m se preocupava com o conforto humano. Ele instalou um chuveiro de \u00e1gua quente em sua casa, uma raridade na \u00e9poca. O chal\u00e9 &#8216;A Encantada&#8217;, resid\u00eancia de ver\u00e3o de Santos Dumont, no Rio de Janeiro, foi projetado pelo pr\u00f3prio aviador em 1918. Os tr\u00eas andares da casa est\u00e3o repletos de ideias novas para a \u00e9poca, como o chuveiro de \u00e1gua quente, at\u00e9 ent\u00e3o in\u00e9dito no Brasil. O chuveiro era aquecido a \u00e1lcool e funcionava com um balde perfurado e dividido ao meio, com entrada para \u00e1gua quente e fria e duas correntes de temperatura. Entretanto, a inven\u00e7\u00e3o do chuveiro el\u00e9trico como se conhece hoje (e \u00e9 amplamente usado pela popula\u00e7\u00e3o) \u00e9 de outro brasileiro: o engenheiro Francisco Canhos, segundo a Universidade de S\u00e3o Paulo (USP).<\/p>\n<p>&nbsp;<\/p>\n<h6 id=\"capa-dominio-publico\">Capa: Dom\u00ednio p\u00fablico<\/h6>\n","protected":false},"excerpt":{"rendered":"Conhe\u00e7a sete inven\u00e7\u00f5es do pioneiro da avia\u00e7\u00e3o &nbsp; A hist\u00f3ria da avia\u00e7\u00e3o&hellip;\n","protected":false},"author":19,"featured_media":4779,"comment_status":"open","ping_status":"open","sticky":false,"template":"","format":"standard","meta":[],"categories":[1,2],"tags":[],"acf":[],"_links":{"self":[{"href":"https:\/\/revistacienciaecultura.org.br\/index.php?rest_route=\/wp\/v2\/posts\/4778"}],"collection":[{"href":"https:\/\/revistacienciaecultura.org.br\/index.php?rest_route=\/wp\/v2\/posts"}],"about":[{"href":"https:\/\/revistacienciaecultura.org.br\/index.php?rest_route=\/wp\/v2\/types\/post"}],"author":[{"embeddable":true,"href":"https:\/\/revistacienciaecultura.org.br\/index.php?rest_route=\/wp\/v2\/users\/19"}],"replies":[{"embeddable":true,"href":"https:\/\/revistacienciaecultura.org.br\/index.php?rest_route=%2Fwp%2Fv2%2Fcomments&post=4778"}],"version-history":[{"count":3,"href":"https:\/\/revistacienciaecultura.org.br\/index.php?rest_route=\/wp\/v2\/posts\/4778\/revisions"}],"predecessor-version":[{"id":4783,"href":"https:\/\/revistacienciaecultura.org.br\/index.php?rest_route=\/wp\/v2\/posts\/4778\/revisions\/4783"}],"wp:featuredmedia":[{"embeddable":true,"href":"https:\/\/revistacienciaecultura.org.br\/index.php?rest_route=\/wp\/v2\/media\/4779"}],"wp:attachment":[{"href":"https:\/\/revistacienciaecultura.org.br\/index.php?rest_route=%2Fwp%2Fv2%2Fmedia&parent=4778"}],"wp:term":[{"taxonomy":"category","embeddable":true,"href":"https:\/\/revistacienciaecultura.org.br\/index.php?rest_route=%2Fwp%2Fv2%2Fcategories&post=4778"},{"taxonomy":"post_tag","embeddable":true,"href":"https:\/\/revistacienciaecultura.org.br\/index.php?rest_route=%2Fwp%2Fv2%2Ftags&post=4778"}],"curies":[{"name":"wp","href":"https:\/\/api.w.org\/{rel}","templated":true}]}}