{"id":4799,"date":"2023-09-26T07:30:28","date_gmt":"2023-09-26T07:30:28","guid":{"rendered":"https:\/\/revistacienciaecultura.org.br\/?p=4799"},"modified":"2023-09-25T18:32:59","modified_gmt":"2023-09-25T18:32:59","slug":"novo-plano-nacional-de-pos-graduacao-no-brasil-tera-foco-na-reducao-de-desigualdades","status":"publish","type":"post","link":"https:\/\/revistacienciaecultura.org.br\/?p=4799","title":{"rendered":"Novo Plano Nacional de P\u00f3s-Gradua\u00e7\u00e3o no Brasil ter\u00e1 foco na redu\u00e7\u00e3o de desigualdades"},"content":{"rendered":"<h4 id=\"em-reuniao-de-pro-reitores-do-sudeste-capes-afirma-que-pnpg-vai-olhar-para-interiorizacao-e-questoes-regionais-raciais-e-de-genero\"><span style=\"color: #808080;\">Em reuni\u00e3o de pr\u00f3-reitores do Sudeste, Capes afirma que PNPG vai olhar para interioriza\u00e7\u00e3o e quest\u00f5es regionais, raciais e de g\u00eanero<\/span><\/h4>\n<p><em>\u00a0<\/em><\/p>\n<p>O Brasil est\u00e1 se preparando para lan\u00e7ar um novo Plano Nacional de P\u00f3s-Gradua\u00e7\u00e3o (PNPG) at\u00e9 o final deste ano, que definir\u00e1 estrat\u00e9gias e metas para pol\u00edticas de p\u00f3s-gradua\u00e7\u00e3o, pesquisa e forma\u00e7\u00e3o de pessoal nos pr\u00f3ximos cinco anos. Para entender mais sobre o processo de elabora\u00e7\u00e3o e as prioridades deste plano, a Ag\u00eancia Brasil teve uma conversa exclusiva com Mercedes Bustamante, presidente da Coordena\u00e7\u00e3o de Aperfei\u00e7oamento de Pessoal de N\u00edvel Superior (Capes).<\/p>\n<p>De acordo com Mercedes Bustamante, o novo plano enfatizar\u00e1 pol\u00edticas e a\u00e7\u00f5es voltadas para a redu\u00e7\u00e3o das desigualdades, a forma\u00e7\u00e3o de professores e a melhoria da rela\u00e7\u00e3o entre a p\u00f3s-gradua\u00e7\u00e3o e as necessidades da sociedade. Atualmente, o documento est\u00e1 em fase de discuss\u00e3o interna em grupos de trabalho, e est\u00e3o previstas oficinas regionais em parceria com funda\u00e7\u00f5es de pesquisa estaduais, bem como uma consulta p\u00fablica. Ap\u00f3s essas etapas, o plano dever\u00e1 ser aprovado pelo Conselho Superior da Capes, com expectativa de entrada em vigor em janeiro de 2024.<\/p>\n<p>Al\u00e9m disso, o novo PNPG tamb\u00e9m servir\u00e1 como orienta\u00e7\u00e3o para o Plano Nacional de Educa\u00e7\u00e3o (PNE), que estabelece metas para toda a educa\u00e7\u00e3o no pa\u00eds por uma d\u00e9cada. O atual PNE se encerra em 2024, e uma nova legisla\u00e7\u00e3o dever\u00e1 ser aprovada.<\/p>\n<p>Um dos objetivos atuais para a p\u00f3s-gradua\u00e7\u00e3o \u00e9 aumentar o n\u00famero de mestres e doutores no pa\u00eds, com uma meta de 60 mil mestres e 25 mil doutores. A presidente Bustamante destacou o papel da Capes na redu\u00e7\u00e3o das disparidades entre os cursos de p\u00f3s-gradua\u00e7\u00e3o, enfatizando a import\u00e2ncia de manter a diversidade sem acentuar as desigualdades.<\/p>\n<p>Quanto \u00e0s bolsas de estudo, Mercedes Bustamante mencionou o recente aumento e esclareceu que n\u00e3o h\u00e1 previs\u00e3o para novos reajustes, uma vez que isso depende do processo legislativo de or\u00e7amento anual. Atualmente, a Capes financia mais de 50 mil bolsas de doutorado, 44 mil de mestrado e 3.500 de p\u00f3s-doutorado no Brasil.<\/p>\n<p>No \u00e2mbito da reuni\u00e3o do F\u00f3rum Nacional de Pr\u00f3-Reitores de Pesquisa e P\u00f3s-Gradua\u00e7\u00e3o (Foprop) da Regional Sudeste, Mercedes Bustamante enfatizou que o novo PNPG ter\u00e1 como foco a redu\u00e7\u00e3o das desigualdades, abrangendo quest\u00f5es regionais, \u00e9tnico-raciais e de g\u00eanero. A interioriza\u00e7\u00e3o da p\u00f3s-gradua\u00e7\u00e3o e o entendimento das assimetrias nas \u00e1reas do conhecimento tamb\u00e9m s\u00e3o pontos-chave do novo plano.<\/p>\n<p>Com a vig\u00eancia prevista para 2024 a 2028, o novo PNPG est\u00e1 atualmente em constru\u00e7\u00e3o, com oficinas estaduais realizadas em setembro em colabora\u00e7\u00e3o com funda\u00e7\u00f5es estaduais de pesquisa para obter contribui\u00e7\u00f5es da sociedade. Em outubro, ser\u00e1 aberta uma consulta p\u00fablica para a participa\u00e7\u00e3o de todos. O plano finalizado ser\u00e1 submetido \u00e0 aprova\u00e7\u00e3o do Conselho Superior da Capes e tamb\u00e9m far\u00e1 parte do Plano Nacional de Educa\u00e7\u00e3o para a pr\u00f3xima d\u00e9cada.<\/p>\n<p><span style=\"color: #808080;\"><em>Com informa\u00e7\u00f5es da <a style=\"color: #808080;\" href=\"https:\/\/www.gov.br\/capes\/\">Capes<\/a><\/em><\/span><\/p>\n","protected":false},"excerpt":{"rendered":"Em reuni\u00e3o de pr\u00f3-reitores do Sudeste, Capes afirma que PNPG vai olhar&hellip;\n","protected":false},"author":19,"featured_media":4290,"comment_status":"open","ping_status":"open","sticky":false,"template":"","format":"standard","meta":[],"categories":[1,2],"tags":[],"acf":[],"_links":{"self":[{"href":"https:\/\/revistacienciaecultura.org.br\/index.php?rest_route=\/wp\/v2\/posts\/4799"}],"collection":[{"href":"https:\/\/revistacienciaecultura.org.br\/index.php?rest_route=\/wp\/v2\/posts"}],"about":[{"href":"https:\/\/revistacienciaecultura.org.br\/index.php?rest_route=\/wp\/v2\/types\/post"}],"author":[{"embeddable":true,"href":"https:\/\/revistacienciaecultura.org.br\/index.php?rest_route=\/wp\/v2\/users\/19"}],"replies":[{"embeddable":true,"href":"https:\/\/revistacienciaecultura.org.br\/index.php?rest_route=%2Fwp%2Fv2%2Fcomments&post=4799"}],"version-history":[{"count":2,"href":"https:\/\/revistacienciaecultura.org.br\/index.php?rest_route=\/wp\/v2\/posts\/4799\/revisions"}],"predecessor-version":[{"id":4801,"href":"https:\/\/revistacienciaecultura.org.br\/index.php?rest_route=\/wp\/v2\/posts\/4799\/revisions\/4801"}],"wp:featuredmedia":[{"embeddable":true,"href":"https:\/\/revistacienciaecultura.org.br\/index.php?rest_route=\/wp\/v2\/media\/4290"}],"wp:attachment":[{"href":"https:\/\/revistacienciaecultura.org.br\/index.php?rest_route=%2Fwp%2Fv2%2Fmedia&parent=4799"}],"wp:term":[{"taxonomy":"category","embeddable":true,"href":"https:\/\/revistacienciaecultura.org.br\/index.php?rest_route=%2Fwp%2Fv2%2Fcategories&post=4799"},{"taxonomy":"post_tag","embeddable":true,"href":"https:\/\/revistacienciaecultura.org.br\/index.php?rest_route=%2Fwp%2Fv2%2Ftags&post=4799"}],"curies":[{"name":"wp","href":"https:\/\/api.w.org\/{rel}","templated":true}]}}