{"id":4814,"date":"2023-09-28T07:30:41","date_gmt":"2023-09-28T07:30:41","guid":{"rendered":"https:\/\/revistacienciaecultura.org.br\/?p=4814"},"modified":"2023-09-27T18:31:44","modified_gmt":"2023-09-27T18:31:44","slug":"sbpc-realiza-dia-de-luta-pela-democracia-brasileira-em-5-de-outubro","status":"publish","type":"post","link":"https:\/\/revistacienciaecultura.org.br\/?p=4814","title":{"rendered":"SBPC realiza Dia de Luta pela Democracia Brasileira em 5 de outubro"},"content":{"rendered":"<h4 id=\"em-manifesto-entidade-conclama-sociedade-brasileira-a-promover-nesta-data-iniciativas-mostrando-tanto-o-horror-que-ha-nos-regimes-ditatoriais-repressao-censura-tortura-e-tambem\"><span style=\"color: #808080;\">Em manifesto, entidade conclama sociedade brasileira a promover nesta data iniciativas \u201cmostrando tanto o horror que h\u00e1 nos regimes ditatoriais \u2013 repress\u00e3o, censura, tortura e, tamb\u00e9m, fome e mis\u00e9ria \u2013 quanto as qualidades da democracia\u201d<\/span><\/h4>\n<p>&nbsp;<\/p>\n<p>A Diretoria da SBPC, no per\u00edodo de agosto de 2021 a dezembro de 2022, quando nuvens de tempestade amea\u00e7avam a democracia e a pr\u00f3pria sociedade brasileira, promoveu uma s\u00e9rie de atividades de protesto, com o intuito de manter acesas as chamas da ci\u00eancia, da educa\u00e7\u00e3o, da sa\u00fade, do meio ambiente e da inclus\u00e3o social, todas elas ent\u00e3o sob forte ataque.<\/p>\n<p>Hoje, passado o pior, \u00e9 essencial que o Brasil retome a consolida\u00e7\u00e3o democr\u00e1tica, caminho que trilhou por tr\u00eas d\u00e9cadas, a partir de 1985, antes que o \u00f3dio aos direitos humanos colocasse em cena um retrocesso significativo.<\/p>\n<p>\u00c9 por isso que a SBPC, com cerca de cem entidades cient\u00edficas, mais um bom n\u00famero e associa\u00e7\u00f5es da sociedade civil, lan\u00e7ou a ideia de um\u00a0<strong>Dia de Luta pela Democracia Brasileira,<\/strong>\u00a0que duas assembleias das entidades em quest\u00e3o fixaram para o pr\u00f3ximo dia\u00a0<strong>5 de outubro<\/strong>.<\/p>\n<p>Partimos, nas palavras de nossa presidente de honra, Helena Nader, atualmente dirigente da Academia Brasileira de Ci\u00eancias, da percep\u00e7\u00e3o de que falhamos, n\u00e3o promovendo, ap\u00f3s a Constitui\u00e7\u00e3o de 1988, uma intensa educa\u00e7\u00e3o democr\u00e1tica de nosso povo \u2013 e em especial dos mais jovens, aqueles que n\u00e3o tiveram experi\u00eancia pessoal do horror que \u00e9 a ditadura.<\/p>\n<p>\u00c9 hora, portanto, de fundamentar, na cultura brasileira, os valores democr\u00e1ticos.<\/p>\n<p>A Marcha da Quarta-Feira de Cinzas, de Vinicius de Moraes, bem exprime esse torpor que o Brasil viveu \u2013 e a necessidade de garantir uma cultura democr\u00e1tica em nosso Pa\u00eds:<\/p>\n<p style=\"text-align: center;\"><em>Pelas ruas o que se v\u00ea<\/em><br \/>\n<em>\u00c9 uma gente que nem se v\u00ea<\/em><br \/>\n<em>Que nem se sorri<\/em><br \/>\n<em>Se beija e se abra\u00e7a<\/em><br \/>\n<em>E sai caminhando<\/em><br \/>\n<em>Dan\u00e7ando e cantando<\/em><br \/>\n<em>Cantigas de amor<\/em><\/p>\n<p style=\"text-align: center;\"><em>E no entanto \u00e9 preciso cantar<\/em><\/p>\n<p style=\"text-align: center;\"><em>Mais que nunca \u00e9 preciso cantar<\/em><br \/>\n<em>\u00c9 preciso cantar e alegrar a cidade<\/em><\/p>\n<p style=\"text-align: center;\"><em>A tristeza que a gente tem<\/em><br \/>\n<em>Qualquer dia vai se acabar<\/em><br \/>\n<em>Todos v\u00e3o sorrir<\/em><br \/>\n<em>Voltou a esperan\u00e7a<\/em><br \/>\n<em>\u00c9 o povo que dan\u00e7a<\/em><br \/>\n<em>Contente da vida<\/em><br \/>\n<em>Feliz a cantar<\/em><\/p>\n<p>Nosso prop\u00f3sito \u00e9, ent\u00e3o, no pr\u00f3ximo dia 5 de outubro chamar a sociedade brasileira, por iniciativas as mais variadas, aut\u00f4nomas, independentes, a agir mostrando tanto o horror que h\u00e1 nos regimes ditatoriais \u2013 repress\u00e3o, censura, tortura e, tamb\u00e9m, fome e mis\u00e9ria \u2013 quanto as qualidades da democracia. Pois foi o regime democr\u00e1tico que permitiu tirar o Brasil do Mapa da Fome, mudar completamente o perfil da comunidade acad\u00eamica, tornando-a mais representativa da diversidade social brasileira, e muito mais que isso.<\/p>\n<p>N\u00e3o podemos depender apenas das institui\u00e7\u00f5es para garantir a democracia, e isto embora saudemos o papel do Tribunal Superior Eleitoral nas \u00faltimas elei\u00e7\u00f5es, e do Supremo Tribunal Federal e o do Minist\u00e9rio da Justi\u00e7a na defesa da democracia contra as a\u00e7\u00f5es golpistas de um ano para c\u00e1. Necessitamos ancorar os valores democr\u00e1ticos, que s\u00e3o os valores \u00e9ticos de nosso tempo, na psique de nossa sociedade.<\/p>\n<p>Para isso, conclamamos a sociedade brasileira:\u00a0<strong>Temos nojo e \u00f3dio da ditadura<\/strong>, como disse o dr. Ulysses Guimar\u00e3es ao assinar a Constitui\u00e7\u00e3o de 1988.\u00a0<strong>Traidor \u00e0 Constitui\u00e7\u00e3o \u00e9 traidor da P\u00e1tria.<\/strong><\/p>\n<p>Viva a democracia!<\/p>\n<p>E lutamos pela educa\u00e7\u00e3o e pela ci\u00eancia, para o progresso da sociedade brasileira.<\/p>\n<p>Brasil, 25 de setembro de 2023.<\/p>\n<p><em>Diretoria da SBPC<\/em><\/p>\n<p><strong>Envie sua atividade at\u00e9 03 de outubro pelo formul\u00e1rio:\u00a0<span style=\"color: #800000;\"><a style=\"color: #800000;\" href=\"https:\/\/forms.gle\/MZfyoLSb1EWP5q377\" target=\"_blank\" rel=\"noopener\">https:\/\/forms.gle\/MZfyoLSb1EWP5q377<\/a><\/span><\/strong><\/p>\n<p>&nbsp;<\/p>\n<h6 id=\"capa-freepik-com\">Capa: Freepik.com<\/h6>\n","protected":false},"excerpt":{"rendered":"Em manifesto, entidade conclama sociedade brasileira a promover nesta data iniciativas \u201cmostrando&hellip;\n","protected":false},"author":19,"featured_media":4815,"comment_status":"open","ping_status":"open","sticky":false,"template":"","format":"standard","meta":[],"categories":[1,2],"tags":[],"acf":[],"_links":{"self":[{"href":"https:\/\/revistacienciaecultura.org.br\/index.php?rest_route=\/wp\/v2\/posts\/4814"}],"collection":[{"href":"https:\/\/revistacienciaecultura.org.br\/index.php?rest_route=\/wp\/v2\/posts"}],"about":[{"href":"https:\/\/revistacienciaecultura.org.br\/index.php?rest_route=\/wp\/v2\/types\/post"}],"author":[{"embeddable":true,"href":"https:\/\/revistacienciaecultura.org.br\/index.php?rest_route=\/wp\/v2\/users\/19"}],"replies":[{"embeddable":true,"href":"https:\/\/revistacienciaecultura.org.br\/index.php?rest_route=%2Fwp%2Fv2%2Fcomments&post=4814"}],"version-history":[{"count":3,"href":"https:\/\/revistacienciaecultura.org.br\/index.php?rest_route=\/wp\/v2\/posts\/4814\/revisions"}],"predecessor-version":[{"id":4818,"href":"https:\/\/revistacienciaecultura.org.br\/index.php?rest_route=\/wp\/v2\/posts\/4814\/revisions\/4818"}],"wp:featuredmedia":[{"embeddable":true,"href":"https:\/\/revistacienciaecultura.org.br\/index.php?rest_route=\/wp\/v2\/media\/4815"}],"wp:attachment":[{"href":"https:\/\/revistacienciaecultura.org.br\/index.php?rest_route=%2Fwp%2Fv2%2Fmedia&parent=4814"}],"wp:term":[{"taxonomy":"category","embeddable":true,"href":"https:\/\/revistacienciaecultura.org.br\/index.php?rest_route=%2Fwp%2Fv2%2Fcategories&post=4814"},{"taxonomy":"post_tag","embeddable":true,"href":"https:\/\/revistacienciaecultura.org.br\/index.php?rest_route=%2Fwp%2Fv2%2Ftags&post=4814"}],"curies":[{"name":"wp","href":"https:\/\/api.w.org\/{rel}","templated":true}]}}