{"id":4826,"date":"2023-09-28T11:21:16","date_gmt":"2023-09-28T11:21:16","guid":{"rendered":"https:\/\/revistacienciaecultura.org.br\/?p=4826"},"modified":"2023-09-28T11:21:16","modified_gmt":"2023-09-28T11:21:16","slug":"politicas-de-ciencia-tecnologia-e-inovacao-na-america-latina","status":"publish","type":"post","link":"https:\/\/revistacienciaecultura.org.br\/?p=4826","title":{"rendered":"Pol\u00edticas de ci\u00eancia, tecnologia e inova\u00e7\u00e3o na Am\u00e9rica Latina"},"content":{"rendered":"<h4 id=\"transformacoes-na-regiao-impulsionam-necessidade-de-investimentos-em-ciencia-e-tecnologia\"><span style=\"color: #808080;\">Transforma\u00e7\u00f5es na regi\u00e3o impulsionam necessidade de investimentos em ci\u00eancia e tecnologia<\/span><\/h4>\n<p>&nbsp;<\/p>\n<p>Os pa\u00edses da Am\u00e9rica Latina est\u00e3o passando por r\u00e1pidas e profundas transforma\u00e7\u00f5es tanto pol\u00edticas quanto econ\u00f4micas. T\u00eam, agora, presidentes eleitos democraticamente, privatiza\u00e7\u00f5es em larga escala, e economias abertas. Essas transforma\u00e7\u00f5es exigem tamb\u00e9m uma mudan\u00e7a de postura por parte da comunidade cient\u00edfica e das universidades desses pa\u00edses.<\/p>\n<p>Nas d\u00e9cadas de 1970 e 1980, grande parte da Am\u00e9rica Latina estava sob regimes militares, caracterizados por economias fechadas e altas barreiras \u00e0 importa\u00e7\u00e3o. Mas, no final dos anos 1980, esse modelo econ\u00f4mico colapsou na regi\u00e3o. D\u00edvidas externas crescentes e infla\u00e7\u00e3o descontrolada provocaram um choque econ\u00f4mico. A defasagem tecnol\u00f3gica aumentou, enquanto a necessidade de inova\u00e7\u00e3o se tornou mais premente. Novos governos eleitos responderam com pol\u00edticas de abertura de mercado, mas isso tamb\u00e9m resultou em desindustrializa\u00e7\u00e3o e uma perda de capacidade inovadora em muitos pa\u00edses. \u201cO problema da Am\u00e9rica Latina \u00e9 a inconst\u00e2ncia de governo. Um problema inclusive de solidificar a democracia nos pa\u00edses latino-americanos. Ent\u00e3o essa falta de continuidade cient\u00edfica prejudica uma maior integra\u00e7\u00e3o\u201d, pontua Ana Tereza Vasconcelos, pesquisadora do Laborat\u00f3rio Nacional de Computa\u00e7\u00e3o Cient\u00edfica (MCTI) onde coordena o Laborat\u00f3rio de Bioinform\u00e1tica e a Unidade de Gen\u00f4mica Computacional Darcy Fontoura de Almeida.<\/p>\n<p>A Am\u00e9rica Latina agora enfrenta o desafio de impulsionar investimentos em ci\u00eancia e tecnologia e repensar as pol\u00edticas de coopera\u00e7\u00e3o para expandir a pesquisa e o desenvolvimento entre seus pa\u00edses membros. A integra\u00e7\u00e3o da comunidade cient\u00edfica latino-americana pode n\u00e3o apenas dar visibilidade \u00e0s pesquisas e aos pesquisadores, mas tamb\u00e9m reduzir a lacuna tecnol\u00f3gica que perpetua as desigualdades econ\u00f4micas e sociais. \u201cEu acho que tem algumas coisas que poderiam ser feitas. Uma delas \u00e9 realmente fazer um plano da Am\u00e9rica do Sul, integrado entre os pa\u00edses\u201d, defende Paulo Roberto Feldmann, professor do Departamento de Administra\u00e7\u00e3o (FEA) da Universidade de S\u00e3o Paulo (USP) e coordenador de projetos da Funda\u00e7\u00e3o Instituto de Administra\u00e7\u00e3o (FIA).<\/p>\n<p>Embora tenha havido avan\u00e7os na constru\u00e7\u00e3o de uma institucionalidade mais robusta em ci\u00eancia, tecnologia e inova\u00e7\u00e3o em v\u00e1rios pa\u00edses da regi\u00e3o, \u00e9 necess\u00e1rio um papel mais ativo desses setores nas pol\u00edticas de desenvolvimento econ\u00f4mico, produtivo e social. A Am\u00e9rica Latina ainda enfrenta o desafio de garantir que a ci\u00eancia e a tecnologia desempenhem um papel central em suas pol\u00edticas. \u201cA ci\u00eancia na Am\u00e9rica Latina ainda precisa refor\u00e7ar a sua interface com a sociedade, especialmente na \u00e1rea de formula\u00e7\u00e3o de pol\u00edticas p\u00fablicas, \u00e9 preciso ter uma rede densa de colabora\u00e7\u00e3o entre a ci\u00eancia e setores dentro do governo\u201d, finaliza Elizabeth Balbachevsky, professora do Departamento de Ci\u00eancia Pol\u00edtica da Universidade de S\u00e3o Paulo (USP) e coordenadora cient\u00edfica do N\u00facleo de Pesquisa de Pol\u00edticas P\u00fablicas da USP (NUPPs).<\/p>\n<p><strong>Assista ao v\u00eddeo:<\/strong><\/p>\n<p><iframe loading=\"lazy\" title=\"Pol\u00edticas de ci\u00eancia, tecnologia e inova\u00e7\u00e3o na Am\u00e9rica Latina\" width=\"1200\" height=\"675\" src=\"https:\/\/www.youtube.com\/embed\/2vLsOscd-xU?feature=oembed\" frameborder=\"0\" allow=\"accelerometer; autoplay; clipboard-write; encrypted-media; gyroscope; picture-in-picture; web-share\" allowfullscreen><\/iframe><\/p>\n","protected":false},"excerpt":{"rendered":"Transforma\u00e7\u00f5es na regi\u00e3o impulsionam necessidade de investimentos em ci\u00eancia e tecnologia &nbsp;&hellip;\n","protected":false},"author":19,"featured_media":4829,"comment_status":"open","ping_status":"open","sticky":false,"template":"","format":"standard","meta":[],"categories":[5],"tags":[],"acf":[],"_links":{"self":[{"href":"https:\/\/revistacienciaecultura.org.br\/index.php?rest_route=\/wp\/v2\/posts\/4826"}],"collection":[{"href":"https:\/\/revistacienciaecultura.org.br\/index.php?rest_route=\/wp\/v2\/posts"}],"about":[{"href":"https:\/\/revistacienciaecultura.org.br\/index.php?rest_route=\/wp\/v2\/types\/post"}],"author":[{"embeddable":true,"href":"https:\/\/revistacienciaecultura.org.br\/index.php?rest_route=\/wp\/v2\/users\/19"}],"replies":[{"embeddable":true,"href":"https:\/\/revistacienciaecultura.org.br\/index.php?rest_route=%2Fwp%2Fv2%2Fcomments&post=4826"}],"version-history":[{"count":2,"href":"https:\/\/revistacienciaecultura.org.br\/index.php?rest_route=\/wp\/v2\/posts\/4826\/revisions"}],"predecessor-version":[{"id":4830,"href":"https:\/\/revistacienciaecultura.org.br\/index.php?rest_route=\/wp\/v2\/posts\/4826\/revisions\/4830"}],"wp:featuredmedia":[{"embeddable":true,"href":"https:\/\/revistacienciaecultura.org.br\/index.php?rest_route=\/wp\/v2\/media\/4829"}],"wp:attachment":[{"href":"https:\/\/revistacienciaecultura.org.br\/index.php?rest_route=%2Fwp%2Fv2%2Fmedia&parent=4826"}],"wp:term":[{"taxonomy":"category","embeddable":true,"href":"https:\/\/revistacienciaecultura.org.br\/index.php?rest_route=%2Fwp%2Fv2%2Fcategories&post=4826"},{"taxonomy":"post_tag","embeddable":true,"href":"https:\/\/revistacienciaecultura.org.br\/index.php?rest_route=%2Fwp%2Fv2%2Ftags&post=4826"}],"curies":[{"name":"wp","href":"https:\/\/api.w.org\/{rel}","templated":true}]}}