{"id":4831,"date":"2023-10-02T08:00:09","date_gmt":"2023-10-02T08:00:09","guid":{"rendered":"https:\/\/revistacienciaecultura.org.br\/?p=4831"},"modified":"2023-09-28T11:30:54","modified_gmt":"2023-09-28T11:30:54","slug":"papel-global-da-america-latina","status":"publish","type":"post","link":"https:\/\/revistacienciaecultura.org.br\/?p=4831","title":{"rendered":"Papel global da Am\u00e9rica Latina"},"content":{"rendered":"<h4 id=\"regiao-tem-papel-fundamental-em-questoes-urgentes-no-cenario-mundial\"><span style=\"color: #808080;\">Regi\u00e3o tem papel fundamental em quest\u00f5es urgentes no cen\u00e1rio mundial<\/span><\/h4>\n<p>&nbsp;<\/p>\n<p>O cen\u00e1rio atual \u00e9 cr\u00edtico, com desafios globais interconectados, incluindo crises econ\u00f4micas, energ\u00e9ticas e migrat\u00f3rias. Tais desafios demandam abordagens complexas e multilaterais. A Am\u00e9rica Latina enfrenta desafios e oportunidades \u00fanicas em um mundo em constante transforma\u00e7\u00e3o.<\/p>\n<p>Neste contexto, \u00e9 crucial que os governos da regi\u00e3o desenvolvam uma agenda conjunta que v\u00e1 al\u00e9m da l\u00f3gica bipolar e promova o multilateralismo. O di\u00e1logo intra-regional deve ser fortalecido, e c\u00fapulas de presidentes, ap\u00f3s um hiato de sete anos, precisam ser retomadas. Al\u00e9m disso, \u00e9 necess\u00e1rio repensar os acordos de integra\u00e7\u00e3o, transformando-os em instrumentos de interdepend\u00eancia econ\u00f4mica e geopol\u00edtica, em vez de meros acordos comerciais. \u201cA integra\u00e7\u00e3o mostra um novo tipo de pot\u00eancia desses pa\u00edses, a capacidade de negociar conjuntamente sobre uma s\u00e9rie de aspectos \u2013 desde a democracia na constru\u00e7\u00e3o de pol\u00edticas que sejam mais inclusivas at\u00e9 as decis\u00f5es econ\u00f4micas\u201d, pontua Edna Castro, professora em\u00e9rita da Universidade Federal do Par\u00e1 (UFP) e recentemente eleita presidente da Sociedade Brasileira de Sociologia (SBS).<\/p>\n<p>A Am\u00e9rica Latina possui um potencial significativo na agenda clim\u00e1tica e energ\u00e9tica, tornando-se um aliado-chave para a Uni\u00e3o Europeia e outros parceiros globais. Com metade da biodiversidade mundial, 33% da energia proveniente de fontes renov\u00e1veis e vastas reservas de minerais essenciais para a transi\u00e7\u00e3o ecol\u00f3gica, a regi\u00e3o pode desempenhar um papel crucial na transi\u00e7\u00e3o global para uma economia mais sustent\u00e1vel. \u201cN\u00f3s n\u00e3o podemos nos furtar de debater as emerg\u00eancias clim\u00e1ticas que est\u00e3o ocorrendo no mundo inteiro. N\u00f3s estamos convivendo com esses desastres, que ser\u00e3o cada vez mais intensos e mais pr\u00f3ximos. E a integra\u00e7\u00e3o latino-americana passa necessariamente em como integrar sem destruir\u201d, enfatiza a pesquisadora.<\/p>\n<p>A recente c\u00fapula entre a Celac e a Uni\u00e3o Europeia exp\u00f4s o papel da Am\u00e9rica Latina no cen\u00e1rio pol\u00edtico global. Para Edna Castro, em meio a desafios globais complexos, a Am\u00e9rica Latina tem a chance de se posicionar como um ator-chave na arena internacional, promovendo a coopera\u00e7\u00e3o e ajudando a moldar um mundo mais sustent\u00e1vel e equitativo. \u00c9 crucial que a regi\u00e3o aproveite essas oportunidades e construa alian\u00e7as estrat\u00e9gicas para enfrentar os desafios do s\u00e9culo XXI. \u201cSe vamos falar de integra\u00e7\u00e3o, temos que pensar na integra\u00e7\u00e3o de pa\u00edses que s\u00e3o cidad\u00e3os, que lidam com a diversidade e com os dilemas \u2013 e o dilema \u00e9 a popula\u00e7\u00e3o dessa regi\u00e3o n\u00e3o poder viver a plenitude de suas vidas\u201d, finaliza.<\/p>\n<p><strong>Ou\u00e7a o epis\u00f3dio completo:<\/strong><\/p>\n<p><iframe title=\"Spotify Embed: Papel global da Am\u00e9rica Latina\" style=\"border-radius: 12px\" width=\"100%\" height=\"152\" frameborder=\"0\" allowfullscreen allow=\"autoplay; clipboard-write; encrypted-media; fullscreen; picture-in-picture\" loading=\"lazy\" src=\"https:\/\/open.spotify.com\/embed\/episode\/4k18hw6iNE4NmNpzMaCMad?si=8GEEH2emSnOdDWUL-jBXmA&#038;utm_source=oembed\"><\/iframe><\/p>\n","protected":false},"excerpt":{"rendered":"Regi\u00e3o tem papel fundamental em quest\u00f5es urgentes no cen\u00e1rio mundial &nbsp; O&hellip;\n","protected":false},"author":19,"featured_media":4834,"comment_status":"open","ping_status":"open","sticky":false,"template":"","format":"standard","meta":[],"categories":[4],"tags":[],"acf":[],"_links":{"self":[{"href":"https:\/\/revistacienciaecultura.org.br\/index.php?rest_route=\/wp\/v2\/posts\/4831"}],"collection":[{"href":"https:\/\/revistacienciaecultura.org.br\/index.php?rest_route=\/wp\/v2\/posts"}],"about":[{"href":"https:\/\/revistacienciaecultura.org.br\/index.php?rest_route=\/wp\/v2\/types\/post"}],"author":[{"embeddable":true,"href":"https:\/\/revistacienciaecultura.org.br\/index.php?rest_route=\/wp\/v2\/users\/19"}],"replies":[{"embeddable":true,"href":"https:\/\/revistacienciaecultura.org.br\/index.php?rest_route=%2Fwp%2Fv2%2Fcomments&post=4831"}],"version-history":[{"count":3,"href":"https:\/\/revistacienciaecultura.org.br\/index.php?rest_route=\/wp\/v2\/posts\/4831\/revisions"}],"predecessor-version":[{"id":4833,"href":"https:\/\/revistacienciaecultura.org.br\/index.php?rest_route=\/wp\/v2\/posts\/4831\/revisions\/4833"}],"wp:featuredmedia":[{"embeddable":true,"href":"https:\/\/revistacienciaecultura.org.br\/index.php?rest_route=\/wp\/v2\/media\/4834"}],"wp:attachment":[{"href":"https:\/\/revistacienciaecultura.org.br\/index.php?rest_route=%2Fwp%2Fv2%2Fmedia&parent=4831"}],"wp:term":[{"taxonomy":"category","embeddable":true,"href":"https:\/\/revistacienciaecultura.org.br\/index.php?rest_route=%2Fwp%2Fv2%2Fcategories&post=4831"},{"taxonomy":"post_tag","embeddable":true,"href":"https:\/\/revistacienciaecultura.org.br\/index.php?rest_route=%2Fwp%2Fv2%2Ftags&post=4831"}],"curies":[{"name":"wp","href":"https:\/\/api.w.org\/{rel}","templated":true}]}}