{"id":4845,"date":"2023-10-04T07:30:32","date_gmt":"2023-10-04T07:30:32","guid":{"rendered":"https:\/\/revistacienciaecultura.org.br\/?p=4845"},"modified":"2023-10-03T19:32:37","modified_gmt":"2023-10-03T19:32:37","slug":"sbpc-realiza-ato-de-luta-pela-democracia-brasileira-nesta-quinta","status":"publish","type":"post","link":"https:\/\/revistacienciaecultura.org.br\/?p=4845","title":{"rendered":"SBPC realiza Ato de Luta pela Democracia Brasileira nesta quinta"},"content":{"rendered":"<h4 id=\"com-transmissao-pelo-canal-da-entidade-no-youtube-acao-da-sbpc-no-dia-5-outubro-sera-as-14h-com-participacao-de-representantes-da-comunidade-cientifica-parlamentares-e-outras-autoridades-secretari\"><span style=\"color: #808080;\">Com transmiss\u00e3o pelo canal da entidade no YouTube, a\u00e7\u00e3o da SBPC no dia 5 outubro ser\u00e1 \u00e0s 14h, com participa\u00e7\u00e3o de representantes da comunidade cient\u00edfica, parlamentares e outras autoridades. Secretarias Regionais tamb\u00e9m se mobilizam<\/span><\/h4>\n<p>&nbsp;<\/p>\n<p>A Sociedade Brasileira para o Progresso da Ci\u00eancia (SBPC) realiza nesta quinta-feira, 5 de outubro, \u00e0s 14h, o\u00a0<strong>\u201cAto de Luta pela Democracia Brasileira\u201d<\/strong>.<\/p>\n<p>O evento online ter\u00e1 a participa\u00e7\u00e3o da presidente da Academia Brasileira de Ci\u00eancias (ABC), Helena Nader; do ex-deputado federal, Alessandro Molon, do ex-deputado Hermes Zaneti, que participou da Constituinte na d\u00e9cada de 1980, do diretor executivo da ICTP.br, F\u00e1bio Guedes Gomes, da jornalista Hildegard Angel, da presidente do Conselho Nacional das Institui\u00e7\u00f5es da Rede Federal de Educa\u00e7\u00e3o Profissional, Cient\u00edfica e Tecnol\u00f3gica (Conif), Leopoldina Veras, e do ex-presidente da Associa\u00e7\u00e3o Nacional dos Dirigentes das Institui\u00e7\u00f5es Federais de Ensino Superior (Andifes), Ricardo Marcelo Fonseca. A ministra do Meio Ambiente e Mudan\u00e7a Clim\u00e1tica, Marina Silva, e o ex-ministro do Supremo Tribunal Federal, Ricardo Lewandowski, participar\u00e3o por v\u00eddeo.<\/p>\n<p>A atividade ser\u00e1 coordenada pelo presidente da SBPC, Renato Janine Ribeiro. A transmiss\u00e3o ser\u00e1 pelo canal da SBPC no YouTube,\u00a0<span style=\"color: #800000;\"><a style=\"color: #800000;\" href=\"https:\/\/www.youtube.com\/canalsbpc\" target=\"_blank\" rel=\"noopener\"><strong>www.youtube.com\/canalsbpc<\/strong><\/a><\/span>.<\/p>\n<p>&nbsp;<\/p>\n<h4 id=\"secretarias-regionais-tambem-se-mobilizam\"><strong>Secretarias Regionais tamb\u00e9m se mobilizam<\/strong><\/h4>\n<p>A Secretaria Regional da Sociedade Brasileira para o Progresso da Ci\u00eancia (SBPC-AM) integrar\u00e1 a programa\u00e7\u00e3o do Dia de Luta pela Democracia Brasileira com o debate \u201cA constru\u00e7\u00e3o e consolida\u00e7\u00e3o da democracia na Amaz\u00f4nia\u201d na quinta-feira, 5 de outubro, a partir das 9h (hor\u00e1rio de Manaus). O evento ser\u00e1 realizado no Audit\u00f3rio do IFCHS, da UFAM.<\/p>\n<p>O debate contar\u00e1 com a participa\u00e7\u00e3o da diretora da SBPC e professora da Universidade Federal do Amazonas (UFAM), Marilene Correa; do presidente de honra da SBPC e diretor do MUSA, Ennio Candotti; e dos professores da UFAM, Ludolf Wadmann, Davyd Spencer e Bruno Rodrigues.<\/p>\n<p>A atividade conta com apoio da UEA, do Inpa e do Musa.<\/p>\n<p>No Distrito Federal, a Secretaria Regional da SBPC (SBPC-DF) integrar\u00e1 a programa\u00e7\u00e3o do Dia de Luta pela Democracia Brasileira com o debate \u201cCi\u00eancia, Tecnologia, Inova\u00e7\u00e3o: elementos consolidadores de uma sociedade democr\u00e1tica\u201d na quinta-feira, 5 de outubro, a partir \u00e0s 15h.O evento ser\u00e1 realizado no Audit\u00f3rio da Reitoria da Universidade de Bras\u00edlia (UnB).<\/p>\n<p>Entre os painelistas convidados, est\u00e3o a reitora da UnB, Marcia Abrah\u00e3o Moura (a confirmar); a reitora pr\u00f3-tempore da Universidade do Distrito Federal, Simone Pereira Costa Benk; a reitora do Instituto Federal de Bras\u00edlia (IFB), Veruska Machado; e do secret\u00e1rio de Ci\u00eancia e Tecnologia do Distrito Federal, Gustavo Amaral.<\/p>\n<p>O debate contar\u00e1 com a participa\u00e7\u00e3o da diretora da SBPC e professora em\u00e9rita da UnB, Fernanda Sobral; do tamb\u00e9m professor em\u00e9rito da UnB, Isaac Roitmann; da professora do Departamento de Filosofia da UnB, Ligia Pavan, e do professor do Instituto Federal de Bras\u00edlia (IFB), Luciano Rezende.<\/p>\n<p>O evento \u00e9 coordenado pelo secret\u00e1rio regional da SBPC-DF, Gilberto Lacerda Santos.<\/p>\n<p><strong>Participe! Veja a programa\u00e7\u00e3o completa em\u00a0<span style=\"color: #800000;\"><a style=\"color: #800000;\" href=\"http:\/\/portal.sbpcnet.org.br\/dia-de-luta-pela-democracia-brasileira\/\" target=\"_blank\" rel=\"noopener\">http:\/\/portal.sbpcnet.org.br\/dia-de-luta-pela-democracia-brasileira\/<\/a><\/span><\/strong><\/p>\n<p><span style=\"color: #808080;\"><a style=\"color: #808080;\" href=\"http:\/\/www.jornaldaciencia.org.br\/\"><em>Jornal da Ci\u00eancia<\/em><\/a><\/span><\/p>\n","protected":false},"excerpt":{"rendered":"Com transmiss\u00e3o pelo canal da entidade no YouTube, a\u00e7\u00e3o da SBPC no&hellip;\n","protected":false},"author":19,"featured_media":4815,"comment_status":"open","ping_status":"open","sticky":false,"template":"","format":"standard","meta":[],"categories":[1,2],"tags":[],"acf":[],"_links":{"self":[{"href":"https:\/\/revistacienciaecultura.org.br\/index.php?rest_route=\/wp\/v2\/posts\/4845"}],"collection":[{"href":"https:\/\/revistacienciaecultura.org.br\/index.php?rest_route=\/wp\/v2\/posts"}],"about":[{"href":"https:\/\/revistacienciaecultura.org.br\/index.php?rest_route=\/wp\/v2\/types\/post"}],"author":[{"embeddable":true,"href":"https:\/\/revistacienciaecultura.org.br\/index.php?rest_route=\/wp\/v2\/users\/19"}],"replies":[{"embeddable":true,"href":"https:\/\/revistacienciaecultura.org.br\/index.php?rest_route=%2Fwp%2Fv2%2Fcomments&post=4845"}],"version-history":[{"count":2,"href":"https:\/\/revistacienciaecultura.org.br\/index.php?rest_route=\/wp\/v2\/posts\/4845\/revisions"}],"predecessor-version":[{"id":4847,"href":"https:\/\/revistacienciaecultura.org.br\/index.php?rest_route=\/wp\/v2\/posts\/4845\/revisions\/4847"}],"wp:featuredmedia":[{"embeddable":true,"href":"https:\/\/revistacienciaecultura.org.br\/index.php?rest_route=\/wp\/v2\/media\/4815"}],"wp:attachment":[{"href":"https:\/\/revistacienciaecultura.org.br\/index.php?rest_route=%2Fwp%2Fv2%2Fmedia&parent=4845"}],"wp:term":[{"taxonomy":"category","embeddable":true,"href":"https:\/\/revistacienciaecultura.org.br\/index.php?rest_route=%2Fwp%2Fv2%2Fcategories&post=4845"},{"taxonomy":"post_tag","embeddable":true,"href":"https:\/\/revistacienciaecultura.org.br\/index.php?rest_route=%2Fwp%2Fv2%2Ftags&post=4845"}],"curies":[{"name":"wp","href":"https:\/\/api.w.org\/{rel}","templated":true}]}}