{"id":4864,"date":"2023-10-10T12:10:17","date_gmt":"2023-10-10T12:10:17","guid":{"rendered":"https:\/\/revistacienciaecultura.org.br\/?p=4864"},"modified":"2023-10-10T12:10:17","modified_gmt":"2023-10-10T12:10:17","slug":"desafios-globais-da-saude-mental","status":"publish","type":"post","link":"https:\/\/revistacienciaecultura.org.br\/?p=4864","title":{"rendered":"Desafios globais da sa\u00fade mental"},"content":{"rendered":"<h4 id=\"dia-mundial-da-saude-mental-convida-a-refletir-sobre-o-problema-e-garantir-direitos\"><span style=\"color: #808080;\">Dia Mundial da Sa\u00fade Mental convida a refletir sobre o problema e garantir direitos <\/span><\/h4>\n<p>&nbsp;<\/p>\n<p>Uma em cada oito pessoas em todo o mundo tem quest\u00f5es de sa\u00fade mental, sendo as mulheres e os jovens desproporcionalmente impactados, de acordo com dados da Organiza\u00e7\u00e3o das Na\u00e7\u00f5es Unidas (ONU).\u00a0No Brasil, a situa\u00e7\u00e3o n\u00e3o \u00e9 diferente, com um alto n\u00famero de pessoas afetadas por quest\u00f5es de sa\u00fade mental. Segundo o Minist\u00e9rio da Sa\u00fade, estima-se que mais de 30% da popula\u00e7\u00e3o brasileira sofra com algum tipo de transtorno mental durante suas vidas, tornando o Brasil um dos pa\u00edses mais afetados por esse problema na Am\u00e9rica Latina. O Dia Mundial da Sa\u00fade Mental, comemorado em 10 de outubro, destaca a import\u00e2ncia de abordar as quest\u00f5es relacionadas \u00e0 sa\u00fade mental, e de garantir o direito das pessoas que sofrem com eles.<\/p>\n<p>Entre as doen\u00e7as mentais mais comuns est\u00e3o a depress\u00e3o, a ansiedade, o transtorno bipolar e a esquizofrenia. Esses dist\u00farbios podem afetar pessoas de todas as idades, mas \u00e9 importante destacar que jovens e adolescentes est\u00e3o cada vez mais vulner\u00e1veis, sendo um grupo de alto risco. Al\u00e9m disso, minorias \u00e9tnicas, LGBTQ+ e indiv\u00edduos de baixa renda frequentemente enfrentam desafios adicionais no que diz respeito ao acesso a tratamentos e apoio.<\/p>\n<p>A aten\u00e7\u00e3o \u00e0 sa\u00fade mental \u00e9 crucial, uma vez que esses dist\u00farbios podem ter s\u00e9rias consequ\u00eancias para a qualidade de vida das pessoas afetadas. Eles n\u00e3o apenas causam sofrimento emocional, mas tamb\u00e9m podem levar a problemas f\u00edsicos, como doen\u00e7as card\u00edacas, diabetes e obesidade. Al\u00e9m disso, o impacto nas rela\u00e7\u00f5es familiares e sociais \u00e9 significativo.<\/p>\n<p>Para melhorar a aten\u00e7\u00e3o \u00e0 sa\u00fade mental como um problema de sa\u00fade p\u00fablica, \u00e9 essencial investir em educa\u00e7\u00e3o e conscientiza\u00e7\u00e3o para reduzir o estigma em torno das doen\u00e7as mentais. Al\u00e9m disso, \u00e9 necess\u00e1rio aumentar o acesso a servi\u00e7os de sa\u00fade mental de qualidade, incluindo terapias e medicamentos. O suporte comunit\u00e1rio e as redes de apoio desempenham um papel vital na recupera\u00e7\u00e3o de pessoas com dist\u00farbios mentais.<\/p>\n<p>&nbsp;<\/p>\n<h4 id=\"acesso-ao-cuidado\"><strong>Acesso ao cuidado<\/strong><\/h4>\n<p>Para a ONU, a data \u00e9 uma oportunidade para debater o tema, aumentar o conhecimento e a sensibiliza\u00e7\u00e3o, bem como impulsionar a\u00e7\u00f5es que promovam e protejam a sa\u00fade mental de todos como um direito humano b\u00e1sico. Por isso, a Organiza\u00e7\u00e3o Mundial da Sa\u00fade (OMS), e o Escrit\u00f3rio de Direitos Humanos das Na\u00e7\u00f5es Unidas divulgaram uma orienta\u00e7\u00e3o conjunta sobre sa\u00fade mental, direitos humanos e legisla\u00e7\u00e3o.<\/p>\n<p>O guia \u201cSa\u00fade mental, direitos humanos e legisla\u00e7\u00e3o: orienta\u00e7\u00e3o e pr\u00e1tica\u201d busca apoiar os pa\u00edses na reforma da legisla\u00e7\u00e3o para acabar com os abusos e aumentar o acesso a cuidados de sa\u00fade mental de qualidade. As recomenda\u00e7\u00f5es incluem o respeito pela dignidade das pessoas e capacita\u00e7\u00e3o para levarem uma vida plena e saud\u00e1vel. A ambi\u00e7\u00e3o tamb\u00e9m deve ser transformar os servi\u00e7os de sa\u00fade mental, que precisam adotar uma abordagem baseada nos direitos.<\/p>\n<p><span style=\"color: #808080;\"><em>Com informa\u00e7\u00f5es da <a style=\"color: #808080;\" href=\"https:\/\/news.un.org\/\">ONU News<\/a><\/em><\/span><\/p>\n<p><em>\u00a0<\/em><\/p>\n<h6 id=\"capa-anthony-tran-unsplash-com\">Capa. Anthony Tran\/ <a href=\"https:\/\/unsplash.com\/\">Unsplash.com<\/a><\/h6>\n","protected":false},"excerpt":{"rendered":"Dia Mundial da Sa\u00fade Mental convida a refletir sobre o problema e&hellip;\n","protected":false},"author":19,"featured_media":4865,"comment_status":"open","ping_status":"open","sticky":false,"template":"","format":"standard","meta":[],"categories":[1,2],"tags":[],"acf":[],"_links":{"self":[{"href":"https:\/\/revistacienciaecultura.org.br\/index.php?rest_route=\/wp\/v2\/posts\/4864"}],"collection":[{"href":"https:\/\/revistacienciaecultura.org.br\/index.php?rest_route=\/wp\/v2\/posts"}],"about":[{"href":"https:\/\/revistacienciaecultura.org.br\/index.php?rest_route=\/wp\/v2\/types\/post"}],"author":[{"embeddable":true,"href":"https:\/\/revistacienciaecultura.org.br\/index.php?rest_route=\/wp\/v2\/users\/19"}],"replies":[{"embeddable":true,"href":"https:\/\/revistacienciaecultura.org.br\/index.php?rest_route=%2Fwp%2Fv2%2Fcomments&post=4864"}],"version-history":[{"count":1,"href":"https:\/\/revistacienciaecultura.org.br\/index.php?rest_route=\/wp\/v2\/posts\/4864\/revisions"}],"predecessor-version":[{"id":4866,"href":"https:\/\/revistacienciaecultura.org.br\/index.php?rest_route=\/wp\/v2\/posts\/4864\/revisions\/4866"}],"wp:featuredmedia":[{"embeddable":true,"href":"https:\/\/revistacienciaecultura.org.br\/index.php?rest_route=\/wp\/v2\/media\/4865"}],"wp:attachment":[{"href":"https:\/\/revistacienciaecultura.org.br\/index.php?rest_route=%2Fwp%2Fv2%2Fmedia&parent=4864"}],"wp:term":[{"taxonomy":"category","embeddable":true,"href":"https:\/\/revistacienciaecultura.org.br\/index.php?rest_route=%2Fwp%2Fv2%2Fcategories&post=4864"},{"taxonomy":"post_tag","embeddable":true,"href":"https:\/\/revistacienciaecultura.org.br\/index.php?rest_route=%2Fwp%2Fv2%2Ftags&post=4864"}],"curies":[{"name":"wp","href":"https:\/\/api.w.org\/{rel}","templated":true}]}}