{"id":4883,"date":"2023-10-16T08:00:36","date_gmt":"2023-10-16T08:00:36","guid":{"rendered":"https:\/\/revistacienciaecultura.org.br\/?p=4883"},"modified":"2023-10-11T10:14:35","modified_gmt":"2023-10-11T10:14:35","slug":"cooperacao-cientifica-na-america-latina","status":"publish","type":"post","link":"https:\/\/revistacienciaecultura.org.br\/?p=4883","title":{"rendered":"Coopera\u00e7\u00e3o cient\u00edfica na Am\u00e9rica Latina"},"content":{"rendered":"<h4 id=\"uniao-entre-paises-latinos-pode-fortalecer-a-ciencia-global\"><span style=\"color: #808080;\">Uni\u00e3o entre pa\u00edses latinos pode fortalecer a ci\u00eancia global<\/span><\/h4>\n<p>&nbsp;<\/p>\n<p>Na Am\u00e9rica Latina, a coopera\u00e7\u00e3o cient\u00edfica e tecnol\u00f3gica entre pa\u00edses da regi\u00e3o desempenha um papel crucial no desenvolvimento e progresso cient\u00edfico. No entanto, essa colabora\u00e7\u00e3o enfrenta desafios significativos, especialmente quando comparada com os pa\u00edses do Norte Global, que muitas vezes t\u00eam vantagens estruturais e de tradi\u00e7\u00e3o.<\/p>\n<p>Um dos principais desafios \u00e9 o desequil\u00edbrio de recursos e capacidades. Pa\u00edses do Norte Global muitas vezes possuem investimentos substanciais em pesquisa e desenvolvimento, infraestrutura de ponta e recursos humanos altamente qualificados. Isso cria uma disparidade significativa em rela\u00e7\u00e3o aos pa\u00edses da Am\u00e9rica Latina, que podem enfrentar limita\u00e7\u00f5es or\u00e7ament\u00e1rias e falta de infraestrutura moderna. Para Tiago Braga, diretor do Instituto Brasileiro de Informa\u00e7\u00e3o em Ci\u00eancia e Tecnologia, onde atua tamb\u00e9m como l\u00edder do Laborat\u00f3rio de Informa\u00e7\u00e3o e Sociedade, \u00e9 preciso repensar a avalia\u00e7\u00e3o da ci\u00eancia em n\u00edvel mundial. \u201cPrecisamos pensar como essa ci\u00eancia feita no Sul Global pode ser valorizada e pode ser considerada relevante a partir de outros mecanismos que n\u00e3o os tradicionais, porque se continuarmos nos mecanismos tradicionais, quem j\u00e1 est\u00e1 na frente, que tem uma estrutura pronta, sempre vai ter uma vantagem\u201d.<\/p>\n<p>Outro desafio \u00e9 a falta de coordena\u00e7\u00e3o e estrat\u00e9gia regional. A colabora\u00e7\u00e3o cient\u00edfica e tecnol\u00f3gica pode ser mais eficaz quando h\u00e1 uma abordagem regional unificada. No entanto, a Am\u00e9rica Latina muitas vezes carece de mecanismos eficazes de coordena\u00e7\u00e3o e estrat\u00e9gia, o que pode dificultar a maximiza\u00e7\u00e3o dos benef\u00edcios da coopera\u00e7\u00e3o. \u201cUm dos principais desafios que temos que enfrentar \u00e9 a constru\u00e7\u00e3o de redes \u2013 e o Brasil tem um papel muito importante nisso, porque ele \u00e9 um grande pa\u00eds produtor de ci\u00eancia no Sul Global\u201d, afirma Tiago Braga. \u201cEsses conhecimentos devem ser disponibilizados numa rede que tenha visibilidade internacional capaz de permitir que as pesquisas e os conte\u00fados criados a partir dos investimentos nacionais possam ser disponibilizados e acessados em outras estruturas internacionais\u201d.<\/p>\n<p>Apesar desses desafios, a coopera\u00e7\u00e3o cient\u00edfica e tecnol\u00f3gica entre pa\u00edses da Am\u00e9rica Latina continua sendo essencial para enfrentar os desafios globais, impulsionar o desenvolvimento econ\u00f4mico e melhorar a qualidade de vida das popula\u00e7\u00f5es da regi\u00e3o. Superar esses obst\u00e1culos exigir\u00e1 um compromisso cont\u00ednuo com a colabora\u00e7\u00e3o regional, investimentos em infraestrutura e recursos humanos, al\u00e9m de estrat\u00e9gias de financiamento inovadoras para impulsionar a pesquisa e a inova\u00e7\u00e3o na Am\u00e9rica Latina. \u201cPrecisamos fazer um movimento de abertura da pesquisa de abertura dos processos cient\u00edficos que s\u00e3o s\u00f3 nossos. \u201cPara a gente fazer esse movimento de abertura, tamb\u00e9m precisamos fazer esse movimento paralelo que \u00e9 de fortalecimento das estruturas informacionais nacionais. A ci\u00eancia aberta tem que vir necessariamente atrelada a um investido em infraestrutura para pesquisa\u201d, defende Tiago Braga.<\/p>\n<p>&nbsp;<\/p>\n<p><strong>Ou\u00e7a ao epis\u00f3dio completo:<\/strong><\/p>\n<p><iframe title=\"Spotify Embed: Coopera\u00e7\u00e3o cient\u00edfica na Am\u00e9rica Latina\" style=\"border-radius: 12px\" width=\"100%\" height=\"152\" frameborder=\"0\" allowfullscreen allow=\"autoplay; clipboard-write; encrypted-media; fullscreen; picture-in-picture\" loading=\"lazy\" src=\"https:\/\/open.spotify.com\/embed\/episode\/0GWHIcAoDrv5NhnIW7G5PO?si=7c8721094dc243a6&#038;utm_source=oembed\"><\/iframe><\/p>\n","protected":false},"excerpt":{"rendered":"Uni\u00e3o entre pa\u00edses latinos pode fortalecer a ci\u00eancia global &nbsp; Na Am\u00e9rica&hellip;\n","protected":false},"author":19,"featured_media":4884,"comment_status":"open","ping_status":"open","sticky":false,"template":"","format":"standard","meta":[],"categories":[4],"tags":[],"acf":[],"_links":{"self":[{"href":"https:\/\/revistacienciaecultura.org.br\/index.php?rest_route=\/wp\/v2\/posts\/4883"}],"collection":[{"href":"https:\/\/revistacienciaecultura.org.br\/index.php?rest_route=\/wp\/v2\/posts"}],"about":[{"href":"https:\/\/revistacienciaecultura.org.br\/index.php?rest_route=\/wp\/v2\/types\/post"}],"author":[{"embeddable":true,"href":"https:\/\/revistacienciaecultura.org.br\/index.php?rest_route=\/wp\/v2\/users\/19"}],"replies":[{"embeddable":true,"href":"https:\/\/revistacienciaecultura.org.br\/index.php?rest_route=%2Fwp%2Fv2%2Fcomments&post=4883"}],"version-history":[{"count":2,"href":"https:\/\/revistacienciaecultura.org.br\/index.php?rest_route=\/wp\/v2\/posts\/4883\/revisions"}],"predecessor-version":[{"id":4893,"href":"https:\/\/revistacienciaecultura.org.br\/index.php?rest_route=\/wp\/v2\/posts\/4883\/revisions\/4893"}],"wp:featuredmedia":[{"embeddable":true,"href":"https:\/\/revistacienciaecultura.org.br\/index.php?rest_route=\/wp\/v2\/media\/4884"}],"wp:attachment":[{"href":"https:\/\/revistacienciaecultura.org.br\/index.php?rest_route=%2Fwp%2Fv2%2Fmedia&parent=4883"}],"wp:term":[{"taxonomy":"category","embeddable":true,"href":"https:\/\/revistacienciaecultura.org.br\/index.php?rest_route=%2Fwp%2Fv2%2Fcategories&post=4883"},{"taxonomy":"post_tag","embeddable":true,"href":"https:\/\/revistacienciaecultura.org.br\/index.php?rest_route=%2Fwp%2Fv2%2Ftags&post=4883"}],"curies":[{"name":"wp","href":"https:\/\/api.w.org\/{rel}","templated":true}]}}