{"id":4895,"date":"2023-10-16T08:00:46","date_gmt":"2023-10-16T08:00:46","guid":{"rendered":"https:\/\/revistacienciaecultura.org.br\/?p=4895"},"modified":"2023-10-13T10:57:02","modified_gmt":"2023-10-13T10:57:02","slug":"ameacas-a-democracia-na-america-latina","status":"publish","type":"post","link":"https:\/\/revistacienciaecultura.org.br\/?p=4895","title":{"rendered":"Amea\u00e7as \u00e0 democracia na Am\u00e9rica Latina"},"content":{"rendered":"<h4 id=\"crescimento-da-extrema-direita-economia-desigual-e-desrespeito-aos-direitos-humanos-colocam-democracias-da-regiao-em-risco\"><span style=\"color: #808080;\">Crescimento da extrema-direita, economia desigual e desrespeito aos direitos humanos colocam democracias da regi\u00e3o em risco<\/span><\/h4>\n<p><strong><em>\u00a0<\/em><\/strong><\/p>\n<p>A Am\u00e9rica Latina, historicamente marcada por sua diversidade pol\u00edtica e social, enfrenta atualmente desafios significativos em rela\u00e7\u00e3o \u00e0 garantia de suas democracias. Nos \u00faltimos anos, observou-se um aumento not\u00e1vel de grupos pol\u00edticos de extrema-direita em v\u00e1rias na\u00e7\u00f5es da regi\u00e3o. Esse movimento tem impactos profundos na economia e no respeito aos direitos humanos.<\/p>\n<p>Em muitos pa\u00edses latino-americanos, o crescimento da extrema-direita tem sido acompanhado de pol\u00edticas econ\u00f4micas que favorecem as elites, exacerbando a desigualdade social. A concentra\u00e7\u00e3o de riqueza e o enfraquecimento das redes de seguran\u00e7a social podem minar o tecido democr\u00e1tico, alimentando o descontentamento popular e prejudicando a coes\u00e3o social. \u201cN\u00f3s estamos vivendo um n\u00edvel de desigualdade, de concentra\u00e7\u00e3o, inimagin\u00e1vel. E isso gera indiscutivelmente um mal-estar amplificado, uma frustra\u00e7\u00e3o e um ressentimento social que \u00e9 amplificado\u201d, pontua\u00a0D\u00e9bora Messenberg, professora do Departamento e do Programa de P\u00f3s-Gradua\u00e7\u00e3o em Sociologia da Universidade de Bras\u00edlia (UnB).<\/p>\n<p>Al\u00e9m disso, o aumento desses grupos vem frequentemente acompanhado de desrespeito aos direitos humanos, incluindo restri\u00e7\u00f5es \u00e0 liberdade de imprensa, ataques a minorias e a eros\u00e3o das institui\u00e7\u00f5es democr\u00e1ticas. Essas tend\u00eancias representam s\u00e9rios desafios para a manuten\u00e7\u00e3o de sociedades justas e livres na regi\u00e3o. \u201cA maioria dos pa\u00edses da regi\u00e3o s\u00e3o democracias, mas uma democracia que ainda n\u00e3o tem um uma maturidade\u201d, explica\u00a0Lucas Ribeiro Mesquita, professor do curso de Rela\u00e7\u00f5es Internacionais e Integra\u00e7\u00e3o da Universidade Federal da Integra\u00e7\u00e3o Latino Americana (Unila), onde coordena o N\u00facleo de Pesquisa em Pol\u00edtica Externa Latino-Americana (NUPELA).\u00a0\u201cO fortalecimento da democracia \u00e9 o aumento da participa\u00e7\u00e3o democr\u00e1tica. No momento que voc\u00ea tem justamente um enfraquecimento dessa participa\u00e7\u00e3o, h\u00e1 uma perda da entrada dessas pessoas dentro do Estado. Com isso, h\u00e1 uma tend\u00eancia de que voc\u00ea comece a ter uma produ\u00e7\u00e3o de pol\u00edticas p\u00fablicas voltada aos grupos que possuem o acesso.\u201d<\/p>\n<p>Uma resposta fundamental a essas amea\u00e7as \u00e9 o fortalecimento da educa\u00e7\u00e3o pol\u00edtica. Educar os cidad\u00e3os sobre os princ\u00edpios democr\u00e1ticos, os direitos humanos e os mecanismos de participa\u00e7\u00e3o c\u00edvica \u00e9 essencial para criar uma base s\u00f3lida para as democracias latino-americanas. A promo\u00e7\u00e3o do di\u00e1logo, da toler\u00e2ncia e do respeito \u00e0s diferen\u00e7as tamb\u00e9m desempenha um papel vital na constru\u00e7\u00e3o de sociedades democr\u00e1ticas robustas.\u00a0Para\u00a0Andrea Califano, professor visitante do Programa de P\u00f3s-Gradua\u00e7\u00e3o em Rela\u00e7\u00f5es Internacionais (PPGRI) da Universidade Federal da Bahia (UFBA), \u00e9 fundamental envolver toda a popula\u00e7\u00e3o na discuss\u00e3o da democracia.\u00a0\u201cPrecisamos de um governo que atue juntos a esses sujeitos que conseguem alimentar a vida democr\u00e1tica do pa\u00eds\u201d, defende.<\/p>\n<p>&nbsp;<\/p>\n<p><strong>Assista ao v\u00eddeo completo:<\/strong><\/p>\n<p><iframe loading=\"lazy\" title=\"Amea\u00e7as \u00e0 democracia na Am\u00e9rica Latina\" width=\"1200\" height=\"675\" src=\"https:\/\/www.youtube.com\/embed\/F2Pq2M20XYU?feature=oembed\" frameborder=\"0\" allow=\"accelerometer; autoplay; clipboard-write; encrypted-media; gyroscope; picture-in-picture; web-share\" allowfullscreen><\/iframe><\/p>\n","protected":false},"excerpt":{"rendered":"Crescimento da extrema-direita, economia desigual e desrespeito aos direitos humanos colocam democracias&hellip;\n","protected":false},"author":19,"featured_media":4896,"comment_status":"open","ping_status":"open","sticky":false,"template":"","format":"standard","meta":[],"categories":[5],"tags":[],"acf":[],"_links":{"self":[{"href":"https:\/\/revistacienciaecultura.org.br\/index.php?rest_route=\/wp\/v2\/posts\/4895"}],"collection":[{"href":"https:\/\/revistacienciaecultura.org.br\/index.php?rest_route=\/wp\/v2\/posts"}],"about":[{"href":"https:\/\/revistacienciaecultura.org.br\/index.php?rest_route=\/wp\/v2\/types\/post"}],"author":[{"embeddable":true,"href":"https:\/\/revistacienciaecultura.org.br\/index.php?rest_route=\/wp\/v2\/users\/19"}],"replies":[{"embeddable":true,"href":"https:\/\/revistacienciaecultura.org.br\/index.php?rest_route=%2Fwp%2Fv2%2Fcomments&post=4895"}],"version-history":[{"count":2,"href":"https:\/\/revistacienciaecultura.org.br\/index.php?rest_route=\/wp\/v2\/posts\/4895\/revisions"}],"predecessor-version":[{"id":4898,"href":"https:\/\/revistacienciaecultura.org.br\/index.php?rest_route=\/wp\/v2\/posts\/4895\/revisions\/4898"}],"wp:featuredmedia":[{"embeddable":true,"href":"https:\/\/revistacienciaecultura.org.br\/index.php?rest_route=\/wp\/v2\/media\/4896"}],"wp:attachment":[{"href":"https:\/\/revistacienciaecultura.org.br\/index.php?rest_route=%2Fwp%2Fv2%2Fmedia&parent=4895"}],"wp:term":[{"taxonomy":"category","embeddable":true,"href":"https:\/\/revistacienciaecultura.org.br\/index.php?rest_route=%2Fwp%2Fv2%2Fcategories&post=4895"},{"taxonomy":"post_tag","embeddable":true,"href":"https:\/\/revistacienciaecultura.org.br\/index.php?rest_route=%2Fwp%2Fv2%2Ftags&post=4895"}],"curies":[{"name":"wp","href":"https:\/\/api.w.org\/{rel}","templated":true}]}}