{"id":4975,"date":"2023-10-26T07:30:28","date_gmt":"2023-10-26T07:30:28","guid":{"rendered":"https:\/\/revistacienciaecultura.org.br\/?p=4975"},"modified":"2023-10-25T11:03:24","modified_gmt":"2023-10-25T11:03:24","slug":"leia-a-terceira-edicao-de-2023-da-ciencia-cultura-na-integra","status":"publish","type":"post","link":"https:\/\/revistacienciaecultura.org.br\/?p=4975","title":{"rendered":"Leia a terceira edi\u00e7\u00e3o de 2023 da Ci\u00eancia &#038; Cultura na \u00edntegra"},"content":{"rendered":"<h4 id=\"voce-pode-baixar-o-pdf-da-revista-ou-ler-a-edicao-em-flipbook-confira\">Voc\u00ea pode baixar o PDF da revista ou ler a edi\u00e7\u00e3o em flipbook. Confira!<\/h4>\n<p>&nbsp;<\/p>\n<p>A terceira edi\u00e7\u00e3o de 2023 da revista Ci\u00eancia &amp; Cultura \u2013 \u201c<span style=\"color: #800000;\"><strong><a style=\"color: #800000;\" href=\"https:\/\/revistacienciaecultura.org.br\/?page_id=4932\">Am\u00e9rica Latina: Integra\u00e7\u00e3o e Democracia<\/a><\/strong><\/span>\u201d \u2013 j\u00e1 est\u00e1 dispon\u00edvel para download em PDF ou para leitura online em flipbook.<\/p>\n<p>O novo n\u00famero discute o cen\u00e1rio atual da regi\u00e3o, enfatizando as recentes amea\u00e7as as democracias dos pa\u00edses latinos e a import\u00e2ncia de uma maior integra\u00e7\u00e3o na busca por solu\u00e7\u00f5es aos problemas comuns. A coopera\u00e7\u00e3o cient\u00edfica, a preserva\u00e7\u00e3o ambiental, a luta pelos direitos das minorias e contra a desigualdade s\u00e3o alguns dos temas discutidos por especialistas. Al\u00e9m disso, as reportagens, v\u00eddeos e podcasts fazem um amplo panorama sobre a regi\u00e3o e sua import\u00e2ncia no contexto mundial.<\/p>\n<p>Para Jos\u00e9 Vicente Tavares-dos-Santos, professor dos Programas de P\u00f3s-gradua\u00e7\u00e3o em Seguran\u00e7a Cidad\u00e3, Sociologia e de Pol\u00edticas P\u00fablicas do Instituto de Filosofia e Ci\u00eancias Humanas da UFRGS e editor deste n\u00famero da <span style=\"color: #800000;\"><strong><a style=\"color: #800000;\" href=\"https:\/\/revistacienciaecultura.org.br\/\">Ci\u00eancia &amp; Cultura<\/a><\/strong><\/span>, vivemos uma situa\u00e7\u00e3o de incerteza fabricada, na qual h\u00e1 uma press\u00e3o cont\u00ednua para desmantelar as garantias socialmente constru\u00eddas. Trata-se de uma ruptura do contrato social e dos la\u00e7os sociais, provocando fen\u00f4menos de desfilia\u00e7\u00e3o e de ruptura nas rela\u00e7\u00f5es de alteridade, dilacerando o v\u00ednculo entre o eu e o outro. \u201cEm um contexto marcado tamb\u00e9m pelo ressurgimento de ideologias caracterizadas por ades\u00e3o \u00e0 xenofobia, misoginia e outras virtualidades, realizar a democracia em conson\u00e2ncia com pol\u00edticas de desenvolvimento econ\u00f4mico continua sendo um desafio.\u201d<\/p>\n<p><strong>Confira os artigos, textos de opini\u00e3o e reportagens na \u00edntegra!<\/strong><\/p>\n<p style=\"text-align: center;\"><a href=\"https:\/\/heyzine.com\/flip-book\/afd5592a52.html\" target=\"_blank\" rel=\"noopener\"><span style=\"color: #800000;\"><strong>Clique aqui para ler a vers\u00e3o em Flipbook:<\/strong><\/span><\/a><\/p>\n<p style=\"text-align: center;\"><a href=\"https:\/\/heyzine.com\/flip-book\/afd5592a52.html\" target=\"_blank\" rel=\"noopener\"><img loading=\"lazy\" class=\"alignnone size-medium wp-image-4980\" src=\"https:\/\/revistacienciaecultura.org.br\/wp-content\/uploads\/2023\/10\/Captura-de-Tela-2023-10-25-a\u0300s-08.08.56-212x300.png\" alt=\"\" width=\"212\" height=\"300\" srcset=\"https:\/\/revistacienciaecultura.org.br\/wp-content\/uploads\/2023\/10\/Captura-de-Tela-2023-10-25-a\u0300s-08.08.56-212x300.png 212w, https:\/\/revistacienciaecultura.org.br\/wp-content\/uploads\/2023\/10\/Captura-de-Tela-2023-10-25-a\u0300s-08.08.56-8x12.png 8w, https:\/\/revistacienciaecultura.org.br\/wp-content\/uploads\/2023\/10\/Captura-de-Tela-2023-10-25-a\u0300s-08.08.56.png 470w\" sizes=\"(max-width: 212px) 100vw, 212px\" \/><\/a><\/p>\n<p style=\"text-align: center;\"><a href=\"https:\/\/drive.google.com\/file\/d\/1bKHt-QyXmK1qoj5MvzPqgvAtuawK9751\/view?usp=sharing\" target=\"_blank\" rel=\"noopener\"><span style=\"color: #800000;\"><strong>Clique aqui para baixar a vers\u00e3o em PDF:<\/strong><\/span><\/a><\/p>\n<p><a href=\"https:\/\/drive.google.com\/file\/d\/1bKHt-QyXmK1qoj5MvzPqgvAtuawK9751\/view?usp=sharing\" target=\"_blank\" rel=\"noopener\"><img loading=\"lazy\" class=\"alignnone size-medium wp-image-4980 aligncenter\" src=\"https:\/\/revistacienciaecultura.org.br\/wp-content\/uploads\/2023\/10\/Captura-de-Tela-2023-10-25-a\u0300s-08.08.56-212x300.png\" alt=\"\" width=\"212\" height=\"300\" srcset=\"https:\/\/revistacienciaecultura.org.br\/wp-content\/uploads\/2023\/10\/Captura-de-Tela-2023-10-25-a\u0300s-08.08.56-212x300.png 212w, https:\/\/revistacienciaecultura.org.br\/wp-content\/uploads\/2023\/10\/Captura-de-Tela-2023-10-25-a\u0300s-08.08.56-8x12.png 8w, https:\/\/revistacienciaecultura.org.br\/wp-content\/uploads\/2023\/10\/Captura-de-Tela-2023-10-25-a\u0300s-08.08.56.png 470w\" sizes=\"(max-width: 212px) 100vw, 212px\" \/><\/a><\/p>\n<p>&nbsp;<\/p>\n","protected":false},"excerpt":{"rendered":"Voc\u00ea pode baixar o PDF da revista ou ler a edi\u00e7\u00e3o em&hellip;\n","protected":false},"author":19,"featured_media":4977,"comment_status":"open","ping_status":"open","sticky":false,"template":"","format":"standard","meta":[],"categories":[1,2],"tags":[],"acf":[],"_links":{"self":[{"href":"https:\/\/revistacienciaecultura.org.br\/index.php?rest_route=\/wp\/v2\/posts\/4975"}],"collection":[{"href":"https:\/\/revistacienciaecultura.org.br\/index.php?rest_route=\/wp\/v2\/posts"}],"about":[{"href":"https:\/\/revistacienciaecultura.org.br\/index.php?rest_route=\/wp\/v2\/types\/post"}],"author":[{"embeddable":true,"href":"https:\/\/revistacienciaecultura.org.br\/index.php?rest_route=\/wp\/v2\/users\/19"}],"replies":[{"embeddable":true,"href":"https:\/\/revistacienciaecultura.org.br\/index.php?rest_route=%2Fwp%2Fv2%2Fcomments&post=4975"}],"version-history":[{"count":3,"href":"https:\/\/revistacienciaecultura.org.br\/index.php?rest_route=\/wp\/v2\/posts\/4975\/revisions"}],"predecessor-version":[{"id":4979,"href":"https:\/\/revistacienciaecultura.org.br\/index.php?rest_route=\/wp\/v2\/posts\/4975\/revisions\/4979"}],"wp:featuredmedia":[{"embeddable":true,"href":"https:\/\/revistacienciaecultura.org.br\/index.php?rest_route=\/wp\/v2\/media\/4977"}],"wp:attachment":[{"href":"https:\/\/revistacienciaecultura.org.br\/index.php?rest_route=%2Fwp%2Fv2%2Fmedia&parent=4975"}],"wp:term":[{"taxonomy":"category","embeddable":true,"href":"https:\/\/revistacienciaecultura.org.br\/index.php?rest_route=%2Fwp%2Fv2%2Fcategories&post=4975"},{"taxonomy":"post_tag","embeddable":true,"href":"https:\/\/revistacienciaecultura.org.br\/index.php?rest_route=%2Fwp%2Fv2%2Ftags&post=4975"}],"curies":[{"name":"wp","href":"https:\/\/api.w.org\/{rel}","templated":true}]}}