{"id":4982,"date":"2023-10-31T07:30:57","date_gmt":"2023-10-31T07:30:57","guid":{"rendered":"https:\/\/revistacienciaecultura.org.br\/?p=4982"},"modified":"2023-10-30T19:29:50","modified_gmt":"2023-10-30T19:29:50","slug":"os-ecossistemas-tropicais-exigem-mais-do-que-captura-de-carbono","status":"publish","type":"post","link":"https:\/\/revistacienciaecultura.org.br\/?p=4982","title":{"rendered":"Os ecossistemas tropicais exigem mais do que captura de carbono"},"content":{"rendered":"<h4 id=\"plantacoes-para-captura-de-carbono-podem-causar-reducao-da-biodiversidade\"><span style=\"color: #808080;\">Planta\u00e7\u00f5es para captura de carbono podem causar redu\u00e7\u00e3o da biodiversidade<\/span><\/h4>\n<p>&nbsp;<\/p>\n<p>Um <span style=\"color: #800000;\"><strong><a style=\"color: #800000;\" href=\"https:\/\/doi.org\/10.1016\/j.tree.2023.08.012\">estudo<\/a><\/strong> <\/span>recente publicado na revista <span style=\"color: #800000;\"><strong><em><a style=\"color: #800000;\" href=\"https:\/\/www.cell.com\/trends\/ecology-evolution\/home\">Trends in Ecology &amp; Evolution<\/a><\/em><\/strong> <\/span>adverte sobre os poss\u00edveis impactos negativos que o foco exclusivo na planta\u00e7\u00e3o de \u00e1rvores como estrat\u00e9gia de captura de CO<sub>2<\/sub> pode acarretar nos ecossistemas tropicais. Os resultados apontam que tal abordagem pode resultar em danos significativos \u00e0 biodiversidade em compara\u00e7\u00e3o aos benef\u00edcios. Coincidindo com essa advert\u00eancia, outra <span style=\"color: #800000;\"><strong><a style=\"color: #800000;\" href=\"https:\/\/www.science.org\/doi\/10.1126\/sciadv.1701284\">pesquisa<\/a><\/strong> <\/span>indicou que um aumento de 40% na cobertura arb\u00f3rea na savana brasileira resultou em uma redu\u00e7\u00e3o de cerca de 30% na biodiversidade.<\/p>\n<p>Os projetos financiados por cr\u00e9ditos de carbono, uma tend\u00eancia em ascens\u00e3o na Am\u00e9rica Latina, frequentemente adotam o plantio de \u00e1rvores como forma de justificar os incentivos oferecidos \u00e0s empresas interessadas. Por\u00e9m, o estudo adverte que essa estrat\u00e9gia \u00e9 mais onerosa em compara\u00e7\u00e3o com os esfor\u00e7os de conserva\u00e7\u00e3o dos ecossistemas tropicais em seu estado natural.<\/p>\n<p>A an\u00e1lise prop\u00f5e uma revis\u00e3o nos crit\u00e9rios de certifica\u00e7\u00e3o de projetos de carbono, sugerindo que al\u00e9m da capacidade de captura de CO<sub>2<\/sub>, os benef\u00edcios para outros aspectos do ecossistema, como poliniza\u00e7\u00e3o, capta\u00e7\u00e3o de \u00e1gua e estabilidade de temperatura, sejam considerados. No entanto, a mensura\u00e7\u00e3o desses servi\u00e7os apresenta desafios significativos. Al\u00e9m disso, especialistas apontam que o plantio de \u00e1rvores \u00e9 uma estrat\u00e9gia dispendiosa, especialmente nos est\u00e1gios iniciais.<\/p>\n<p>A falta de reconhecimento do valor dos ecossistemas como a savana, que n\u00e3o s\u00e3o predominantemente arborizados, \u00e9 outro ponto abordado no estudo. Essa quest\u00e3o se aprofunda ainda mais devido \u00e0 proje\u00e7\u00e3o global da Amaz\u00f4nia, relegando o Cerrado a uma posi\u00e7\u00e3o secund\u00e1ria. Alencar ressalta a riqueza biodiversa do Cerrado, que se conecta com diversos ecossistemas do Brasil, enfatizando a import\u00e2ncia do fogo para esse ecossistema, ao qual algumas esp\u00e9cies est\u00e3o adaptadas.<\/p>\n<p>Entretanto, os desafios se estendem para al\u00e9m da biodiversidade. Monoculturas de \u00e1rvores, majoritariamente compostas por esp\u00e9cies n\u00e3o nativas, representam 97% das planta\u00e7\u00f5es na Am\u00e9rica Latina, gerando riscos adicionais de perda de diversidade e falta de resili\u00eancia diante das mudan\u00e7as clim\u00e1ticas. A expans\u00e3o descontrolada dessas planta\u00e7\u00f5es, exemplificada pela invas\u00e3o de esp\u00e9cies como a teca em \u00e1reas protegidas, evidencia a complexidade e os preju\u00edzos associados a tais pr\u00e1ticas.<\/p>\n<p>Este \u00e9 um panorama das complexidades e desafios que cercam as estrat\u00e9gias de plantio de \u00e1rvores na regi\u00e3o, despertando discuss\u00f5es cruciais sobre a sustentabilidade e conserva\u00e7\u00e3o dos ecossistemas tropicais na Am\u00e9rica Latina.<\/p>\n<p><span style=\"color: #808080;\"><em>Com informa\u00e7\u00f5es de <a style=\"color: #808080;\" href=\"https:\/\/www.scidev.net\/\">SciDev.Net<\/a><\/em><\/span><\/p>\n<p>&nbsp;<\/p>\n<h6 id=\"capa-toninho-tavares-agencia-brasil-reproducao\">Capa. Toninho Tavares\/ Ag\u00eancia Brasil. Reprodu\u00e7\u00e3o<\/h6>\n","protected":false},"excerpt":{"rendered":"Planta\u00e7\u00f5es para captura de carbono podem causar redu\u00e7\u00e3o da biodiversidade &nbsp; Um&hellip;\n","protected":false},"author":19,"featured_media":4983,"comment_status":"open","ping_status":"open","sticky":false,"template":"","format":"standard","meta":[],"categories":[1,2],"tags":[],"acf":[],"_links":{"self":[{"href":"https:\/\/revistacienciaecultura.org.br\/index.php?rest_route=\/wp\/v2\/posts\/4982"}],"collection":[{"href":"https:\/\/revistacienciaecultura.org.br\/index.php?rest_route=\/wp\/v2\/posts"}],"about":[{"href":"https:\/\/revistacienciaecultura.org.br\/index.php?rest_route=\/wp\/v2\/types\/post"}],"author":[{"embeddable":true,"href":"https:\/\/revistacienciaecultura.org.br\/index.php?rest_route=\/wp\/v2\/users\/19"}],"replies":[{"embeddable":true,"href":"https:\/\/revistacienciaecultura.org.br\/index.php?rest_route=%2Fwp%2Fv2%2Fcomments&post=4982"}],"version-history":[{"count":1,"href":"https:\/\/revistacienciaecultura.org.br\/index.php?rest_route=\/wp\/v2\/posts\/4982\/revisions"}],"predecessor-version":[{"id":4984,"href":"https:\/\/revistacienciaecultura.org.br\/index.php?rest_route=\/wp\/v2\/posts\/4982\/revisions\/4984"}],"wp:featuredmedia":[{"embeddable":true,"href":"https:\/\/revistacienciaecultura.org.br\/index.php?rest_route=\/wp\/v2\/media\/4983"}],"wp:attachment":[{"href":"https:\/\/revistacienciaecultura.org.br\/index.php?rest_route=%2Fwp%2Fv2%2Fmedia&parent=4982"}],"wp:term":[{"taxonomy":"category","embeddable":true,"href":"https:\/\/revistacienciaecultura.org.br\/index.php?rest_route=%2Fwp%2Fv2%2Fcategories&post=4982"},{"taxonomy":"post_tag","embeddable":true,"href":"https:\/\/revistacienciaecultura.org.br\/index.php?rest_route=%2Fwp%2Fv2%2Ftags&post=4982"}],"curies":[{"name":"wp","href":"https:\/\/api.w.org\/{rel}","templated":true}]}}