{"id":4986,"date":"2023-10-31T14:05:35","date_gmt":"2023-10-31T14:05:35","guid":{"rendered":"https:\/\/revistacienciaecultura.org.br\/?p=4986"},"modified":"2023-10-31T14:05:35","modified_gmt":"2023-10-31T14:05:35","slug":"desafios-para-a-integracao-latino-americana","status":"publish","type":"post","link":"https:\/\/revistacienciaecultura.org.br\/?p=4986","title":{"rendered":"Desafios para a integra\u00e7\u00e3o latino-americana"},"content":{"rendered":"<h4 id=\"integrar-a-america-latina-e-um-desafio-complexo-que-exige-que-os-paises-trabalhem-juntos-respeitando-as-diferencas-e-promovendo-a-cooperacao-economica-social-e-politica\"><span style=\"color: #808080;\">Integrar a Am\u00e9rica Latina \u00e9 um desafio complexo que exige que os pa\u00edses trabalhem juntos, respeitando as diferen\u00e7as e promovendo a coopera\u00e7\u00e3o econ\u00f4mica, social e pol\u00edtica. <\/span><\/h4>\n<p>&nbsp;<\/p>\n<p>A Am\u00e9rica Latina \u00e9 uma regi\u00e3o marcada por uma hist\u00f3ria comum de coloniza\u00e7\u00e3o, luta por independ\u00eancia e busca por identidade cultural. No entanto, apesar desses la\u00e7os hist\u00f3ricos, a verdadeira integra\u00e7\u00e3o latino-americana tem sido desafiada ao longo dos anos, refletindo-se em esfor\u00e7os fragmentados e obst\u00e1culos persistentes.<\/p>\n<p>Os pa\u00edses da Am\u00e9rica Latina compartilham uma heran\u00e7a hist\u00f3rica que remonta \u00e0 coloniza\u00e7\u00e3o espanhola e portuguesa. Eles lutaram juntos por independ\u00eancia no s\u00e9culo XIX, moldando suas identidades nacionais. Al\u00e9m disso, a l\u00edngua espanhola e o portugu\u00eas s\u00e3o amplamente falados na regi\u00e3o, fortalecendo ainda mais os la\u00e7os culturais. Essa hist\u00f3ria comum fornece uma base s\u00f3lida para a integra\u00e7\u00e3o regional. \u201cSe vivemos impactos hist\u00f3ricos similares, se temos uma hist\u00f3ria similar, tamb\u00e9m temos problemas similares e podemos, no compartilhamento desses problemas e dessas quest\u00f5es que afligem o bem-estar dos nossos cidad\u00e3os, buscar solu\u00e7\u00f5es comuns\u201d, pontua Clarissa Franzoi Dri, professora do Departamento de Economia e Rela\u00e7\u00f5es Internacionais da Universidade Federal de Santa Catarina (UFSC), onde coordena o Grupo de Pesquisa e Extens\u00e3o em Coopera\u00e7\u00e3o Regional (Oir\u00e3).<\/p>\n<p>A busca por uma maior integra\u00e7\u00e3o econ\u00f4mica \u00e9 um dos principais pilares da integra\u00e7\u00e3o latino-americana. Organiza\u00e7\u00f5es como o Mercosul e a Comunidade dos Estados Latino-Americanos e Caribenhos (CELAC) foram criadas visando promover o com\u00e9rcio e a coopera\u00e7\u00e3o econ\u00f4mica. No entanto, esses esfor\u00e7os muitas vezes esbarraram em desafios, como desigualdades econ\u00f4micas entre os pa\u00edses, barreiras comerciais e instabilidade pol\u00edtica.\u00a0Assim, a busca por uma integra\u00e7\u00e3o mais profunda enfrenta diversos obst\u00e1culos. As diferen\u00e7as pol\u00edticas e ideol\u00f3gicas entre os pa\u00edses muitas vezes dificultam a coopera\u00e7\u00e3o. Al\u00e9m disso, quest\u00f5es de soberania nacional podem criar tens\u00f5es, impedindo avan\u00e7os significativos. A falta de infraestrutura de transporte e comunica\u00e7\u00e3o tamb\u00e9m limita a conectividade regional.<\/p>\n<p>Al\u00e9m disso, a Am\u00e9rica Latina \u00e9 marcada por desafios sociais significativos, incluindo alta desigualdade de renda, pobreza generalizada e discrimina\u00e7\u00e3o contra minorias \u00e9tnicas. A integra\u00e7\u00e3o efetiva requer abordagens conjuntas para enfrentar essas quest\u00f5es, como a promo\u00e7\u00e3o de pol\u00edticas sociais inclusivas e a prote\u00e7\u00e3o dos direitos das minorias. \u201c\u00c9 preciso envolver, valorizar, reconhecer os diversos grupos \u00e9tnicos-raciais, sociais e de g\u00eanero que existem, corrigindo as injusti\u00e7as sociais e a viol\u00eancia contra os povos mais oprimidos. Isso passa pelo desenvolvimento de um modelo econ\u00f4mico de integra\u00e7\u00e3o regional que valorize a quest\u00e3o democr\u00e1tica e participativa\u201d, afirma Paulo Henrique Martins, professor do Programa de P\u00f3s-Gradua\u00e7\u00e3o em Sociologia da Universidade Federal de Pernambuco (UFPE) e ex-presidente da Associa\u00e7\u00e3o Latino-Americana de Sociologia (ALAS).<\/p>\n<p>Os direitos humanos s\u00e3o fundamentais para qualquer processo de integra\u00e7\u00e3o. A regi\u00e3o enfrentou desafios hist\u00f3ricos relacionados a abusos de direitos humanos durante ditaduras militares em v\u00e1rios pa\u00edses. A consolida\u00e7\u00e3o da democracia e o respeito aos direitos humanos s\u00e3o pr\u00e9-requisitos essenciais para uma integra\u00e7\u00e3o bem-sucedida. \u201cO que a gente precisa fazer com essa integra\u00e7\u00e3o \u00e9 tentar construir um olhar pr\u00f3prio acerca de nossos problemas, um olhar pr\u00f3prio acerca de como podemos lidar com este cen\u00e1rio, do que precisamos fazer para fortalecer a democracia e o desenvolvimento olhando para nossa regi\u00e3o\u201d, diz Leonardo Granato, professor do Departamento de Ci\u00eancias Administrativas &#8211; \u00c1rea de Administra\u00e7\u00e3o P\u00fablica e Social da Universidade Federal do Rio Grande do Sul (UFRGS) e coordenador do N\u00facleo de Estudos em Pol\u00edtica, Estado e Capitalismo na Am\u00e9rica Latina (NEPEC).<\/p>\n<p><strong>Assista ao v\u00eddeo completo:<\/strong><\/p>\n<p><iframe loading=\"lazy\" title=\"Desafios para a integra\u00e7\u00e3o latino-americana\" width=\"1200\" height=\"900\" src=\"https:\/\/www.youtube.com\/embed\/33TNsimwBd8?feature=oembed\" frameborder=\"0\" allow=\"accelerometer; autoplay; clipboard-write; encrypted-media; gyroscope; picture-in-picture; web-share\" allowfullscreen><\/iframe><\/p>\n","protected":false},"excerpt":{"rendered":"Integrar a Am\u00e9rica Latina \u00e9 um desafio complexo que exige que os&hellip;\n","protected":false},"author":19,"featured_media":4987,"comment_status":"open","ping_status":"open","sticky":false,"template":"","format":"standard","meta":[],"categories":[5],"tags":[],"acf":[],"_links":{"self":[{"href":"https:\/\/revistacienciaecultura.org.br\/index.php?rest_route=\/wp\/v2\/posts\/4986"}],"collection":[{"href":"https:\/\/revistacienciaecultura.org.br\/index.php?rest_route=\/wp\/v2\/posts"}],"about":[{"href":"https:\/\/revistacienciaecultura.org.br\/index.php?rest_route=\/wp\/v2\/types\/post"}],"author":[{"embeddable":true,"href":"https:\/\/revistacienciaecultura.org.br\/index.php?rest_route=\/wp\/v2\/users\/19"}],"replies":[{"embeddable":true,"href":"https:\/\/revistacienciaecultura.org.br\/index.php?rest_route=%2Fwp%2Fv2%2Fcomments&post=4986"}],"version-history":[{"count":3,"href":"https:\/\/revistacienciaecultura.org.br\/index.php?rest_route=\/wp\/v2\/posts\/4986\/revisions"}],"predecessor-version":[{"id":4989,"href":"https:\/\/revistacienciaecultura.org.br\/index.php?rest_route=\/wp\/v2\/posts\/4986\/revisions\/4989"}],"wp:featuredmedia":[{"embeddable":true,"href":"https:\/\/revistacienciaecultura.org.br\/index.php?rest_route=\/wp\/v2\/media\/4987"}],"wp:attachment":[{"href":"https:\/\/revistacienciaecultura.org.br\/index.php?rest_route=%2Fwp%2Fv2%2Fmedia&parent=4986"}],"wp:term":[{"taxonomy":"category","embeddable":true,"href":"https:\/\/revistacienciaecultura.org.br\/index.php?rest_route=%2Fwp%2Fv2%2Fcategories&post=4986"},{"taxonomy":"post_tag","embeddable":true,"href":"https:\/\/revistacienciaecultura.org.br\/index.php?rest_route=%2Fwp%2Fv2%2Ftags&post=4986"}],"curies":[{"name":"wp","href":"https:\/\/api.w.org\/{rel}","templated":true}]}}