{"id":5032,"date":"2023-11-08T08:00:32","date_gmt":"2023-11-08T08:00:32","guid":{"rendered":"https:\/\/revistacienciaecultura.org.br\/?p=5032"},"modified":"2023-11-08T10:12:53","modified_gmt":"2023-11-08T10:12:53","slug":"o-desastre-em-mariana-e-a-luta-pela-recuperacao-do-rio-doce","status":"publish","type":"post","link":"https:\/\/revistacienciaecultura.org.br\/?p=5032","title":{"rendered":"O desastre em Mariana e a luta pela recupera\u00e7\u00e3o do Rio Doce"},"content":{"rendered":"<h4 id=\"ouca-ao-primeiro-episodio-da-serie-de-podcasts-que-analisam-o-impacto-do-rompimento-da-barragem-do-fundao-e-os-desafios-continuos-na-restauracao-ambiental-e-social\"><span style=\"color: #808080;\">Ou\u00e7a ao primeiro epis\u00f3dio da s\u00e9rie de podcasts que analisam o impacto do rompimento da Barragem do Fund\u00e3o e os desafios cont\u00ednuos na restaura\u00e7\u00e3o ambiental e social<\/span><\/h4>\n<p>&nbsp;<\/p>\n<p>Em 5 de novembro de 2015, um marco tr\u00e1gico ecoou pelos vales de Mariana, quando a Barragem do Fund\u00e3o, pertencente \u00e0 Samarco Minera\u00e7\u00e3o S.A., sucumbiu, desencadeando um dos piores desastres ambientais da hist\u00f3ria brasileira. O acidente liberou cerca de 62 milh\u00f5es de metros c\u00fabicos de\u00a0rejeitos de minera\u00e7\u00e3o<strong>,\u00a0<\/strong>formados, principalmente, por \u00f3xido de ferro, \u00e1gua e lama &#8211; rejeitos que podem devastar grandes ecossistemas. A enxurrada de rejeitos alcan\u00e7ou o Distrito de Bento Rodrigues, a aproximadamente 5 km de dist\u00e2ncia, seguiu para o Rio Gualaxo do Norte, percorrendo 55 km at\u00e9 desembocar no Rio do Carmo e, posteriormente, atingir o Rio Doce. Os danos se estenderam pelo litoral do Esp\u00edrito Santo, gerando impactos ambientais devastadores que persistem at\u00e9 os dias atuais.<\/p>\n<p>Em uma s\u00e9rie de tr\u00eas epis\u00f3dios, o podcast produzido pela <a href=\"https:\/\/www.univale.com\/\"><strong><span style=\"color: #800000;\">Univale<\/span><\/strong><\/a> especialmente para a <a href=\"https:\/\/revistacienciaecultura.org.br\/\"><strong><span style=\"color: #800000;\">Ci\u00eancia &amp; Cultura<\/span><\/strong><\/a>, traz tr\u00eas olhares diferentes \u2013 de especialistas, de ONGs e de quem vivenciou a trag\u00e9dia &#8211; sobre o desastre de Mariana, suas consequ\u00eancias, e as estrat\u00e9gias necess\u00e1rias para a recupera\u00e7\u00e3o ambiental.<\/p>\n<p><strong>Ou\u00e7a ao epis\u00f3dio 1:<\/strong><\/p>\n<p><iframe title=\"Spotify Embed: O desastre em Mariana e a luta pela recupera\u00e7\u00e3o do Rio Doce - parte 1\" style=\"border-radius: 12px\" width=\"100%\" height=\"152\" frameborder=\"0\" allowfullscreen allow=\"autoplay; clipboard-write; encrypted-media; fullscreen; picture-in-picture\" loading=\"lazy\" src=\"https:\/\/open.spotify.com\/embed\/episode\/3A0spseivVZFSTlVRH6y6G?si=eaa54b46ce72408e&#038;utm_source=oembed\"><\/iframe><\/p>\n<p><strong>Voc\u00ea tamb\u00e9m pode assistir ao Videocast:<\/strong><\/p>\n<p><iframe loading=\"lazy\" title=\"EP 01 EDITADO - SBPC\" width=\"1200\" height=\"675\" src=\"https:\/\/www.youtube.com\/embed\/dEQyK3wi86E?feature=oembed\" frameborder=\"0\" allow=\"accelerometer; autoplay; clipboard-write; encrypted-media; gyroscope; picture-in-picture; web-share\" allowfullscreen><\/iframe><\/p>\n<p>&nbsp;<\/p>\n","protected":false},"excerpt":{"rendered":"Ou\u00e7a ao primeiro epis\u00f3dio da s\u00e9rie de podcasts que analisam o impacto&hellip;\n","protected":false},"author":19,"featured_media":5033,"comment_status":"open","ping_status":"open","sticky":false,"template":"","format":"standard","meta":[],"categories":[4],"tags":[],"acf":[],"_links":{"self":[{"href":"https:\/\/revistacienciaecultura.org.br\/index.php?rest_route=\/wp\/v2\/posts\/5032"}],"collection":[{"href":"https:\/\/revistacienciaecultura.org.br\/index.php?rest_route=\/wp\/v2\/posts"}],"about":[{"href":"https:\/\/revistacienciaecultura.org.br\/index.php?rest_route=\/wp\/v2\/types\/post"}],"author":[{"embeddable":true,"href":"https:\/\/revistacienciaecultura.org.br\/index.php?rest_route=\/wp\/v2\/users\/19"}],"replies":[{"embeddable":true,"href":"https:\/\/revistacienciaecultura.org.br\/index.php?rest_route=%2Fwp%2Fv2%2Fcomments&post=5032"}],"version-history":[{"count":4,"href":"https:\/\/revistacienciaecultura.org.br\/index.php?rest_route=\/wp\/v2\/posts\/5032\/revisions"}],"predecessor-version":[{"id":5143,"href":"https:\/\/revistacienciaecultura.org.br\/index.php?rest_route=\/wp\/v2\/posts\/5032\/revisions\/5143"}],"wp:featuredmedia":[{"embeddable":true,"href":"https:\/\/revistacienciaecultura.org.br\/index.php?rest_route=\/wp\/v2\/media\/5033"}],"wp:attachment":[{"href":"https:\/\/revistacienciaecultura.org.br\/index.php?rest_route=%2Fwp%2Fv2%2Fmedia&parent=5032"}],"wp:term":[{"taxonomy":"category","embeddable":true,"href":"https:\/\/revistacienciaecultura.org.br\/index.php?rest_route=%2Fwp%2Fv2%2Fcategories&post=5032"},{"taxonomy":"post_tag","embeddable":true,"href":"https:\/\/revistacienciaecultura.org.br\/index.php?rest_route=%2Fwp%2Fv2%2Ftags&post=5032"}],"curies":[{"name":"wp","href":"https:\/\/api.w.org\/{rel}","templated":true}]}}