{"id":5045,"date":"2023-11-08T08:00:02","date_gmt":"2023-11-08T08:00:02","guid":{"rendered":"https:\/\/revistacienciaecultura.org.br\/?p=5045"},"modified":"2023-11-08T10:10:52","modified_gmt":"2023-11-08T10:10:52","slug":"cerrado-o-coracao-verde-do-brasil","status":"publish","type":"post","link":"https:\/\/revistacienciaecultura.org.br\/?p=5045","title":{"rendered":"Cerrado: o cora\u00e7\u00e3o verde do Brasil"},"content":{"rendered":"<h4 id=\"video-especial-para-a-ciencia-cultura-explora-a-diversidade-e-fragilidade-do-bioma\"><span style=\"color: #808080;\">V\u00eddeo especial para a Ci\u00eancia &amp; Cultura explora a diversidade e fragilidade do bioma<\/span><\/h4>\n<p>&nbsp;<\/p>\n<p>No amplo cen\u00e1rio do panorama ambiental brasileiro, o Cerrado emerge como um ecossistema de vital import\u00e2ncia, revelando sua exuber\u00e2ncia e complexidade em um novo v\u00eddeo imersivo. Abrangendo uma \u00e1rea imensa, este bioma, que ocupa cerca de 25% do territ\u00f3rio nacional, desvenda suas paisagens singulares, desde os densos cerrados at\u00e9 suas savanas, conferindo um espet\u00e1culo visual de rica biodiversidade. O v\u00eddeo especial feito para a edi\u00e7\u00e3o da <span style=\"color: #800000;\"><a style=\"color: #800000;\" href=\"https:\/\/revistacienciaecultura.org.br\/\"><strong>Ci\u00eancia &amp; Cultura<\/strong><\/a> <\/span>sobre \u201cOs Biomas do Brasil\u201d capta a ess\u00eancia desse bioma por meio de imagens deslumbrantes, revelando n\u00e3o apenas sua beleza estonteante, mas tamb\u00e9m a urg\u00eancia de conservar este tesouro natural diante dos desafios da expans\u00e3o agr\u00edcola e mudan\u00e7as clim\u00e1ticas, convidando os espectadores a uma jornada cativante de descoberta e reflex\u00e3o.<\/p>\n<p><strong>Assista ao v\u00eddeo completo:<\/strong><\/p>\n<p><iframe loading=\"lazy\" title=\"Cerrado: o cora\u00e7\u00e3o verde do Brasil\" width=\"1200\" height=\"675\" src=\"https:\/\/www.youtube.com\/embed\/267lapgp9Iw?feature=oembed\" frameborder=\"0\" allow=\"accelerometer; autoplay; clipboard-write; encrypted-media; gyroscope; picture-in-picture; web-share\" allowfullscreen><\/iframe><\/p>\n","protected":false},"excerpt":{"rendered":"V\u00eddeo especial para a Ci\u00eancia &amp; Cultura explora a diversidade e fragilidade&hellip;\n","protected":false},"author":19,"featured_media":5046,"comment_status":"open","ping_status":"open","sticky":false,"template":"","format":"standard","meta":[],"categories":[5],"tags":[],"acf":[],"_links":{"self":[{"href":"https:\/\/revistacienciaecultura.org.br\/index.php?rest_route=\/wp\/v2\/posts\/5045"}],"collection":[{"href":"https:\/\/revistacienciaecultura.org.br\/index.php?rest_route=\/wp\/v2\/posts"}],"about":[{"href":"https:\/\/revistacienciaecultura.org.br\/index.php?rest_route=\/wp\/v2\/types\/post"}],"author":[{"embeddable":true,"href":"https:\/\/revistacienciaecultura.org.br\/index.php?rest_route=\/wp\/v2\/users\/19"}],"replies":[{"embeddable":true,"href":"https:\/\/revistacienciaecultura.org.br\/index.php?rest_route=%2Fwp%2Fv2%2Fcomments&post=5045"}],"version-history":[{"count":3,"href":"https:\/\/revistacienciaecultura.org.br\/index.php?rest_route=\/wp\/v2\/posts\/5045\/revisions"}],"predecessor-version":[{"id":5141,"href":"https:\/\/revistacienciaecultura.org.br\/index.php?rest_route=\/wp\/v2\/posts\/5045\/revisions\/5141"}],"wp:featuredmedia":[{"embeddable":true,"href":"https:\/\/revistacienciaecultura.org.br\/index.php?rest_route=\/wp\/v2\/media\/5046"}],"wp:attachment":[{"href":"https:\/\/revistacienciaecultura.org.br\/index.php?rest_route=%2Fwp%2Fv2%2Fmedia&parent=5045"}],"wp:term":[{"taxonomy":"category","embeddable":true,"href":"https:\/\/revistacienciaecultura.org.br\/index.php?rest_route=%2Fwp%2Fv2%2Fcategories&post=5045"},{"taxonomy":"post_tag","embeddable":true,"href":"https:\/\/revistacienciaecultura.org.br\/index.php?rest_route=%2Fwp%2Fv2%2Ftags&post=5045"}],"curies":[{"name":"wp","href":"https:\/\/api.w.org\/{rel}","templated":true}]}}