{"id":5077,"date":"2023-11-07T07:30:08","date_gmt":"2023-11-07T07:30:08","guid":{"rendered":"https:\/\/revistacienciaecultura.org.br\/?p=5077"},"modified":"2023-11-06T18:41:58","modified_gmt":"2023-11-06T18:41:58","slug":"programa-sbpc-vai-a-escola-recebe-propostas-ate-13-de-novembro","status":"publish","type":"post","link":"https:\/\/revistacienciaecultura.org.br\/?p=5077","title":{"rendered":"Programa \u201cSBPC vai \u00e0 Escola\u201d recebe propostas at\u00e9 13 de novembro"},"content":{"rendered":"<h4 id=\"os-interessados-devem-ser-socios-ativos-da-sbpc-e-detentores-do-titulo-de-mestre-ou-doutor-criado-nos-anos-90-o-programa-sbpc-vai-a-escola-ja-contou-com-a-participacao-de-centenas\"><span style=\"color: #808080;\">Os interessados devem ser s\u00f3cios ativos da SBPC e detentores do t\u00edtulo de mestre ou doutor. Criado nos anos 90, o Programa \u201cSBPC vai \u00e0 Escola\u201d j\u00e1 contou com a participa\u00e7\u00e3o de centenas de escolas do Pa\u00eds, impactando milhares de estudantes e professores<\/span><\/h4>\n<p>&nbsp;<\/p>\n<p>A Sociedade Brasileira para o Progresso da Ci\u00eancia (SBPC) est\u00e1 com o edital 2023 aberto do \u201cSBPC vai \u00e0 Escola\u201d. O programa tem como principal objetivo a realiza\u00e7\u00e3o de atividades de divulga\u00e7\u00e3o da ci\u00eancia, de est\u00edmulo ao interesse pelo conhecimento cient\u00edfico e de fomento \u00e0 criatividade das crian\u00e7as, adolescentes e jovens, abrangendo, eventualmente, atividades voltadas \u00e0 forma\u00e7\u00e3o de professores de ensino Fundamental e M\u00e9dio.<\/p>\n<p>Criado nos anos 90, o Programa \u201cSBPC vai \u00e0 Escola\u201d j\u00e1 contou com a participa\u00e7\u00e3o de centenas de escolas, impactando milhares de estudantes e professores.<\/p>\n<p>A SBPC incentiva fortemente a submiss\u00e3o de propostas que contemplem o tema da 76\u00aa Reuni\u00e3o Anual, que ser\u00e1 realizada em Bel\u00e9m do Par\u00e1, de 07 a 13 de julho de 2024:\u00a0<strong>\u201cCi\u00eancia para um Futuro Sustent\u00e1vel e Inclusivo: por um novo contrato social com a natureza\u201d.<\/strong><\/p>\n<p>O envio de propostas pode ser estimulado pelas Secretarias Regionais de suas regi\u00f5es. \u00c9 desej\u00e1vel, por\u00e9m n\u00e3o obrigat\u00f3rio, que sejam feitas parcerias com as Sociedades Cient\u00edficas, para mobilizar seus pesquisadores a participarem do projeto e estreitarem parcerias com a SBPC.\u00a0Para Laila Salmen Espindola, diretora da SBPC, o programa \u00e9 uma \u201coportunidade para o pesquisador sair do laborat\u00f3rio e sala de aula e se juntar a crian\u00e7as e jovens estudantes das escolas de ensino fundamental e m\u00e9dio.\u201d<\/p>\n<p>Os interessados devem ser s\u00f3cios ativos da SBPC, detentores do t\u00edtulo de mestre ou doutor, e encaminhar as propostas para an\u00e1lise at\u00e9 o dia 13 de novembro de 2023.<\/p>\n<p>As propostas devem ser submetidas por meio do formul\u00e1rio dispon\u00edvel em\u00a0<strong><a href=\"https:\/\/forms.gle\/unBpwtdzpfa7e8fz7\" target=\"_blank\" rel=\"noopener\"><span style=\"color: #800000;\">https:\/\/forms.gle\/unBpwtdzpfa7e8fz7<\/span><\/a><\/strong>. Cada projeto poder\u00e1 ser financiado com at\u00e9 R$ 12.000,00 (doze mil reais). Os recursos devem ser utilizados entre 01 de fevereiro e 30 de novembro de 2024. A divulga\u00e7\u00e3o da lista das propostas aprovadas ser\u00e1 feita a partir de 20 de dezembro de 2023.<\/p>\n<p>\u201cConclamo os jovens, professores de nossas Universidades a se unirem ao programa SBPC vai \u00e0 Escola para juntos levarmos nossos laborat\u00f3rios e salas de aula at\u00e9 as crian\u00e7as e jovens estudantes das escolas de ensino fundamental e m\u00e9dio. E, assim, j\u00e1 conhecer os estudantes que um dia estar\u00e3o conosco na universidade!\u201d, convida a diretora da SBPC.<\/p>\n<p>Mais informa\u00e7\u00f5es em\u00a0<strong><a href=\"http:\/\/portal.sbpcnet.org.br\/escola\" target=\"_blank\" rel=\"noopener\"><span style=\"color: #800000;\">http:\/\/portal.sbpcnet.org.br\/escola<\/span><\/a><\/strong><\/p>\n<p><span style=\"color: #808080;\"><a style=\"color: #808080;\" href=\"http:\/\/www.jornaldaciencia.org.br\/\"><em>Jornal da Ci\u00eancia<\/em><\/a><\/span><\/p>\n<p>&nbsp;<\/p>\n<h6 id=\"capa-cdc-unsplash-com-reproducao\">Capa. CDC\/ Unsplash.com. Reprodu\u00e7\u00e3o<\/h6>\n","protected":false},"excerpt":{"rendered":"Os interessados devem ser s\u00f3cios ativos da SBPC e detentores do t\u00edtulo&hellip;\n","protected":false},"author":19,"featured_media":5080,"comment_status":"open","ping_status":"open","sticky":false,"template":"","format":"standard","meta":[],"categories":[1,2],"tags":[],"acf":[],"_links":{"self":[{"href":"https:\/\/revistacienciaecultura.org.br\/index.php?rest_route=\/wp\/v2\/posts\/5077"}],"collection":[{"href":"https:\/\/revistacienciaecultura.org.br\/index.php?rest_route=\/wp\/v2\/posts"}],"about":[{"href":"https:\/\/revistacienciaecultura.org.br\/index.php?rest_route=\/wp\/v2\/types\/post"}],"author":[{"embeddable":true,"href":"https:\/\/revistacienciaecultura.org.br\/index.php?rest_route=\/wp\/v2\/users\/19"}],"replies":[{"embeddable":true,"href":"https:\/\/revistacienciaecultura.org.br\/index.php?rest_route=%2Fwp%2Fv2%2Fcomments&post=5077"}],"version-history":[{"count":3,"href":"https:\/\/revistacienciaecultura.org.br\/index.php?rest_route=\/wp\/v2\/posts\/5077\/revisions"}],"predecessor-version":[{"id":5079,"href":"https:\/\/revistacienciaecultura.org.br\/index.php?rest_route=\/wp\/v2\/posts\/5077\/revisions\/5079"}],"wp:featuredmedia":[{"embeddable":true,"href":"https:\/\/revistacienciaecultura.org.br\/index.php?rest_route=\/wp\/v2\/media\/5080"}],"wp:attachment":[{"href":"https:\/\/revistacienciaecultura.org.br\/index.php?rest_route=%2Fwp%2Fv2%2Fmedia&parent=5077"}],"wp:term":[{"taxonomy":"category","embeddable":true,"href":"https:\/\/revistacienciaecultura.org.br\/index.php?rest_route=%2Fwp%2Fv2%2Fcategories&post=5077"},{"taxonomy":"post_tag","embeddable":true,"href":"https:\/\/revistacienciaecultura.org.br\/index.php?rest_route=%2Fwp%2Fv2%2Ftags&post=5077"}],"curies":[{"name":"wp","href":"https:\/\/api.w.org\/{rel}","templated":true}]}}