{"id":5115,"date":"2023-11-08T08:00:28","date_gmt":"2023-11-08T08:00:28","guid":{"rendered":"https:\/\/revistacienciaecultura.org.br\/?p=5115"},"modified":"2024-09-18T13:09:26","modified_gmt":"2024-09-18T13:09:26","slug":"biomas-brasileiros","status":"publish","type":"post","link":"https:\/\/revistacienciaecultura.org.br\/?p=5115","title":{"rendered":"Biomas brasileiros"},"content":{"rendered":"<h4 id=\"edicao-da-ciencia-cultura-explora-riqueza-dos-ecossistemas-do-pais\"><span style=\"color: #808080;\">Edi\u00e7\u00e3o da Ci\u00eancia &amp; Cultura explora riqueza dos ecossistemas do pa\u00eds<\/span><\/h4>\n<p>&nbsp;<\/p>\n<p><span style=\"color: #800000;\"><strong><a style=\"color: #800000;\" href=\"https:\/\/revistacienciaecultura.org.br\/\">Ci\u00eancia &amp; Cultura<\/a><\/strong> <\/span>\u2013 a revista de divulga\u00e7\u00e3o cient\u00edfica da <span style=\"color: #800000;\"><strong><a style=\"color: #800000;\" href=\"http:\/\/portal.sbpcnet.org.br\/\">Sociedade Brasileira para o Progresso da Ci\u00eancia (SBPC)<\/a><\/strong><\/span> \u2013 em ritmo de comemora\u00e7\u00e3o de seus quase 75 anos, neste n\u00famero \u201cBiomas Brasileiros\u201d convida a todos a viajarem pelas belezas da Amaz\u00f4nia, Cerrado, Mata Atl\u00e2ntica, Caatinga, Pampa e Pantanal. Vamos conhecer esses ricos ecossistemas e seus povos tradicionais, de \u201ccuja heran\u00e7a ancestral, forjada pelo local em que vivem, prov\u00e9m a riqueza cultural de cada um dos biomas\u201d.<\/p>\n<p>O Brasil ostenta uma riqueza incompar\u00e1vel quando se trata da diversidade e import\u00e2ncia de seus biomas. O Cerrado, Pantanal, Pampa, Caatinga, Mata Atl\u00e2ntica e Amaz\u00f4nia s\u00e3o diversos e repletos em termos de servi\u00e7os ecossist\u00eamicos e biodiversidade. Cada um possui suas caracter\u00edsticas \u00fanicas, clima distinto, intera\u00e7\u00e3o com esp\u00e9cies animais e conex\u00f5es espec\u00edficas com ecossistemas vizinhos.<\/p>\n<p>&nbsp;<\/p>\n<h4 id=\"o-brasil-ostenta-uma-riqueza-incomparavel-quando-se-trata-da-diversidade-e-importancia-de-seus-biomas\" style=\"text-align: center;\"><span style=\"color: #800000;\"><em>\u201cO Brasil ostenta uma riqueza incompar\u00e1vel quando se trata da diversidade e import\u00e2ncia de seus biomas.\u201d <\/em><\/span><\/h4>\n<p>&nbsp;<\/p>\n<p>O Cerrado \u00e9 o ber\u00e7o de v\u00e1rias bacias hidrogr\u00e1ficas importantes. Localiza-se em tr\u00eas das maiores bacias hidrogr\u00e1ficas da Am\u00e9rica do Sul (Tocantins-Araguaia, S\u00e3o Francisco e Prata). \u00c9 considerado o segundo maior bioma brasileiro em extens\u00e3o, e com uma das mais ricas biodiversidades do mundo. A despeito desta biodiversidade, esse bioma vem sofrendo muito com o desmatamento, principalmente ocasionados pela agricultura. Hoje, o bioma conserva apenas 20% de sua \u00e1rea total, passando por um grande processo de descaracteriza\u00e7\u00e3o, ou seja, ocupado por grandes pastagens de gado e extensas planta\u00e7\u00f5es de soja, algod\u00e3o, cana, eucalipto. Al\u00e9m disso, a urbaniza\u00e7\u00e3o desenfreada j\u00e1 consumiu grandes por\u00e7\u00f5es do Cerrado. O desmatamento, ca\u00e7a ilegal, tr\u00e1fico de esp\u00e9cies e inc\u00eandios florestais amea\u00e7am o habitat de muitas esp\u00e9cies, empurrando-as em dire\u00e7\u00e3o \u00e0 extin\u00e7\u00e3o. (Figura 1)<\/p>\n<h6 id=\"figura-1-cerradofoto-luciano-thomazelli-reproducao\" style=\"text-align: center;\"><img loading=\"lazy\" class=\"aligncenter wp-image-5116\" src=\"https:\/\/revistacienciaecultura.org.br\/wp-content\/uploads\/2023\/11\/CC-4E23-editorial-Biomas-brasileiros-figura1-300x169.jpg\" alt=\"\" width=\"400\" height=\"225\" srcset=\"https:\/\/revistacienciaecultura.org.br\/wp-content\/uploads\/2023\/11\/CC-4E23-editorial-Biomas-brasileiros-figura1-300x169.jpg 300w, https:\/\/revistacienciaecultura.org.br\/wp-content\/uploads\/2023\/11\/CC-4E23-editorial-Biomas-brasileiros-figura1-1024x576.jpg 1024w, https:\/\/revistacienciaecultura.org.br\/wp-content\/uploads\/2023\/11\/CC-4E23-editorial-Biomas-brasileiros-figura1-768x432.jpg 768w, https:\/\/revistacienciaecultura.org.br\/wp-content\/uploads\/2023\/11\/CC-4E23-editorial-Biomas-brasileiros-figura1-18x10.jpg 18w, https:\/\/revistacienciaecultura.org.br\/wp-content\/uploads\/2023\/11\/CC-4E23-editorial-Biomas-brasileiros-figura1-800x450.jpg 800w, https:\/\/revistacienciaecultura.org.br\/wp-content\/uploads\/2023\/11\/CC-4E23-editorial-Biomas-brasileiros-figura1-1160x653.jpg 1160w, https:\/\/revistacienciaecultura.org.br\/wp-content\/uploads\/2023\/11\/CC-4E23-editorial-Biomas-brasileiros-figura1.jpg 1477w\" sizes=\"(max-width: 400px) 100vw, 400px\" \/><br \/>\n<strong>Figura 1. Cerrado<br \/>\n<\/strong>(Foto: <a href=\"https:\/\/commons.wikimedia.org\/w\/index.php?title=User:Lucthomazelli&amp;action=edit&amp;redlink=1\">Luciano Thomazelli<\/a>. Reprodu\u00e7\u00e3o)<\/h6>\n<p>&nbsp;<\/p>\n<p>O Pantanal, a maior plan\u00edcie de inunda\u00e7\u00e3o do mundo, abrange 250.000 quil\u00f4metros quadrados com uma altitude m\u00e9dia de 100 metros. Reconhecida pela <span style=\"color: #800000;\"><strong><a style=\"color: #800000;\" href=\"https:\/\/www.unesco.org\/\">Unesco<\/a><\/strong><\/span> como \u201cPatrim\u00f4nio Natural Mundial\u201d e \u201cReserva da Biosfera\u201d, essa regi\u00e3o abriga uma biodiversidade excepcional. O ecossistema se estende pelo Brasil, Bol\u00edvia e Paraguai e fica inundado em at\u00e9 80% de sua \u00e1rea durante a esta\u00e7\u00e3o chuvosa. A vegeta\u00e7\u00e3o do Pantanal varia significativamente, influenciada pelo solo e pela altitude. As principais atividades econ\u00f4micas incluem a cria\u00e7\u00e3o de gado bovino e o turismo, enquanto a regi\u00e3o tamb\u00e9m abriga popula\u00e7\u00f5es ind\u00edgenas e tradicionais que possuem conhecimento ancestral sobre a biodiversidade local. (Figura 2)<\/p>\n<h6 id=\"figura-2-pantanalfoto-filipefrazao-reproducao\" style=\"text-align: center;\"><img loading=\"lazy\" class=\"aligncenter wp-image-5117\" src=\"https:\/\/revistacienciaecultura.org.br\/wp-content\/uploads\/2023\/11\/CC-4E23-editorial-Biomas-brasileiros-figura2-300x200.jpg\" alt=\"\" width=\"400\" height=\"266\" srcset=\"https:\/\/revistacienciaecultura.org.br\/wp-content\/uploads\/2023\/11\/CC-4E23-editorial-Biomas-brasileiros-figura2-300x200.jpg 300w, https:\/\/revistacienciaecultura.org.br\/wp-content\/uploads\/2023\/11\/CC-4E23-editorial-Biomas-brasileiros-figura2-1024x682.jpg 1024w, https:\/\/revistacienciaecultura.org.br\/wp-content\/uploads\/2023\/11\/CC-4E23-editorial-Biomas-brasileiros-figura2-768x511.jpg 768w, https:\/\/revistacienciaecultura.org.br\/wp-content\/uploads\/2023\/11\/CC-4E23-editorial-Biomas-brasileiros-figura2-18x12.jpg 18w, https:\/\/revistacienciaecultura.org.br\/wp-content\/uploads\/2023\/11\/CC-4E23-editorial-Biomas-brasileiros-figura2-800x532.jpg 800w, https:\/\/revistacienciaecultura.org.br\/wp-content\/uploads\/2023\/11\/CC-4E23-editorial-Biomas-brasileiros-figura2-1160x772.jpg 1160w, https:\/\/revistacienciaecultura.org.br\/wp-content\/uploads\/2023\/11\/CC-4E23-editorial-Biomas-brasileiros-figura2.jpg 1477w\" sizes=\"(max-width: 400px) 100vw, 400px\" \/><br \/>\n<strong>Figura 2. Pantanal<br \/>\n<\/strong>(Foto: <a href=\"https:\/\/commons.wikimedia.org\/w\/index.php?title=User:Filipefrazao&amp;action=edit&amp;redlink=1\">Filipefrazao<\/a>. Reprodu\u00e7\u00e3o)<\/h6>\n<p>&nbsp;<\/p>\n<p>O Pampa compreende vastas plan\u00edcies e colinas cobertas por campos, estendendo-se por uma parte significativa da regi\u00e3o sul da Am\u00e9rica do Sul, abrangendo metade do estado do Rio Grande do Sul, Uruguai e v\u00e1rias prov\u00edncias argentinas. O bioma possui um clima subtropical com not\u00e1veis varia\u00e7\u00f5es sazonais e apresenta \u00e1reas importantes de monocultura de arroz e soja, al\u00e9m de extensas pastagens. (Figura 3)<\/p>\n<h6 id=\"figura-3-pampafoto-fernando-barcellos-reproducao\" style=\"text-align: center;\"><img loading=\"lazy\" class=\"aligncenter wp-image-5118\" src=\"https:\/\/revistacienciaecultura.org.br\/wp-content\/uploads\/2023\/11\/CC-4E23-editorial-Biomas-brasileiros-figura3-300x225.jpg\" alt=\"\" width=\"400\" height=\"300\" srcset=\"https:\/\/revistacienciaecultura.org.br\/wp-content\/uploads\/2023\/11\/CC-4E23-editorial-Biomas-brasileiros-figura3-300x225.jpg 300w, https:\/\/revistacienciaecultura.org.br\/wp-content\/uploads\/2023\/11\/CC-4E23-editorial-Biomas-brasileiros-figura3-1024x767.jpg 1024w, https:\/\/revistacienciaecultura.org.br\/wp-content\/uploads\/2023\/11\/CC-4E23-editorial-Biomas-brasileiros-figura3-768x575.jpg 768w, https:\/\/revistacienciaecultura.org.br\/wp-content\/uploads\/2023\/11\/CC-4E23-editorial-Biomas-brasileiros-figura3-16x12.jpg 16w, https:\/\/revistacienciaecultura.org.br\/wp-content\/uploads\/2023\/11\/CC-4E23-editorial-Biomas-brasileiros-figura3-800x599.jpg 800w, https:\/\/revistacienciaecultura.org.br\/wp-content\/uploads\/2023\/11\/CC-4E23-editorial-Biomas-brasileiros-figura3-1160x869.jpg 1160w, https:\/\/revistacienciaecultura.org.br\/wp-content\/uploads\/2023\/11\/CC-4E23-editorial-Biomas-brasileiros-figura3.jpg 1477w\" sizes=\"(max-width: 400px) 100vw, 400px\" \/><br \/>\n<strong>Figura 3. Pampa<br \/>\n<\/strong>(Foto: Fernando Barcellos. Reprodu\u00e7\u00e3o)<\/h6>\n<p>&nbsp;<\/p>\n<p>O encantador bioma da Caatinga est\u00e1 localizado no Nordeste do Brasil, cobrindo mais de 900.000 quil\u00f4metros quadrados e incluindo diversos tipos de vegeta\u00e7\u00e3o organizados em nove ecorregi\u00f5es distintas. Estende-se por praticamente toda a regi\u00e3o Nordeste e seus estados federativos, bem como o norte de Minas Gerais. Apesar de sua not\u00e1vel biodiversidade, a Caatinga continua a ser uma das regi\u00f5es biogeogr\u00e1ficas menos estudadas entre os biomas brasileiros. A vegeta\u00e7\u00e3o caracter\u00edstica da Caatinga pertence a um bioma global conhecido como Florestas e Arbustais Tropicais Sazonalmente Secos. A palavra \u201cCaatinga\u201d tem origem tupi-guarani e significa \u201cmata branca\u201d, fazendo refer\u00eancia ao aspecto esbranqui\u00e7ado dos troncos de \u00e1rvores devido ao clima seco. (Figura 4)<\/p>\n<h6 id=\"figura-4-caatingafoto-cesarcoelho667-reproducao\" style=\"text-align: center;\"><img loading=\"lazy\" class=\"aligncenter wp-image-5119\" src=\"https:\/\/revistacienciaecultura.org.br\/wp-content\/uploads\/2023\/11\/CC-4E23-editorial-Biomas-brasileiros-figura4-300x208.jpg\" alt=\"\" width=\"400\" height=\"277\" srcset=\"https:\/\/revistacienciaecultura.org.br\/wp-content\/uploads\/2023\/11\/CC-4E23-editorial-Biomas-brasileiros-figura4-300x208.jpg 300w, https:\/\/revistacienciaecultura.org.br\/wp-content\/uploads\/2023\/11\/CC-4E23-editorial-Biomas-brasileiros-figura4-1024x709.jpg 1024w, https:\/\/revistacienciaecultura.org.br\/wp-content\/uploads\/2023\/11\/CC-4E23-editorial-Biomas-brasileiros-figura4-768x531.jpg 768w, https:\/\/revistacienciaecultura.org.br\/wp-content\/uploads\/2023\/11\/CC-4E23-editorial-Biomas-brasileiros-figura4-18x12.jpg 18w, https:\/\/revistacienciaecultura.org.br\/wp-content\/uploads\/2023\/11\/CC-4E23-editorial-Biomas-brasileiros-figura4-800x554.jpg 800w, https:\/\/revistacienciaecultura.org.br\/wp-content\/uploads\/2023\/11\/CC-4E23-editorial-Biomas-brasileiros-figura4-1160x803.jpg 1160w, https:\/\/revistacienciaecultura.org.br\/wp-content\/uploads\/2023\/11\/CC-4E23-editorial-Biomas-brasileiros-figura4.jpg 1477w\" sizes=\"(max-width: 400px) 100vw, 400px\" \/><br \/>\n<strong>Figura 4. Caatinga<br \/>\n<\/strong>(Foto: <a href=\"https:\/\/commons.wikimedia.org\/w\/index.php?title=User:CesarCoelho667&amp;action=edit&amp;redlink=1\">CesarCoelho667<\/a>. Reprodu\u00e7\u00e3o)<\/h6>\n<p>&nbsp;<\/p>\n<p>A Mata Atl\u00e2ntica \u00e9 talvez o ecossistema brasileiro mais devastado, originalmente abrangendo 1,3 milh\u00e3o de quil\u00f4metros quadrados, mas ocupando atualmente apenas 0,2 milh\u00e3o de quil\u00f4metros quadrados. Nos 16% restantes de sua \u00e1rea original, existem apenas pequenos fragmentos de florestas secund\u00e1rias. A Mata Atl\u00e2ntica se estende ao longo de toda a costa brasileira, do Rio Grande do Norte ao Rio Grande do Sul, avan\u00e7ando para o interior nas regi\u00f5es sul e sudeste, bem como em partes de Minas Gerais, Rio Grande do Sul, Paraguai e Argentina. Abriga popula\u00e7\u00f5es ind\u00edgenas em diversos fragmentos. (Figura 5)<\/p>\n<h6 id=\"figura-5-mata-atlanticafoto-joao-p-burini-reproducao\" style=\"text-align: center;\"><img loading=\"lazy\" class=\"aligncenter wp-image-5120\" src=\"https:\/\/revistacienciaecultura.org.br\/wp-content\/uploads\/2023\/11\/CC-4E23-editorial-Biomas-brasileiros-figura5-300x200.jpg\" alt=\"\" width=\"400\" height=\"266\" srcset=\"https:\/\/revistacienciaecultura.org.br\/wp-content\/uploads\/2023\/11\/CC-4E23-editorial-Biomas-brasileiros-figura5-300x200.jpg 300w, https:\/\/revistacienciaecultura.org.br\/wp-content\/uploads\/2023\/11\/CC-4E23-editorial-Biomas-brasileiros-figura5-1024x682.jpg 1024w, https:\/\/revistacienciaecultura.org.br\/wp-content\/uploads\/2023\/11\/CC-4E23-editorial-Biomas-brasileiros-figura5-768x511.jpg 768w, https:\/\/revistacienciaecultura.org.br\/wp-content\/uploads\/2023\/11\/CC-4E23-editorial-Biomas-brasileiros-figura5-18x12.jpg 18w, https:\/\/revistacienciaecultura.org.br\/wp-content\/uploads\/2023\/11\/CC-4E23-editorial-Biomas-brasileiros-figura5-800x532.jpg 800w, https:\/\/revistacienciaecultura.org.br\/wp-content\/uploads\/2023\/11\/CC-4E23-editorial-Biomas-brasileiros-figura5-1160x772.jpg 1160w, https:\/\/revistacienciaecultura.org.br\/wp-content\/uploads\/2023\/11\/CC-4E23-editorial-Biomas-brasileiros-figura5.jpg 1477w\" sizes=\"(max-width: 400px) 100vw, 400px\" \/><br \/>\n<strong>Figura 5. Mata Atl\u00e2ntica<br \/>\n<\/strong>(Foto: <a href=\"https:\/\/commons.wikimedia.org\/w\/index.php?title=User:Techuser&amp;action=edit&amp;redlink=1\">Jo\u00e3o P. Burini<\/a>. Reprodu\u00e7\u00e3o)<\/h6>\n<p>&nbsp;<\/p>\n<p>A Amaz\u00f4nia \u00e9 indiscutivelmente o bioma brasileiro mais discutido devido \u00e0s altas taxas recentes de desmatamento. Ela engloba 60% do territ\u00f3rio brasileiro e se estende por nove pa\u00edses da Am\u00e9rica do Sul, cobrindo 5,5 milh\u00f5es de quil\u00f4metros quadrados de florestas tropicais. A Amaz\u00f4nia representa mais da metade das florestas tropicais remanescentes no planeta e ostenta a maior biodiversidade de qualquer floresta tropical no mundo. Seu clima quente e \u00famido possui regi\u00f5es com precipita\u00e7\u00e3o extremamente alta. A Amaz\u00f4nia \u00e9 habitada h\u00e1 pelo menos 11.000 anos, com teorias que sugerem uma extensa influ\u00eancia humana ao longo de sua longa hist\u00f3ria. A floresta det\u00e9m o maior estoque de carbono do planeta, com cerca de 120 bilh\u00f5es de toneladas, tornando a Amaz\u00f4nia uma regi\u00e3o estrat\u00e9gica para o nosso planeta. Ela libera grandes quantidades de vapor de \u00e1gua, regulando o ciclo hidrol\u00f3gico em vastas \u00e1reas. Estrat\u00e9gias futuras para a utiliza\u00e7\u00e3o respons\u00e1vel de sua biodiversidade est\u00e3o em intensa discuss\u00e3o, com o desafio de garantir que esses benef\u00edcios sirvam \u00e0s popula\u00e7\u00f5es origin\u00e1rias. (Figura 6)<\/p>\n<h6 id=\"figura-6-amazoniafoto-neil-palmer-ciat-flickr-reproducao\" style=\"text-align: center;\"><img loading=\"lazy\" class=\"aligncenter wp-image-5121\" src=\"https:\/\/revistacienciaecultura.org.br\/wp-content\/uploads\/2023\/11\/CC-4E23-editorial-Biomas-brasileiros-figura6-300x199.jpg\" alt=\"\" width=\"400\" height=\"266\" srcset=\"https:\/\/revistacienciaecultura.org.br\/wp-content\/uploads\/2023\/11\/CC-4E23-editorial-Biomas-brasileiros-figura6-300x199.jpg 300w, https:\/\/revistacienciaecultura.org.br\/wp-content\/uploads\/2023\/11\/CC-4E23-editorial-Biomas-brasileiros-figura6-1024x680.jpg 1024w, https:\/\/revistacienciaecultura.org.br\/wp-content\/uploads\/2023\/11\/CC-4E23-editorial-Biomas-brasileiros-figura6-768x510.jpg 768w, https:\/\/revistacienciaecultura.org.br\/wp-content\/uploads\/2023\/11\/CC-4E23-editorial-Biomas-brasileiros-figura6-18x12.jpg 18w, https:\/\/revistacienciaecultura.org.br\/wp-content\/uploads\/2023\/11\/CC-4E23-editorial-Biomas-brasileiros-figura6-800x531.jpg 800w, https:\/\/revistacienciaecultura.org.br\/wp-content\/uploads\/2023\/11\/CC-4E23-editorial-Biomas-brasileiros-figura6-1160x770.jpg 1160w, https:\/\/revistacienciaecultura.org.br\/wp-content\/uploads\/2023\/11\/CC-4E23-editorial-Biomas-brasileiros-figura6.jpg 1477w\" sizes=\"(max-width: 400px) 100vw, 400px\" \/><br \/>\n<strong>Figura 6. Amaz\u00f4nia<br \/>\n<\/strong>(Foto: Neil Palmer\/<a href=\"https:\/\/www.flickr.com\/photos\/ciat\/\">CIAT<\/a>\u00a0&#8211;\u00a0<a href=\"https:\/\/www.flickr.com\/photos\/ciat\/5641594952\/in\/set-72157631885298620\">Flickr<\/a>. Reprodu\u00e7\u00e3o)<\/h6>\n<p>&nbsp;<\/p>\n<p>Convidamos nossos leitores a explorar as hist\u00f3rias e discuss\u00f5es de cada um dos biomas brasileiros nesta edi\u00e7\u00e3o da Ci\u00eancia &amp; Cultura. Compreender nossos biomas \u00e9 fundamental para sua preserva\u00e7\u00e3o. Ci\u00eancia, conserva\u00e7\u00e3o e cultura andam juntas neste passeio por nossos biomas.<\/p>\n<p>&nbsp;<\/p>\n<h4 id=\"compreender-nossos-biomas-e-fundamental-para-sua-preservacao\" style=\"text-align: center;\"><span style=\"color: #800000;\"><em>\u201cCompreender nossos biomas \u00e9 fundamental para sua preserva\u00e7\u00e3o.\u201d<\/em><\/span><\/h4>\n<p>&nbsp;<\/p>\n<h6 id=\"capa-conhecer-os-biomas-e-essencial-para-sua-preservacao-foto-fabio-de-paina-nunes-reproducao\"><strong>Capa. Conhecer os biomas \u00e9 essencial para sua preserva\u00e7\u00e3o.<br \/>\n<\/strong>(Foto: <a href=\"https:\/\/commons.wikimedia.org\/w\/index.php?title=User:F%C3%A1bio_de_Paina_Nunes&amp;action=edit&amp;redlink=1\">F\u00e1bio de Paina Nunes<\/a>. Reprodu\u00e7\u00e3o)<\/h6>\n<hr \/>\n<h6 id=\"http-dx-doi-org-10-5935-2317-6660-20230045\"><span style=\"color: #808080;\"><a style=\"color: #808080;\" href=\"http:\/\/dx.doi.org\/10.5935\/2317-6660.20230045\" target=\"_blank\" rel=\"noopener\">http:\/\/dx.doi.org\/10.5935\/2317-6660.20230045<\/a><\/span><\/h6>\n","protected":false},"excerpt":{"rendered":"Edi\u00e7\u00e3o da Ci\u00eancia &amp; Cultura explora riqueza dos ecossistemas do pa\u00eds &nbsp;&hellip;\n","protected":false},"author":155,"featured_media":5122,"comment_status":"open","ping_status":"open","sticky":false,"template":"","format":"standard","meta":[],"categories":[52,21],"tags":[],"acf":[],"_links":{"self":[{"href":"https:\/\/revistacienciaecultura.org.br\/index.php?rest_route=\/wp\/v2\/posts\/5115"}],"collection":[{"href":"https:\/\/revistacienciaecultura.org.br\/index.php?rest_route=\/wp\/v2\/posts"}],"about":[{"href":"https:\/\/revistacienciaecultura.org.br\/index.php?rest_route=\/wp\/v2\/types\/post"}],"author":[{"embeddable":true,"href":"https:\/\/revistacienciaecultura.org.br\/index.php?rest_route=\/wp\/v2\/users\/155"}],"replies":[{"embeddable":true,"href":"https:\/\/revistacienciaecultura.org.br\/index.php?rest_route=%2Fwp%2Fv2%2Fcomments&post=5115"}],"version-history":[{"count":2,"href":"https:\/\/revistacienciaecultura.org.br\/index.php?rest_route=\/wp\/v2\/posts\/5115\/revisions"}],"predecessor-version":[{"id":7118,"href":"https:\/\/revistacienciaecultura.org.br\/index.php?rest_route=\/wp\/v2\/posts\/5115\/revisions\/7118"}],"wp:featuredmedia":[{"embeddable":true,"href":"https:\/\/revistacienciaecultura.org.br\/index.php?rest_route=\/wp\/v2\/media\/5122"}],"wp:attachment":[{"href":"https:\/\/revistacienciaecultura.org.br\/index.php?rest_route=%2Fwp%2Fv2%2Fmedia&parent=5115"}],"wp:term":[{"taxonomy":"category","embeddable":true,"href":"https:\/\/revistacienciaecultura.org.br\/index.php?rest_route=%2Fwp%2Fv2%2Fcategories&post=5115"},{"taxonomy":"post_tag","embeddable":true,"href":"https:\/\/revistacienciaecultura.org.br\/index.php?rest_route=%2Fwp%2Fv2%2Ftags&post=5115"}],"curies":[{"name":"wp","href":"https:\/\/api.w.org\/{rel}","templated":true}]}}