{"id":5133,"date":"2023-11-08T07:30:09","date_gmt":"2023-11-08T07:30:09","guid":{"rendered":"https:\/\/revistacienciaecultura.org.br\/?p=5133"},"modified":"2023-11-07T20:19:40","modified_gmt":"2023-11-07T20:19:40","slug":"unesco-divulga-plano-contra-desinformacao-e-discurso-de-odio-nas-redes-sociais","status":"publish","type":"post","link":"https:\/\/revistacienciaecultura.org.br\/?p=5133","title":{"rendered":"Unesco divulga plano contra desinforma\u00e7\u00e3o e discurso de \u00f3dio nas redes sociais"},"content":{"rendered":"<h4 id=\"agencia-defende-regulacao-protegendo-liberdade-de-expressao-e-direitos-humanos\"><span style=\"color: #808080;\">Ag\u00eancia defende regula\u00e7\u00e3o protegendo liberdade de express\u00e3o e direitos humanos<\/span><\/h4>\n<p><em>\u00a0<\/em><\/p>\n<p>A <span style=\"color: #800000;\"><strong><a style=\"color: #800000;\" href=\"https:\/\/www.unesco.org\/en\">Organiza\u00e7\u00e3o das Na\u00e7\u00f5es Unidas para Educa\u00e7\u00e3o, Ci\u00eancia e Cultura (Unesco)<\/a><\/strong><\/span> alertou nesta segunda-feira (06) sobre a crescente amea\u00e7a da desinforma\u00e7\u00e3o e do discurso de \u00f3dio online, apontando para um panorama que afeta a estabilidade e coes\u00e3o social. Com mais de 10 mil contribui\u00e7\u00f5es de 134 pa\u00edses ao longo de 18 meses, a organiza\u00e7\u00e3o delineou um plano de a\u00e7\u00e3o in\u00e9dito, descrevendo sete princ\u00edpios e medidas concretas.<\/p>\n<p>Entre as diretrizes propostas pela Unesco, destaca-se a necessidade de considerar o impacto nos direitos humanos em todas as fases do processo decis\u00f3rio. A implementa\u00e7\u00e3o de reguladores p\u00fablicos independentes em \u00e2mbito global, para evitar discrep\u00e2ncias nas regulamenta\u00e7\u00f5es nacionais, \u00e9 outro ponto crucial. A organiza\u00e7\u00e3o ainda advoga por uma modera\u00e7\u00e3o de conte\u00fado em escala, em todos os idiomas e regi\u00f5es.<\/p>\n<p>Al\u00e9m disso, a Unesco pressiona pela transpar\u00eancia e responsabilidade nos algoritmos das plataformas digitais, focando em garantir informa\u00e7\u00f5es confi\u00e1veis, ao mesmo tempo em que enfatiza a import\u00e2ncia de preservar a liberdade de express\u00e3o. Os esfor\u00e7os se estendem a quest\u00f5es eleitorais e emergenciais, com medidas de alerta e transpar\u00eancia na publicidade pol\u00edtica.<\/p>\n<p>A divulga\u00e7\u00e3o desse plano pela Unesco acompanha uma pesquisa com mais de 8 mil entrevistados em 16 pa\u00edses, previstos para realizar elei\u00e7\u00f5es em 2024. Os resultados revelam uma preocupa\u00e7\u00e3o generalizada (85%) com o impacto da desinforma\u00e7\u00e3o online, onde 87% acreditam que tal desinforma\u00e7\u00e3o j\u00e1 influencia significativamente a vida pol\u00edtica de seus pa\u00edses. Com 88% pedindo interven\u00e7\u00e3o governamental e regulat\u00f3ria para resolver rapidamente o problema, a press\u00e3o sobre a regulamenta\u00e7\u00e3o das redes sociais \u00e9 evidente.<\/p>\n<p>A iniciativa da Unesco foi saudada por reguladores independentes em diversas regi\u00f5es do mundo, que se mostraram dispostos a aplicar as medidas propostas. O plano ser\u00e1 implementado ao longo dos pr\u00f3ximos anos, com destaque para a primeira Confer\u00eancia Mundial de Reguladores planejada para meados de 2024, enquanto a organiza\u00e7\u00e3o apoiar\u00e1 seus Estados-membros na implementa\u00e7\u00e3o dessas diretrizes, com apoio financeiro prometido.<\/p>\n<p>Este projeto espec\u00edfico destina-se a conter a dissemina\u00e7\u00e3o de desinforma\u00e7\u00e3o e \u00f3dio nas redes, al\u00e9m de garantir a integridade eleitoral e a liberdade de express\u00e3o, envolvendo reguladores independentes e a transpar\u00eancia nas plataformas digitais. \u00c9 uma resposta clara a um problema que afeta a coes\u00e3o social e os processos democr\u00e1ticos em n\u00edvel global.<\/p>\n<p><span style=\"color: #808080;\"><em>Com informa\u00e7\u00f5es da ONU News e Unesco<\/em><\/span><\/p>\n<p>&nbsp;<\/p>\n<h6 id=\"capa-gian-cescon-unsplash-reproducao\">Capa. Gian Cescon\/ Unsplash. Reprodu\u00e7\u00e3o<\/h6>\n","protected":false},"excerpt":{"rendered":"Ag\u00eancia defende regula\u00e7\u00e3o protegendo liberdade de express\u00e3o e direitos humanos \u00a0 A&hellip;\n","protected":false},"author":19,"featured_media":5134,"comment_status":"open","ping_status":"open","sticky":false,"template":"","format":"standard","meta":[],"categories":[1,2],"tags":[],"acf":[],"_links":{"self":[{"href":"https:\/\/revistacienciaecultura.org.br\/index.php?rest_route=\/wp\/v2\/posts\/5133"}],"collection":[{"href":"https:\/\/revistacienciaecultura.org.br\/index.php?rest_route=\/wp\/v2\/posts"}],"about":[{"href":"https:\/\/revistacienciaecultura.org.br\/index.php?rest_route=\/wp\/v2\/types\/post"}],"author":[{"embeddable":true,"href":"https:\/\/revistacienciaecultura.org.br\/index.php?rest_route=\/wp\/v2\/users\/19"}],"replies":[{"embeddable":true,"href":"https:\/\/revistacienciaecultura.org.br\/index.php?rest_route=%2Fwp%2Fv2%2Fcomments&post=5133"}],"version-history":[{"count":2,"href":"https:\/\/revistacienciaecultura.org.br\/index.php?rest_route=\/wp\/v2\/posts\/5133\/revisions"}],"predecessor-version":[{"id":5136,"href":"https:\/\/revistacienciaecultura.org.br\/index.php?rest_route=\/wp\/v2\/posts\/5133\/revisions\/5136"}],"wp:featuredmedia":[{"embeddable":true,"href":"https:\/\/revistacienciaecultura.org.br\/index.php?rest_route=\/wp\/v2\/media\/5134"}],"wp:attachment":[{"href":"https:\/\/revistacienciaecultura.org.br\/index.php?rest_route=%2Fwp%2Fv2%2Fmedia&parent=5133"}],"wp:term":[{"taxonomy":"category","embeddable":true,"href":"https:\/\/revistacienciaecultura.org.br\/index.php?rest_route=%2Fwp%2Fv2%2Fcategories&post=5133"},{"taxonomy":"post_tag","embeddable":true,"href":"https:\/\/revistacienciaecultura.org.br\/index.php?rest_route=%2Fwp%2Fv2%2Ftags&post=5133"}],"curies":[{"name":"wp","href":"https:\/\/api.w.org\/{rel}","templated":true}]}}