{"id":5146,"date":"2023-11-09T07:30:57","date_gmt":"2023-11-09T07:30:57","guid":{"rendered":"https:\/\/revistacienciaecultura.org.br\/?p=5146"},"modified":"2023-11-08T12:43:07","modified_gmt":"2023-11-08T12:43:07","slug":"as-grandes-epidemias-licoes-passadas-para-um-presente-desafiador","status":"publish","type":"post","link":"https:\/\/revistacienciaecultura.org.br\/?p=5146","title":{"rendered":"As grandes epidemias: li\u00e7\u00f5es passadas para um presente desafiador"},"content":{"rendered":"<h4 id=\"serie-de-videos-do-butantan-explora-as-grandes-doencas-que-desafiaram-a-saude-publica\"><span style=\"color: #808080;\">S\u00e9rie de v\u00eddeos do Butantan explora as grandes doen\u00e7as que desafiaram a sa\u00fade p\u00fablica<\/span><\/h4>\n<p>&nbsp;<\/p>\n<p>Depois da pandemia da covid-19 (que ainda paira sobre n\u00f3s), a compreens\u00e3o do passado se torna crucial para a melhoria do presente e do futuro. <span style=\"color: #800000;\"><a style=\"color: #800000;\" href=\"https:\/\/butantan.gov.br\/atracoes\/museu-de-microbiologia\"><strong>O Museu de Microbiologia do Instituto Butantan<\/strong><\/a><\/span> apresenta a s\u00e9rie de v\u00eddeos &#8220;<span style=\"color: #800000;\"><a style=\"color: #800000;\" href=\"https:\/\/www.youtube.com\/playlist?list=PLQSwC3UMEjiFKZSwM9mfflfCprWiiUsUP\"><strong>As Grandes Epidemias<\/strong><\/a><\/span>&#8220;, abordando cinco importantes doen\u00e7as hist\u00f3ricas: peste bub\u00f4nica, var\u00edola, gripe espanhola, meningite e AIDS. A s\u00e9rie oferece um mergulho na hist\u00f3ria, revelando que a peste bub\u00f4nica dizimou cerca de um quarto da popula\u00e7\u00e3o europeia no s\u00e9culo XIV, a var\u00edola foi utilizada como arma contra popula\u00e7\u00f5es ind\u00edgenas no s\u00e9culo XVI, a gripe espanhola teve origem nos Estados Unidos p\u00f3s-Primeira Guerra Mundial, um surto de meningite atingiu o Brasil nos anos 1970 e como os medicamentos antirretrovirais transformaram a vida dos portadores de HIV. Com fotos, ilustra\u00e7\u00f5es, depoimentos de especialistas do Butantan e renomados profissionais da medicina brasileira, os v\u00eddeos proporcionam uma valiosa compreens\u00e3o de como a hist\u00f3ria das epidemias impactou e continua a moldar nossa realidade atual, al\u00e9m de real\u00e7ar a import\u00e2ncia das boas condi\u00e7\u00f5es sanit\u00e1rias para conter a dissemina\u00e7\u00e3o de microrganismos patog\u00eanicos.<\/p>\n<p>Confira!<\/p>\n<p>&nbsp;<\/p>\n<h4 id=\"a-peste\"><a href=\"https:\/\/www.youtube.com\/watch?v=xN2wATufjOA&amp;list=PLQSwC3UMEjiFKZSwM9mfflfCprWiiUsUP&amp;index=1\"><strong>A peste<\/strong><\/a><\/h4>\n<p>O primeiro v\u00eddeo da s\u00e9rie aborda a peste bub\u00f4nica, uma doen\u00e7a bacteriana que assolou a Europa no s\u00e9culo XIV, dizimando um quarto de sua popula\u00e7\u00e3o.<\/p>\n<p><iframe loading=\"lazy\" title=\"A Peste \u2013 As Grandes Epidemias (1 de 5)\" width=\"1200\" height=\"675\" src=\"https:\/\/www.youtube.com\/embed\/xN2wATufjOA?list=PLQSwC3UMEjiFKZSwM9mfflfCprWiiUsUP\" frameborder=\"0\" allow=\"accelerometer; autoplay; clipboard-write; encrypted-media; gyroscope; picture-in-picture; web-share\" allowfullscreen><\/iframe><\/p>\n<p>&nbsp;<\/p>\n<h4 id=\"a-variola\"><a href=\"https:\/\/www.youtube.com\/watch?v=vSi823WmbzY&amp;list=PLQSwC3UMEjiFKZSwM9mfflfCprWiiUsUP&amp;index=2\"><strong>A var\u00edola<\/strong><\/a><\/h4>\n<p>Uma das doen\u00e7as mais devastadoras da hist\u00f3ria, erradicada pela Organiza\u00e7\u00e3o Mundial de Sa\u00fade (OMS) em 1980, volta a preocupar devido a temores de seu uso como arma biol\u00f3gica.<\/p>\n<p><iframe loading=\"lazy\" title=\"A Var\u00edola \u2013 As Grandes Epidemias (2 de 5)\" width=\"1200\" height=\"675\" src=\"https:\/\/www.youtube.com\/embed\/vSi823WmbzY?list=PLQSwC3UMEjiFKZSwM9mfflfCprWiiUsUP\" frameborder=\"0\" allow=\"accelerometer; autoplay; clipboard-write; encrypted-media; gyroscope; picture-in-picture; web-share\" allowfullscreen><\/iframe><\/p>\n<p>&nbsp;<\/p>\n<h4 id=\"influenza\"><a href=\"https:\/\/www.youtube.com\/watch?v=HID2yspZwhI&amp;list=PLQSwC3UMEjiFKZSwM9mfflfCprWiiUsUP&amp;index=3\"><strong>Influenza<\/strong><\/a><\/h4>\n<p>Um misterioso v\u00edrus desencadeou a devastadora &#8220;Gripe Espanhola&#8221; entre 1918 e 1919, marcando um cap\u00edtulo crucial na hist\u00f3ria da sa\u00fade p\u00fablica. Suspeita-se que a origem desse v\u00edrus esteja ligada a aves e su\u00ednos, e ao longo do tempo, suas muta\u00e7\u00f5es e recombina\u00e7\u00f5es o tornaram altamente patog\u00eanico para os humanos, com uma efici\u00eancia de transmiss\u00e3o significativa.<\/p>\n<p><iframe loading=\"lazy\" title=\"Influenza \u2013 As Grandes Epidemias (3 de 5)\" width=\"1200\" height=\"675\" src=\"https:\/\/www.youtube.com\/embed\/HID2yspZwhI?list=PLQSwC3UMEjiFKZSwM9mfflfCprWiiUsUP\" frameborder=\"0\" allow=\"accelerometer; autoplay; clipboard-write; encrypted-media; gyroscope; picture-in-picture; web-share\" allowfullscreen><\/iframe><\/p>\n<p>&nbsp;<\/p>\n<h4 id=\"a-meningite\"><a href=\"https:\/\/www.youtube.com\/watch?v=PtU22ckhBEQ&amp;list=PLQSwC3UMEjiFKZSwM9mfflfCprWiiUsUP&amp;index=4\"><strong>A meningite<\/strong><\/a><\/h4>\n<p>Uma onda de meningite meningoc\u00f3cica varreu o Brasil em 1974, sobretudo em S\u00e3o Paulo e Rio de Janeiro, desencadeando uma corrida pela produ\u00e7\u00e3o de vacinas. O laborat\u00f3rio dirigido por Charles M\u00e9rieux, em Lyon, Fran\u00e7a, foi o \u00fanico a oferecer a produ\u00e7\u00e3o. Em poucos meses, as vacinas chegaram, contendo a epidemia e ressaltando a crucial import\u00e2ncia da vacina\u00e7\u00e3o.<\/p>\n<p><iframe loading=\"lazy\" title=\"A Meningite - As Grandes Epidemias (4 de 5)\" width=\"1200\" height=\"675\" src=\"https:\/\/www.youtube.com\/embed\/PtU22ckhBEQ?list=PLQSwC3UMEjiFKZSwM9mfflfCprWiiUsUP\" frameborder=\"0\" allow=\"accelerometer; autoplay; clipboard-write; encrypted-media; gyroscope; picture-in-picture; web-share\" allowfullscreen><\/iframe><\/p>\n<p>&nbsp;<\/p>\n<h4 id=\"a-aids\"><a href=\"https:\/\/www.youtube.com\/watch?v=JkM996K7Zzc&amp;list=PLQSwC3UMEjiFKZSwM9mfflfCprWiiUsUP&amp;index=5\"><strong>A Aids<\/strong><\/a><\/h4>\n<p>A AIDS, causada pelo v\u00edrus HIV, \u00e9 uma doen\u00e7a cr\u00f4nica que compromete o sistema imunol\u00f3gico, tornando o corpo mais vulner\u00e1vel a outras infec\u00e7\u00f5es. Se esta enfermidade tivesse surgido no s\u00e9culo XIX ou in\u00edcio do XX, teria acarretado s\u00e9rias complica\u00e7\u00f5es, dado o cen\u00e1rio cient\u00edfico da \u00e9poca. No entanto, avan\u00e7os significativos no controle e preven\u00e7\u00e3o da epidemia, assim como no desenvolvimento de medicamentos, garantem uma vida mais saud\u00e1vel e produtiva para aqueles afetados pelo v\u00edrus.<\/p>\n<p><iframe loading=\"lazy\" title=\"A Aids \u2013 As Grandes Epidemias (5 de 5)\" width=\"1200\" height=\"675\" src=\"https:\/\/www.youtube.com\/embed\/JkM996K7Zzc?list=PLQSwC3UMEjiFKZSwM9mfflfCprWiiUsUP\" frameborder=\"0\" allow=\"accelerometer; autoplay; clipboard-write; encrypted-media; gyroscope; picture-in-picture; web-share\" allowfullscreen><\/iframe><\/p>\n<p>&nbsp;<\/p>\n<h6 id=\"capa-triunfo-da-morte-do-holandes-pieter-bruegel-1562\">Capa. &#8220;<em>Triunfo da morte&#8221;, <\/em>do holand\u00eas Pieter Bruegel, 1562<\/h6>\n","protected":false},"excerpt":{"rendered":"S\u00e9rie de v\u00eddeos do Butantan explora as grandes doen\u00e7as que desafiaram a&hellip;\n","protected":false},"author":19,"featured_media":5147,"comment_status":"open","ping_status":"open","sticky":false,"template":"","format":"standard","meta":[],"categories":[1,2],"tags":[],"acf":[],"_links":{"self":[{"href":"https:\/\/revistacienciaecultura.org.br\/index.php?rest_route=\/wp\/v2\/posts\/5146"}],"collection":[{"href":"https:\/\/revistacienciaecultura.org.br\/index.php?rest_route=\/wp\/v2\/posts"}],"about":[{"href":"https:\/\/revistacienciaecultura.org.br\/index.php?rest_route=\/wp\/v2\/types\/post"}],"author":[{"embeddable":true,"href":"https:\/\/revistacienciaecultura.org.br\/index.php?rest_route=\/wp\/v2\/users\/19"}],"replies":[{"embeddable":true,"href":"https:\/\/revistacienciaecultura.org.br\/index.php?rest_route=%2Fwp%2Fv2%2Fcomments&post=5146"}],"version-history":[{"count":2,"href":"https:\/\/revistacienciaecultura.org.br\/index.php?rest_route=\/wp\/v2\/posts\/5146\/revisions"}],"predecessor-version":[{"id":5149,"href":"https:\/\/revistacienciaecultura.org.br\/index.php?rest_route=\/wp\/v2\/posts\/5146\/revisions\/5149"}],"wp:featuredmedia":[{"embeddable":true,"href":"https:\/\/revistacienciaecultura.org.br\/index.php?rest_route=\/wp\/v2\/media\/5147"}],"wp:attachment":[{"href":"https:\/\/revistacienciaecultura.org.br\/index.php?rest_route=%2Fwp%2Fv2%2Fmedia&parent=5146"}],"wp:term":[{"taxonomy":"category","embeddable":true,"href":"https:\/\/revistacienciaecultura.org.br\/index.php?rest_route=%2Fwp%2Fv2%2Fcategories&post=5146"},{"taxonomy":"post_tag","embeddable":true,"href":"https:\/\/revistacienciaecultura.org.br\/index.php?rest_route=%2Fwp%2Fv2%2Ftags&post=5146"}],"curies":[{"name":"wp","href":"https:\/\/api.w.org\/{rel}","templated":true}]}}