{"id":5150,"date":"2023-12-11T07:59:46","date_gmt":"2023-12-11T07:59:46","guid":{"rendered":"https:\/\/revistacienciaecultura.org.br\/?p=5150"},"modified":"2024-09-18T13:14:23","modified_gmt":"2024-09-18T13:14:23","slug":"a-tecnologia-a-servico-dos-biomas","status":"publish","type":"post","link":"https:\/\/revistacienciaecultura.org.br\/?p=5150","title":{"rendered":"A tecnologia a servi\u00e7o dos biomas"},"content":{"rendered":"<h4 id=\"quais-sao-os-principais-recursos-tecnicos-e-tecnologicos-que-vem-sendo-utilizados-na-restauracao-e-conservacao-dos-biomas-brasileiros\" style=\"text-align: left;\"><span style=\"color: #808080;\">Quais s\u00e3o os principais recursos t\u00e9cnicos e tecnol\u00f3gicos que v\u00eam sendo utilizados na restaura\u00e7\u00e3o e conserva\u00e7\u00e3o dos biomas brasileiros<\/span><\/h4>\n<p>&nbsp;<\/p>\n<p>Quando o assunto \u00e9 a degrada\u00e7\u00e3o de biomas brasileiros, a primeira imagem que nos vem \u00e0 mente \u00e9 a do desmatamento na Floresta Amaz\u00f4nica, ou ent\u00e3o, mais recentemente, as queimadas do Pantanal, que ocorreram em 2020. Hoje, no entanto, todos os biomas do pa\u00eds est\u00e3o em perigo cr\u00edtico de extin\u00e7\u00e3o. \u00c9 o que afirma a pesquisadora da <span style=\"color: #800000;\"><strong><a style=\"color: #800000;\" href=\"https:\/\/portal.fiocruz.br\/programa-de-desenvolvimento-do-campus-fiocruz-mata-atlantica\">Fiocruz Mata Atl\u00e2ntica<\/a><\/strong> <\/span>Andrea Vanini, respons\u00e1vel pelo Levantamento da Flora e Restaura\u00e7\u00e3o Ecol\u00f3gica: \u201cAs savanas e campos cobrem mais de 27% do nosso territ\u00f3rio e possuem altas quantidades de esp\u00e9cies end\u00eamicas. O cerrado vem sofrendo altas taxas de degrada\u00e7\u00e3o e nele vivem diversas comunidades tradicionais que dependem da conserva\u00e7\u00e3o de sua biodiversidade. A Caatinga, que \u00e9 um ecossistema exclusivamente brasileiro, \u00e9 pouco mencionado quando se trata de campanhas de conserva\u00e7\u00e3o e abriga uma popula\u00e7\u00e3o que sofre com a seca no semi\u00e1rido.\u201d (Figura 1)<\/p>\n<h6 id=\"figura-1-a-caatinga-e-um-ecossistema-exclusivamente-brasileiro-e-abriga-uma-populacao-que-sofre-com-a-seca-no-semiarido-foto-gabriel-carvalho-setur-ba-reproducao\" style=\"text-align: center;\"><img loading=\"lazy\" class=\"aligncenter wp-image-5151\" src=\"https:\/\/revistacienciaecultura.org.br\/wp-content\/uploads\/2023\/11\/CC-4E23-reportagem-A-tecnologia-a-servic\u0327o-dos-biomas-figura1-300x180.jpg\" alt=\"\" width=\"500\" height=\"299\" srcset=\"https:\/\/revistacienciaecultura.org.br\/wp-content\/uploads\/2023\/11\/CC-4E23-reportagem-A-tecnologia-a-servic\u0327o-dos-biomas-figura1-300x180.jpg 300w, https:\/\/revistacienciaecultura.org.br\/wp-content\/uploads\/2023\/11\/CC-4E23-reportagem-A-tecnologia-a-servic\u0327o-dos-biomas-figura1-1024x613.jpg 1024w, https:\/\/revistacienciaecultura.org.br\/wp-content\/uploads\/2023\/11\/CC-4E23-reportagem-A-tecnologia-a-servic\u0327o-dos-biomas-figura1-768x460.jpg 768w, https:\/\/revistacienciaecultura.org.br\/wp-content\/uploads\/2023\/11\/CC-4E23-reportagem-A-tecnologia-a-servic\u0327o-dos-biomas-figura1-1536x919.jpg 1536w, https:\/\/revistacienciaecultura.org.br\/wp-content\/uploads\/2023\/11\/CC-4E23-reportagem-A-tecnologia-a-servic\u0327o-dos-biomas-figura1-18x12.jpg 18w, https:\/\/revistacienciaecultura.org.br\/wp-content\/uploads\/2023\/11\/CC-4E23-reportagem-A-tecnologia-a-servic\u0327o-dos-biomas-figura1-800x479.jpg 800w, https:\/\/revistacienciaecultura.org.br\/wp-content\/uploads\/2023\/11\/CC-4E23-reportagem-A-tecnologia-a-servic\u0327o-dos-biomas-figura1-1160x694.jpg 1160w, https:\/\/revistacienciaecultura.org.br\/wp-content\/uploads\/2023\/11\/CC-4E23-reportagem-A-tecnologia-a-servic\u0327o-dos-biomas-figura1.jpg 1691w\" sizes=\"(max-width: 500px) 100vw, 500px\" \/><br \/>\n<strong>Figura 1. <\/strong><strong>A Caatinga \u00e9 um ecossistema exclusivamente brasileiro e abriga uma popula\u00e7\u00e3o que sofre com a seca no semi\u00e1rido.<br \/>\n<\/strong>(Foto: Gabriel Carvalho\/ Setur-BA. Reprodu\u00e7\u00e3o)<\/h6>\n<p>&nbsp;<\/p>\n<p>Para restaurar um bioma degradado, \u00e9 poss\u00edvel aplicar diversas t\u00e9cnicas. A partir da an\u00e1lise das caracter\u00edsticas do bioma, do seu n\u00edvel de degrada\u00e7\u00e3o e dos recursos financeiros dispon\u00edveis, elabora-se um plano de a\u00e7\u00e3o. Andrea Vanini destaca que sempre a primeira medida a ser tomada \u00e9 eliminar o principal vetor de degrada\u00e7\u00e3o daquele bioma, como fogo, pastagem, pisoteio de animais ou minera\u00e7\u00e3o. Em seguida, aplicam-se as t\u00e9cnicas de restaura\u00e7\u00e3o. Alguns m\u00e9todos s\u00e3o de f\u00e1cil implementa\u00e7\u00e3o, outros, mobilizam maiores recursos humanos, financeiros e tecnol\u00f3gicos. Algumas das principais t\u00e9cnicas s\u00e3o:<\/p>\n<p>&nbsp;<\/p>\n<p><strong>Regenera\u00e7\u00e3o Natural Assistida:<\/strong> Quando deixamos as florestas regenerarem com pouca influ\u00eancia. Este processo est\u00e1 sendo testado em \u00e1reas muito extensas na Amaz\u00f4nia e na Mata Atl\u00e2ntica. \u00c9 muito utilizado tamb\u00e9m em propriedades rurais, pois o custo de investimento \u00e9 m\u00ednimo para o propriet\u00e1rio \u2014 que muitas vezes n\u00e3o tem ou n\u00e3o quer destinar recursos para esse fim.<\/p>\n<p><strong>Semeadura direta:<\/strong> \u00c9 o plantio direto da semente no solo, geralmente por meio de \u201cmuvuca\u201d que re\u00fane sementes de esp\u00e9cies diferentes. A semeadura direta tem baixo custo, pois pula v\u00e1rias etapas da produ\u00e7\u00e3o de mudas, mas precisa de uma cadeia de produ\u00e7\u00e3o de sementes bem estabelecida, o que \u00e9 ainda um gargalo para a cadeia de restaura\u00e7\u00e3o.<\/p>\n<p><strong>Enriquecimento:<\/strong> Consiste em plantar em \u00e1reas que possuem uma floresta estabelecida, mas com baixa diversidade de esp\u00e9cies, isto \u00e9, quando h\u00e1 poucas esp\u00e9cies dominantes. S\u00e3o plantadas esp\u00e9cies de sucess\u00e3o secund\u00e1ria, end\u00eamicas, frut\u00edferas nativas, amea\u00e7adas e raras.<\/p>\n<p><strong>Implanta\u00e7\u00e3o total:<\/strong> Quando a \u00e1rea tem baixo potencial de regenera\u00e7\u00e3o, \u00e9 realizado o plantio de mudas, que pode ser em linhas (para isso tamb\u00e9m h\u00e1 uma distribui\u00e7\u00e3o espec\u00edfica das mudas, que s\u00e3o classificadas em duas categorias: diversidade e recobrimento) ou em n\u00facleos.<\/p>\n<p><strong>Transposi\u00e7\u00e3o de solo<\/strong>: quando o solo de uma \u00e1rea de floresta \u00e9 transplantado para uma \u00e1rea e o banco de sementes germina na \u00e1rea restaurada.<\/p>\n<p>&nbsp;<\/p>\n<p>Um fator complicador para a restaura\u00e7\u00e3o dos biomas \u00e9 a heterogeneidade, que pode ser observada entre eles, mas tamb\u00e9m dentro dos pr\u00f3prios biomas. Ana Paula Rovedder, professora do Departamento de Ci\u00eancias Florestais da <span style=\"color: #800000;\"><strong><a style=\"color: #800000;\" href=\"https:\/\/www.ufsm.br\/\">Universidade Federal de Santa Maria (UFSM)<\/a><\/strong> <\/span>e coordenadora da <span style=\"color: #800000;\"><strong><a style=\"color: #800000;\" href=\"https:\/\/novamata.org\/iniciativa\/rede-sul-de-restauracao-ecologica\/#:~:text=Organiza%C3%A7%C3%A3o%20que%20re%C3%BAne%20representantes%20de,e%20ecossistemas%20da%20Regi%C3%A3o%20Sul.\">Rede Sul de Restaura\u00e7\u00e3o Ecol\u00f3gica<\/a><\/strong><\/span>, explica que mesmo os nossos biomas de menor extens\u00e3o, como o Pampa e o Pantanal, possuem diferentes tipos de forma\u00e7\u00f5es vegetais. Essa heterogeneidade exige que t\u00e9cnicas e tecnologias sejam pensadas, experimentadas e adaptadas para regi\u00f5es espec\u00edficas dentro dos biomas.<\/p>\n<p>&nbsp;<\/p>\n<h4 id=\"saberes-tecnologias-e-modo-de-vida-dos-povos-tradicionais-mantem-a-floresta-em-pe-conservando-seus-servicos-ecossistemicos-em-meio-a-um-modo-de-vida-sustentavel\" style=\"text-align: center;\"><span style=\"color: #800000;\"><em>\u201cSaberes, tecnologias e modo de vida dos povos tradicionais mant\u00eam a floresta em p\u00e9, conservando seus servi\u00e7os ecossist\u00eamicos em meio a um modo de vida sustent\u00e1vel.&#8221;<\/em><\/span><\/h4>\n<p>&nbsp;<\/p>\n<p>Em rela\u00e7\u00e3o \u00e0 conserva\u00e7\u00e3o dos biomas, Lucas Ferrante, pesquisador da <span style=\"color: #800000;\"><strong><a style=\"color: #800000;\" href=\"https:\/\/www.ufam.edu.br\/\">Universidade Federal do Amazonas (UFAM)<\/a><\/strong><\/span> elenca duas tecnologias que vem auxiliando nessa frente: o monitoramento via sat\u00e9lite e as an\u00e1lises gen\u00e9ticas. Com os dados fornecidos por sat\u00e9lites, \u00e9 poss\u00edvel identificar \u00e1reas priorit\u00e1rias para a conserva\u00e7\u00e3o, processos de invas\u00f5es e desmatamento e at\u00e9 din\u00e2micas clim\u00e1ticas que ocorrem em determinadas regi\u00f5es. J\u00e1 as an\u00e1lises gen\u00e9ticas auxiliam muito na conserva\u00e7\u00e3o de esp\u00e9cies amea\u00e7adas. \u201cEm muitas pesquisas temos que combinar diferentes tipos de tecnologia. Em um <span style=\"color: #800000;\"><strong><a style=\"color: #800000;\" href=\"https:\/\/conbio.onlinelibrary.wiley.com\/doi\/10.1111\/cobi.14033\">artigo<\/a><\/strong><\/span> recente, publicado no peri\u00f3dico <span style=\"color: #800000;\"><strong><em><a style=\"color: #800000;\" href=\"https:\/\/conbio.onlinelibrary.wiley.com\/journal\/15231739\">Conservation Biology<\/a><\/em><\/strong><\/span>, identificamos, atrav\u00e9s de an\u00e1lises gen\u00e9ticas, as diferentes popula\u00e7\u00f5es da esp\u00e9cie de sapo amea\u00e7ada de extin\u00e7\u00e3o <em>Hylodes sazimai<\/em>. Posteriormente, mediante an\u00e1lises com imagens do projeto <span style=\"color: #800000;\"><strong><a style=\"color: #800000;\" href=\"https:\/\/grace.jpl.nasa.gov\/mission\/grace\/\">GRACE da NASA<\/a><\/strong>,<\/span> identificamos a origem das chuvas e das anomalias clim\u00e1ticas que impactam a atividade e din\u00e2micas populacionais dessa esp\u00e9cie\u201d, explica.<\/p>\n<p>&nbsp;<\/p>\n<h4 id=\"tecnologia-ancestral\"><strong>Tecnologia ancestral<\/strong><\/h4>\n<p>Muitas tecnologias que podem ser utilizadas na conserva\u00e7\u00e3o de biomas j\u00e1 existem h\u00e1 muito tempo. S\u00e3o os casos das \u201ctecnologias sociais\u201d: um conjunto de t\u00e9cnicas resultantes da intera\u00e7\u00e3o entre o saber popular e o cient\u00edfico que apresenta resultados efetivos para aquela comunidade. As pr\u00e1ticas e saberes ind\u00edgenas sobre a floresta s\u00e3o consideradas tecnologias sociais. (Figura 2)<\/p>\n<h6 id=\"figura-2-saberes-tradicionais-sao-responsaveis-pela-conservacao-de-muitos-territorios-brasileirosfoto-otss-fiocruz-reproducao\" style=\"text-align: center;\"><img loading=\"lazy\" class=\"aligncenter wp-image-5152\" src=\"https:\/\/revistacienciaecultura.org.br\/wp-content\/uploads\/2023\/11\/CC-4E23-reportagem-A-tecnologia-a-servic\u0327o-dos-biomas-figura2-300x200.jpg\" alt=\"\" width=\"500\" height=\"333\" srcset=\"https:\/\/revistacienciaecultura.org.br\/wp-content\/uploads\/2023\/11\/CC-4E23-reportagem-A-tecnologia-a-servic\u0327o-dos-biomas-figura2-300x200.jpg 300w, https:\/\/revistacienciaecultura.org.br\/wp-content\/uploads\/2023\/11\/CC-4E23-reportagem-A-tecnologia-a-servic\u0327o-dos-biomas-figura2-1024x681.jpg 1024w, https:\/\/revistacienciaecultura.org.br\/wp-content\/uploads\/2023\/11\/CC-4E23-reportagem-A-tecnologia-a-servic\u0327o-dos-biomas-figura2-768x511.jpg 768w, https:\/\/revistacienciaecultura.org.br\/wp-content\/uploads\/2023\/11\/CC-4E23-reportagem-A-tecnologia-a-servic\u0327o-dos-biomas-figura2-1536x1022.jpg 1536w, https:\/\/revistacienciaecultura.org.br\/wp-content\/uploads\/2023\/11\/CC-4E23-reportagem-A-tecnologia-a-servic\u0327o-dos-biomas-figura2-18x12.jpg 18w, https:\/\/revistacienciaecultura.org.br\/wp-content\/uploads\/2023\/11\/CC-4E23-reportagem-A-tecnologia-a-servic\u0327o-dos-biomas-figura2-800x532.jpg 800w, https:\/\/revistacienciaecultura.org.br\/wp-content\/uploads\/2023\/11\/CC-4E23-reportagem-A-tecnologia-a-servic\u0327o-dos-biomas-figura2-1160x772.jpg 1160w, https:\/\/revistacienciaecultura.org.br\/wp-content\/uploads\/2023\/11\/CC-4E23-reportagem-A-tecnologia-a-servic\u0327o-dos-biomas-figura2.jpg 1691w\" sizes=\"(max-width: 500px) 100vw, 500px\" \/><br \/>\n<strong>Figura 2. Saberes tradicionais s\u00e3o respons\u00e1veis pela conserva\u00e7\u00e3o de muitos territ\u00f3rios brasileiros<br \/>\n<\/strong>(Foto: OTSS\/Fiocruz. Reprodu\u00e7\u00e3o)<\/h6>\n<p>&nbsp;<\/p>\n<p>Esses conhecimentos, apesar de gozarem de pouco prest\u00edgio cultural e serem constantemente desvalorizados por v\u00e1rios setores da sociedade, s\u00e3o respons\u00e1veis pela conserva\u00e7\u00e3o de muitos territ\u00f3rios brasileiros. \u201cApontamos na <span style=\"color: #800000;\"><strong><a style=\"color: #800000;\" href=\"https:\/\/www.science.org\/\">Science<\/a><\/strong><\/span> em 2020 que mais de 24% do territ\u00f3rio Amaz\u00f4nico \u00e9 protegido pelos territ\u00f3rios ind\u00edgenas, e com extrema import\u00e2ncia para preservar servi\u00e7os ecossist\u00eamicos, como os rios voadores\u201d, explica Lucas Ferrante. Em outro <span style=\"color: #800000;\"><strong><a style=\"color: #800000;\" href=\"https:\/\/www.sciencedirect.com\/science\/article\/abs\/pii\/S0264837721002829\">estudo<\/a><\/strong><\/span> do pesquisador, publicado em 2021 na revista <span style=\"color: #800000;\"><strong><em><a style=\"color: #800000;\" href=\"https:\/\/www.sciencedirect.com\/journal\/land-use-policy\">Land Use Policy<\/a><\/em><\/strong><\/span>, foi demonstrado que terras ind\u00edgenas apresentam uma maior prote\u00e7\u00e3o da floresta quando comparadas a unidades de conserva\u00e7\u00e3o. \u201cIsso devido aos saberes, tecnologias e modo de vida dos povos tradicionais que mant\u00eam a floresta em p\u00e9, conservando seus servi\u00e7os ecossist\u00eamicos em meio a um modo de vida sustent\u00e1vel\u201d, enfatiza.<\/p>\n<p>&nbsp;<\/p>\n<h4 id=\"protecao-e-prioridade\"><strong>Prote\u00e7\u00e3o \u00e9 prioridade<\/strong><\/h4>\n<p>Os esfor\u00e7os empregados na restaura\u00e7\u00e3o e conserva\u00e7\u00e3o de nossos biomas s\u00f3 trar\u00e3o resultados se aliados a outra frente de trabalho: o da prote\u00e7\u00e3o de territ\u00f3rios amea\u00e7ados. \u201cOs biomas est\u00e3o amea\u00e7ados pelos empreendimentos imobili\u00e1rios no litoral, pela soja no centro-oeste e pela ind\u00fastria madeireira e cria\u00e7\u00e3o de gado no norte do pa\u00eds, \u00e9 preciso enfrentar essa realidade\u201d, elenca Andrea Vanini.<\/p>\n<p>&nbsp;<\/p>\n<h4 id=\"os-biomas-estao-ameacados-pelos-empreendimentos-imobiliarios-no-litoral-pela-soja-no-centro-oeste-e-pela-industria-madeireira-e-criacao-de-gado-no-norte-do-pais-e-preciso-enfrentar-essa-rea\" style=\"text-align: center;\"><span style=\"color: #800000;\"><em>\u201cOs biomas est\u00e3o amea\u00e7ados pelos empreendimentos imobili\u00e1rios no litoral, pela soja no centro-oeste e pela ind\u00fastria madeireira e cria\u00e7\u00e3o de gado no norte do pa\u00eds, \u00e9 preciso enfrentar essa realidade.\u201d<\/em><\/span><\/h4>\n<p>&nbsp;<\/p>\n<p>Um dos primeiros passos para enfrentar esse problema seria restabelecer o di\u00e1logo entre a comunidade cient\u00edfica e o governo. Contudo, para Lucas Ferrante, esse cen\u00e1rio parece distante. O pesquisador demonstra preocupa\u00e7\u00e3o com a tend\u00eancia, tanto dos governos antigos quanto da atual gest\u00e3o, de ignorar os alertas dos cientistas sobre a\u00e7\u00f5es e empreendimentos com alto potencial de degrada\u00e7\u00e3o aos biomas: \u201c\u00c9 necess\u00e1rio que os tomadores de decis\u00e3o revejam grandes empreendimentos que podem levar a Amaz\u00f4nia ao ponto de n\u00e3o retorno, como \u00e9 o caso da rodovia BR-319, abordado em uma <strong><a href=\"https:\/\/www.sciencedirect.com\/science\/article\/abs\/pii\/S0264837719320332\"><span style=\"color: #800000;\">publica\u00e7\u00e3o<\/span><\/a><\/strong> nossa na Science de 2020. Tamb\u00e9m \u00e9 necess\u00e1rio que o governo reveja a explora\u00e7\u00e3o de petr\u00f3leo na foz do Amazonas, como apontado na <strong><a href=\"https:\/\/www.nature.com\/articles\/d41586-023-02187-3\"><span style=\"color: #800000;\">Nature<\/span><\/a><\/strong> este ano. \u00c9 crucial que seja institu\u00edda uma pol\u00edtica de desmatamento zero ainda este ano para a Amaz\u00f4nia, e in\u00fameros estudos cient\u00edficos respaldam essa necess\u00e1ria tomada de decis\u00e3o\u201d, alerta.<\/p>\n<p>J\u00e1 Ana Paula Rovedder acredita que houve avan\u00e7os no atual governo: \u201cEstamos sendo bastante valorizados no momento pelas pol\u00edticas p\u00fablicas do Minist\u00e9rio do Meio Ambiente. A voz desses biomas e de suas especificidades precisa ser ouvida para tra\u00e7ar as pol\u00edticas p\u00fablicas. \u00c9 isso que esperamos com a retomada da PROVEG (<strong><a href=\"https:\/\/www.gov.br\/mma\/pt-br\/assuntos\/ecossistemas-1\/conservacao-1\/politica-nacional-de-recuperacao-da-vegetacao-nativa\"><span style=\"color: #800000;\">Pol\u00edtica Nacional para Recupera\u00e7\u00e3o da Vegeta\u00e7\u00e3o Nativa<\/span><\/a><\/strong>) pelo Minist\u00e9rio. Todas as redes de prote\u00e7\u00e3o dos biomas foram chamadas para serem ouvidas e esperamos que continue assim\u201d.<\/p>\n<p>Andrea Vanini refor\u00e7a que a complexidade do problema de prote\u00e7\u00e3o territorial no Brasil exige que os esfor\u00e7os nesse sentido sejam articulados em rede, com o suporte de v\u00e1rias institui\u00e7\u00f5es de ensino e pesquisa, organiza\u00e7\u00f5es governamentais, n\u00e3o governamentais e comunidades tradicionais e locais. \u201c\u00c9 preciso financiamento interno e externo, pol\u00edticas p\u00fablicas, investimento em tecnologias sociais\u201d, conclui.<\/p>\n<p>&nbsp;<\/p>\n<h6 id=\"capa-ciencia-e-fundamental-para-preservar-e-restaurar-os-biomas-brasileirosfoto-jcomp-freepik-com-reproducao\"><strong>Capa. Ci\u00eancia \u00e9 fundamental para preservar e restaurar os biomas brasileiros<br \/>\n<\/strong>(Foto: JComp\/ Freepik.com. Reprodu\u00e7\u00e3o)<\/h6>\n<hr \/>\n<h6 id=\"http-dx-doi-org-10-5935-2317-6660-20230062\"><span style=\"color: #808080;\"><a style=\"color: #808080;\" href=\"http:\/\/dx.doi.org\/10.5935\/2317-6660.20230062\" target=\"_blank\" rel=\"noopener\">http:\/\/dx.doi.org\/10.5935\/2317-6660.20230062<\/a><\/span><\/h6>\n","protected":false},"excerpt":{"rendered":"Quais s\u00e3o os principais recursos t\u00e9cnicos e tecnol\u00f3gicos que v\u00eam sendo utilizados&hellip;\n","protected":false},"author":67,"featured_media":5153,"comment_status":"open","ping_status":"open","sticky":false,"template":"","format":"standard","meta":[],"categories":[51],"tags":[],"acf":[],"_links":{"self":[{"href":"https:\/\/revistacienciaecultura.org.br\/index.php?rest_route=\/wp\/v2\/posts\/5150"}],"collection":[{"href":"https:\/\/revistacienciaecultura.org.br\/index.php?rest_route=\/wp\/v2\/posts"}],"about":[{"href":"https:\/\/revistacienciaecultura.org.br\/index.php?rest_route=\/wp\/v2\/types\/post"}],"author":[{"embeddable":true,"href":"https:\/\/revistacienciaecultura.org.br\/index.php?rest_route=\/wp\/v2\/users\/67"}],"replies":[{"embeddable":true,"href":"https:\/\/revistacienciaecultura.org.br\/index.php?rest_route=%2Fwp%2Fv2%2Fcomments&post=5150"}],"version-history":[{"count":3,"href":"https:\/\/revistacienciaecultura.org.br\/index.php?rest_route=\/wp\/v2\/posts\/5150\/revisions"}],"predecessor-version":[{"id":7125,"href":"https:\/\/revistacienciaecultura.org.br\/index.php?rest_route=\/wp\/v2\/posts\/5150\/revisions\/7125"}],"wp:featuredmedia":[{"embeddable":true,"href":"https:\/\/revistacienciaecultura.org.br\/index.php?rest_route=\/wp\/v2\/media\/5153"}],"wp:attachment":[{"href":"https:\/\/revistacienciaecultura.org.br\/index.php?rest_route=%2Fwp%2Fv2%2Fmedia&parent=5150"}],"wp:term":[{"taxonomy":"category","embeddable":true,"href":"https:\/\/revistacienciaecultura.org.br\/index.php?rest_route=%2Fwp%2Fv2%2Fcategories&post=5150"},{"taxonomy":"post_tag","embeddable":true,"href":"https:\/\/revistacienciaecultura.org.br\/index.php?rest_route=%2Fwp%2Fv2%2Ftags&post=5150"}],"curies":[{"name":"wp","href":"https:\/\/api.w.org\/{rel}","templated":true}]}}