{"id":5159,"date":"2023-11-14T07:30:36","date_gmt":"2023-11-14T07:30:36","guid":{"rendered":"https:\/\/revistacienciaecultura.org.br\/?p=5159"},"modified":"2023-11-13T19:32:55","modified_gmt":"2023-11-13T19:32:55","slug":"sbpc-lanca-memorial-carolina-bori","status":"publish","type":"post","link":"https:\/\/revistacienciaecultura.org.br\/?p=5159","title":{"rendered":"SBPC lan\u00e7a \u201cMemorial Carolina Bori\u201d"},"content":{"rendered":"<h4 id=\"portal-reune-materiais-que-reconstroem-a-historia-da-cientista-pioneira-e-primeira-mulher-a-presidir-a-entidade-em-janeiro-de-2024-carolina-bori-comemoraria-100-anos-e-a-sbpc-prepara-uma-seria-de-ac\"><span style=\"color: #808080;\">Portal re\u00fane materiais que reconstroem a hist\u00f3ria da cientista pioneira e primeira mulher a presidir a entidade. Em janeiro de 2024, Carolina Bori comemoraria 100 anos e a SBPC prepara uma s\u00e9ria de a\u00e7\u00f5es para celebrar seu centen\u00e1rio<\/span><\/h4>\n<p>&nbsp;<\/p>\n<p>Carolina Martuscelli Bori, renomada psic\u00f3loga e professora em\u00e9rita da Universidade de S\u00e3o Paulo (USP), que tamb\u00e9m foi a primeira mulher a presidir a Sociedade Brasileira para o Progresso da Ci\u00eancia (SBPC), completaria 100 anos em 4 de janeiro de 2024. Em comemora\u00e7\u00e3o a esta data especial, a SBPC est\u00e1 preparando uma s\u00e9rie de emocionantes iniciativas para celebrar o centen\u00e1rio dessa cientista e pioneira na \u00e1rea da psicologia experimental, que desempenhou um papel fundamental tanto na nossa institui\u00e7\u00e3o quanto no avan\u00e7o da ci\u00eancia brasileira.<\/p>\n<p>Neste contexto, a SBPC acaba de lan\u00e7ar o \u201c<span style=\"color: #800000;\"><strong><a style=\"color: #800000;\" href=\"https:\/\/memorialcarolinabori.sbpcnet.org.br\/\" target=\"_blank\" rel=\"noopener\">Memorial Carolina Bori<\/a><\/strong><\/span>\u201c, um portal virtual que re\u00fane depoimentos memor\u00e1veis da cientista, depoimentos gravados de pessoas que compartilharam experi\u00eancias com ela, um gr\u00e1fico de sua \u00e1rvore geneal\u00f3gica acad\u00eamica, uma ampla bibliografia e uma rica cole\u00e7\u00e3o de fotografias. Al\u00e9m de ser uma homenagem tocante a Carolina Bori, este memorial oferece valiosos recursos para pesquisas sobre a cientista e suas contribui\u00e7\u00f5es, bem como sobre a hist\u00f3ria da ci\u00eancia e da pol\u00edtica cient\u00edfica no Brasil.<\/p>\n<p>\u00c9 um projeto que n\u00e3o teria sido poss\u00edvel sem a compet\u00eancia da equipe do nosso Centro de Mem\u00f3ria Am\u00e9lia Imp\u00e9rio Hamburger (CMAIH) \u2013 em especial, \u00c1urea Gil e Bruno Roma -, com contribui\u00e7\u00f5es da Comiss\u00e3o nomeada pelo presidente da SBPC, Renato Janine Ribeiro, composta pela diretora da entidade, Fernanda Sobral (que tamb\u00e9m \u00e9 a coordenadora da Comiss\u00e3o), Andr\u00e9ia Schimdt, Celia Silva Garcia, Deisy das Gra\u00e7as de Souza e Maria do Carmo Guedes.<\/p>\n<p>Este portal est\u00e1 dispon\u00edvel para acesso gratuito no seguinte link:\u00a0<a href=\"https:\/\/memorialcarolinabori.sbpcnet.org.br\/\" target=\"_blank\" rel=\"noopener\"><span style=\"color: #800000;\"><strong>https:\/\/memorialcarolinabori.sbpcnet.org.br<\/strong><\/span><\/a>. N\u00e3o deixe de visit\u00e1-lo!<\/p>\n<p>Al\u00e9m do Memorial, no dia 6 de fevereiro, a SBPC realizar\u00e1 um dia inteiro de eventos em sua sede, localizada na Rua Maria Ant\u00f4nia, em S\u00e3o Paulo. Est\u00e3o sendo planejadas mesas redondas que abordar\u00e3o a atua\u00e7\u00e3o de Carolina Bori em diferentes institui\u00e7\u00f5es e seu legado como professora e pesquisadora. Pela manh\u00e3, teremos a honra de realizar a cerim\u00f4nia de entrega do\u00a0<span style=\"color: #800000;\"><strong><a style=\"color: #800000;\" href=\"http:\/\/portal.sbpcnet.org.br\/premio-carolina-bori-cienciamulher\/\" target=\"_blank\" rel=\"noopener\">5\u00ba Pr\u00eamio \u201cCarolina Bori Ci\u00eancia &amp; Mulher\u201d<\/a>\u00a0<\/strong><\/span>a tr\u00eas not\u00e1veis mulheres cientistas, representando as \u00e1reas de Humanidades, Ci\u00eancias Exatas e da Terra, e Biol\u00f3gicas e da Sa\u00fade. Carinhosamente, a Diretoria da SBPC refere-se a essas premiadas como \u201cCarolinas\u201d, em reconhecimento \u00e0 multiplica\u00e7\u00e3o do legado de Bori na lideran\u00e7a feminina na ci\u00eancia e na luta pelo seu avan\u00e7o no Pa\u00eds.<\/p>\n<p>Carolina Bori foi eleita presidente da SBPC em 1987, ap\u00f3s quase duas d\u00e9cadas de dedica\u00e7\u00e3o \u00e0 entidade em diversos cargos, desde membro do Conselho, no ano de 1969, a secret\u00e1ria e vice-presidente. Ela desempenhou um papel fundamental na promo\u00e7\u00e3o de pol\u00edticas e investimentos em desenvolvimento cient\u00edfico, inclusive nos desafiadores anos da ditadura militar, um dos per\u00edodos mais complexos da hist\u00f3ria do Brasil. Durante seu mandato como presidente, no per\u00edodo de redemocratiza\u00e7\u00e3o da sociedade brasileira, Carolina Bori destacou-se ao popularizar a ci\u00eancia por meio de programas de r\u00e1dio e confer\u00eancias, buscando diminuir a dist\u00e2ncia entre o conhecimento acad\u00eamico e o p\u00fablico em geral. Foi tamb\u00e9m durante sua presid\u00eancia que a SBPC liderou os esfor\u00e7os da comunidade cient\u00edfica para incluir na Constitui\u00e7\u00e3o Federal de 1988 o cap\u00edtulo sobre Ci\u00eancia e Tecnologia, entre outros artigos que tratavam dos direitos dos ind\u00edgenas, meio ambiente, educa\u00e7\u00e3o, e outros temas. Vale ressaltar que Carolina Bori pessoalmente entregou a proposta \u00e0 Assembleia Constituinte em abril de 1987.<\/p>\n<p>Embora Carolina Bori tenha nos deixado em 2004, seu legado perdura e continua a inspirar a SBPC e a comunidade cient\u00edfica brasileira. Este legado ser\u00e1 celebrado de forma intensa em 2024.<\/p>\n<p>Convidamos a todos a acompanhar a agenda de programa\u00e7\u00e3o nos canais da SBPC e a participar dessas homenagens!<\/p>\n<p><span style=\"color: #808080;\"><em>SBPC<\/em><\/span><\/p>\n","protected":false},"excerpt":{"rendered":"Portal re\u00fane materiais que reconstroem a hist\u00f3ria da cientista pioneira e primeira&hellip;\n","protected":false},"author":19,"featured_media":5160,"comment_status":"open","ping_status":"open","sticky":false,"template":"","format":"standard","meta":[],"categories":[1,2],"tags":[],"acf":[],"_links":{"self":[{"href":"https:\/\/revistacienciaecultura.org.br\/index.php?rest_route=\/wp\/v2\/posts\/5159"}],"collection":[{"href":"https:\/\/revistacienciaecultura.org.br\/index.php?rest_route=\/wp\/v2\/posts"}],"about":[{"href":"https:\/\/revistacienciaecultura.org.br\/index.php?rest_route=\/wp\/v2\/types\/post"}],"author":[{"embeddable":true,"href":"https:\/\/revistacienciaecultura.org.br\/index.php?rest_route=\/wp\/v2\/users\/19"}],"replies":[{"embeddable":true,"href":"https:\/\/revistacienciaecultura.org.br\/index.php?rest_route=%2Fwp%2Fv2%2Fcomments&post=5159"}],"version-history":[{"count":2,"href":"https:\/\/revistacienciaecultura.org.br\/index.php?rest_route=\/wp\/v2\/posts\/5159\/revisions"}],"predecessor-version":[{"id":5162,"href":"https:\/\/revistacienciaecultura.org.br\/index.php?rest_route=\/wp\/v2\/posts\/5159\/revisions\/5162"}],"wp:featuredmedia":[{"embeddable":true,"href":"https:\/\/revistacienciaecultura.org.br\/index.php?rest_route=\/wp\/v2\/media\/5160"}],"wp:attachment":[{"href":"https:\/\/revistacienciaecultura.org.br\/index.php?rest_route=%2Fwp%2Fv2%2Fmedia&parent=5159"}],"wp:term":[{"taxonomy":"category","embeddable":true,"href":"https:\/\/revistacienciaecultura.org.br\/index.php?rest_route=%2Fwp%2Fv2%2Fcategories&post=5159"},{"taxonomy":"post_tag","embeddable":true,"href":"https:\/\/revistacienciaecultura.org.br\/index.php?rest_route=%2Fwp%2Fv2%2Ftags&post=5159"}],"curies":[{"name":"wp","href":"https:\/\/api.w.org\/{rel}","templated":true}]}}