{"id":5163,"date":"2023-11-15T07:30:55","date_gmt":"2023-11-15T07:30:55","guid":{"rendered":"https:\/\/revistacienciaecultura.org.br\/?p=5163"},"modified":"2023-11-14T14:08:52","modified_gmt":"2023-11-14T14:08:52","slug":"desmatamento-na-amazonia-e-aquecimento-global-afetam-transporte-de-umidade-e-clima-na-america-do-sul","status":"publish","type":"post","link":"https:\/\/revistacienciaecultura.org.br\/?p=5163","title":{"rendered":"Desmatamento na Amaz\u00f4nia e aquecimento global afetam transporte de umidade e clima na Am\u00e9rica do Sul"},"content":{"rendered":"<h4 id=\"aumento-da-temperatura-e-exploracao-madeireira-indiscriminada-na-selva-estao-ligados-a-abundancia-de-chuvas-no-sul\"><span style=\"color: #808080;\">Aumento da temperatura e explora\u00e7\u00e3o madeireira indiscriminada na selva est\u00e3o ligados \u00e0 abund\u00e2ncia de chuvas no sul<\/span><\/h4>\n<p>&nbsp;<\/p>\n<p>O transporte crucial de umidade da floresta amaz\u00f4nica para o sul do continente enfrenta s\u00e9rios desafios devido ao aquecimento global e ao desmatamento, alerta um recente <strong><a href=\"https:\/\/www.sciencedirect.com\/science\/article\/abs\/pii\/S0048969723060345\"><span style=\"color: #800000;\">estudo<\/span><\/a><\/strong> publicado na revista <strong><em><a href=\"https:\/\/www.sciencedirect.com\/journal\/science-of-the-total-environment\"><span style=\"color: #800000;\">Science of the Total Environment<\/span><\/a><\/em><\/strong>. Esse fen\u00f4meno, essencial para o equil\u00edbrio clim\u00e1tico regional, poder\u00e1 se agravar caso a temperatura global ultrapasse 2\u00b0C, conforme as previs\u00f5es para o final do s\u00e9culo.<\/p>\n<p>O estudo, conduzido por especialistas internacionais, concentrou-se em analisar os impactos combinados do aquecimento global e do desmatamento na Amaz\u00f4nia sobre o clima, especialmente na Bacia do Prata, que abrange partes do sul do Brasil, Uruguai e leste da Argentina. A pesquisa utilizou modelagem clim\u00e1tica do <span style=\"color: #800000;\"><strong><a style=\"color: #800000;\" href=\"https:\/\/www.gov.br\/inpe\/pt-br\">Instituto Nacional de Pesquisas Espaciais (INPE)<\/a><\/strong><\/span> do Brasil.<\/p>\n<p>Os resultados revelam que tanto o desmatamento quanto o aquecimento global influenciam o transporte de umidade da floresta para a Bacia do Prata atrav\u00e9s dos chamados &#8220;rios voadores&#8221;. Em um cen\u00e1rio de aquecimento global, os efeitos na fisiologia florestal podem ser ainda mais impactantes do que o pr\u00f3prio desmatamento. Os &#8220;rios voadores&#8221; s\u00e3o colunas de \u00e1gua que percorrem o continente sul-americano, contribuindo para as chuvas abundantes no ver\u00e3o austral. Entender como esses fen\u00f4menos est\u00e3o interligados \u00e9 crucial, pois a Bacia do Prata depende da umidade transportada da Amaz\u00f4nia para sustentar seu per\u00edodo chuvoso. As descobertas destacam a necessidade de aprimorar pr\u00e1ticas e planejar um futuro resiliente contra as mudan\u00e7as clim\u00e1ticas.<\/p>\n<p>&nbsp;<\/p>\n<h4 id=\"pico-do-el-nino-eleva-riscos-de-eventos-climaticos-extremos\"><strong>Pico do El Ni\u00f1o eleva riscos de eventos clim\u00e1ticos extremos<\/strong><\/h4>\n<p>Novembro marca o in\u00edcio da fase mais intensa do fen\u00f4meno clim\u00e1tico El Ni\u00f1o, alerta a <strong><a href=\"https:\/\/news.un.org\/pt\/tags\/organizacao-meteorologica-mundial\"><span style=\"color: #800000;\">Organiza\u00e7\u00e3o Meteorol\u00f3gica Mundial (OMM)<\/span><\/a><\/strong>. A previs\u00e3o \u00e9 que o fen\u00f4meno contribua para um aumento ainda maior da temperatura global em 2024, com a possibilidade de novos recordes.<\/p>\n<p>O pico do El Ni\u00f1o entre novembro e janeiro pode ser de forte intensidade, mas a probabilidade de compar\u00e1-lo a eventos historicamente intensos, como em 1997 e 2015-2016, \u00e9 de apenas 35%. O El Ni\u00f1o \u00e9 agravado pelo aquecimento causado pelas emiss\u00f5es de gases poluentes. Isso leva a um alerta para eventos clim\u00e1ticos extremos nos pr\u00f3ximos meses, incluindo chuvas fortes, inunda\u00e7\u00f5es, secas intensas e calor extremo. As precipita\u00e7\u00f5es acima do normal atingir\u00e3o regi\u00f5es como a \u00c1frica Oriental, as bacias dos rios Paran\u00e1 e La Plata na Am\u00e9rica do Sul, o sudeste da Am\u00e9rica do Norte e partes da \u00c1sia Central e Oriental. Enquanto isso, chuvas abaixo da m\u00e9dia prolongar\u00e3o a seca no norte da Am\u00e9rica do Sul, Austr\u00e1lia, Indon\u00e9sia, Papua Nova Guin\u00e9, Filipinas e partes do Oceano Pac\u00edfico. As temperaturas muito acima da m\u00e9dia s\u00e3o previstas em v\u00e1rias regi\u00f5es, destacando a necessidade urgente de abordar as mudan\u00e7as clim\u00e1ticas e suas consequ\u00eancias globais.<\/p>\n<p><span style=\"color: #808080;\"><em>Com informa\u00e7\u00f5es de SciDev.Net e ONU News<\/em><\/span><\/p>\n<p>&nbsp;<\/p>\n<h6 id=\"capa-alex-pazuello-amazonas-hoje-reproducao\"><a href=\"https:\/\/amazonashoje.com.br\/wp-content\/uploads\/2023\/10\/04-Aplicativo-vai-concentrar-informacoes-sobre-a-fauna-Alex-Pazuello_Secom.jpg\">Capa. Alex Pazuello\/ Amazonas Hoje. Reprodu\u00e7\u00e3o<\/a><\/h6>\n","protected":false},"excerpt":{"rendered":"Aumento da temperatura e explora\u00e7\u00e3o madeireira indiscriminada na selva est\u00e3o ligados \u00e0&hellip;\n","protected":false},"author":19,"featured_media":5164,"comment_status":"open","ping_status":"open","sticky":false,"template":"","format":"standard","meta":[],"categories":[1,2],"tags":[],"acf":[],"_links":{"self":[{"href":"https:\/\/revistacienciaecultura.org.br\/index.php?rest_route=\/wp\/v2\/posts\/5163"}],"collection":[{"href":"https:\/\/revistacienciaecultura.org.br\/index.php?rest_route=\/wp\/v2\/posts"}],"about":[{"href":"https:\/\/revistacienciaecultura.org.br\/index.php?rest_route=\/wp\/v2\/types\/post"}],"author":[{"embeddable":true,"href":"https:\/\/revistacienciaecultura.org.br\/index.php?rest_route=\/wp\/v2\/users\/19"}],"replies":[{"embeddable":true,"href":"https:\/\/revistacienciaecultura.org.br\/index.php?rest_route=%2Fwp%2Fv2%2Fcomments&post=5163"}],"version-history":[{"count":1,"href":"https:\/\/revistacienciaecultura.org.br\/index.php?rest_route=\/wp\/v2\/posts\/5163\/revisions"}],"predecessor-version":[{"id":5165,"href":"https:\/\/revistacienciaecultura.org.br\/index.php?rest_route=\/wp\/v2\/posts\/5163\/revisions\/5165"}],"wp:featuredmedia":[{"embeddable":true,"href":"https:\/\/revistacienciaecultura.org.br\/index.php?rest_route=\/wp\/v2\/media\/5164"}],"wp:attachment":[{"href":"https:\/\/revistacienciaecultura.org.br\/index.php?rest_route=%2Fwp%2Fv2%2Fmedia&parent=5163"}],"wp:term":[{"taxonomy":"category","embeddable":true,"href":"https:\/\/revistacienciaecultura.org.br\/index.php?rest_route=%2Fwp%2Fv2%2Fcategories&post=5163"},{"taxonomy":"post_tag","embeddable":true,"href":"https:\/\/revistacienciaecultura.org.br\/index.php?rest_route=%2Fwp%2Fv2%2Ftags&post=5163"}],"curies":[{"name":"wp","href":"https:\/\/api.w.org\/{rel}","templated":true}]}}