{"id":5203,"date":"2023-11-22T07:30:28","date_gmt":"2023-11-22T07:30:28","guid":{"rendered":"https:\/\/revistacienciaecultura.org.br\/?p=5203"},"modified":"2023-11-21T19:27:00","modified_gmt":"2023-11-21T19:27:00","slug":"ciencia-e-sustentabilidade-caminham-juntas-afirma-tebet-em-visita-a-sbpc","status":"publish","type":"post","link":"https:\/\/revistacienciaecultura.org.br\/?p=5203","title":{"rendered":"Ci\u00eancia e sustentabilidade caminham juntas, afirma Tebet em visita \u00e0 SBPC"},"content":{"rendered":"<h4 id=\"a-ministra-do-planejamento-e-orcamento-reuniu-se-com-o-presidente-da-entidade-renato-janine-ribeiro-na-ultima-sexta-feira-e-recebeu-um-documento-com-propostas-para-uma-politica-de-estado-que-tenha\"><span style=\"color: #808080;\">A ministra do Planejamento e Or\u00e7amento reuniu-se com o presidente da entidade, Renato Janine Ribeiro, na \u00faltima sexta-feira, e recebeu um documento com propostas para uma pol\u00edtica de Estado que tenha a ci\u00eancia como elemento fundamental para o desenvolvimento social e sustent\u00e1vel do Pa\u00eds<\/span><\/h4>\n<p>&nbsp;<\/p>\n<p>A ministra de Estado do Planejamento e Or\u00e7amento, Simone Tebet, fez uma visita institucional \u00e0 sede da Sociedade Brasileira para o Progresso da Ci\u00eancia (SBPC), em S\u00e3o Paulo, na manh\u00e3 da \u00faltima sexta-feira, 17 de novembro, onde se reuniu com o presidente da entidade, Renato Janine Ribeiro. No encontro, eles conversaram sobre o papel da Ci\u00eancia e da Educa\u00e7\u00e3o para o desenvolvimento justo e sustent\u00e1vel do Pa\u00eds, sobre a proposta or\u00e7ament\u00e1ria de 2024 e poss\u00edveis estrat\u00e9gias para atrair mais recursos e incentivar o crescimento do setor de CT&amp;I nacional.<\/p>\n<p>O presidente Renato Janine Ribeiro apresentou \u00e0 ministra um documento com propostas da SBPC para a constitui\u00e7\u00e3o de uma pol\u00edtica de Estado que tenha a ci\u00eancia como motor da justi\u00e7a social e sustentabilidade e que encaminhe o Brasil ao protagonismo internacional em \u00e1reas estrat\u00e9gicas.<\/p>\n<p>Entre os pontos, est\u00e1 o refor\u00e7o \u00e0 import\u00e2ncia da Amaz\u00f4nia e de todos os outros cinco biomas brasileiros para uma economia descarbonizada e que, ao mesmo tempo, proporcione inclus\u00e3o social total. \u201cO Brasil cresce muito quando aposta nos pequenos\u201d, disse Janine Ribeiro.<\/p>\n<p>Outro destaque do documento \u00e9 a proposi\u00e7\u00e3o para que cada minist\u00e9rio ou conjunto de pastas defina uma Estrat\u00e9gia e Pol\u00edtica Nacional que vise \u00e0s metas definidas no Plano Plurianual do Governo Federal (PPA), em especial, a constru\u00e7\u00e3o de um pa\u00eds desenvolvido e justo, no qual CT&amp;I, educa\u00e7\u00e3o, cultura, sa\u00fade, meio ambiente, inclus\u00e3o social, produtividade sejam eixos desses projetos.<\/p>\n<p>Segundo a proposta da SBPC, para se atingir esses objetivos, \u00e9 fundamental que o Brasil se projete na dire\u00e7\u00e3o de uma lideran\u00e7a mundial em pesquisas sobre sustentabilidade e ecossistemas, tamb\u00e9m em energias renov\u00e1veis, sobretudo, solar e e\u00f3lica. \u00c9 necess\u00e1rio tamb\u00e9m que o Pa\u00eds invista fortemente em uma educa\u00e7\u00e3o de qualidade, a come\u00e7ar pela b\u00e1sica. \u201c\u00c9 nos primeiros anos que o Brasil constr\u00f3i a desigualdade social que, al\u00e9m de ser injusta, tamb\u00e9m produz um enorme desperd\u00edcio de talentos\u201d, ressalta a entidade no documento.<\/p>\n<p>Al\u00e9m disso, a SBPC aponta como estrat\u00e9gico que o governo viabilize oportunidades para, aproveitando o aumento da longevidade, a popula\u00e7\u00e3o que cada vez vive mais tempo possa contribuir para a sociedade com suas compet\u00eancias acumuladas.<\/p>\n<p>Especificamente para o setor da ci\u00eancia, tecnologia e inova\u00e7\u00e3o, a entidade enfatizou a quest\u00e3o do apoio e investimento em atividades inovativas, incluindo a inova\u00e7\u00e3o social, e dos recursos alocados para o Fundo Nacional de Desenvolvimento Cient\u00edfico e Tecnol\u00f3gico (FNDCT), para que a parcela n\u00e3o-reembols\u00e1vel chegue a 75% no curso do mandato Presidencial (hoje a divis\u00e3o est\u00e1 50-50%). Por fim, a SBPC destacou a necessidade de um planejamento de curto e longo prazos para o aumento e estabilidade de aportes para as unidades de pesquisa do MCTI e institui\u00e7\u00f5es de ensino superior, bem como para as ag\u00eancias de fomento federais.<\/p>\n<p>\u201cRecebemos com muita satisfa\u00e7\u00e3o na sede da SBPC a ministra, a quem eu j\u00e1 conhecia desde 2015, quando eu estava no Minist\u00e9rio da Educa\u00e7\u00e3o e ela era senadora. Apresentamos a ela um documento breve e objetivo, que mostra a defesa da ci\u00eancia e tecnologia como fundamentais para as duas grandes miss\u00f5es que o Brasil tem neste momento pela frente: primeiro, a justi\u00e7a social; e segundo, a sustentabilidade ambiental, que pode e deve ser assegurada pela descarboniza\u00e7\u00e3o da economia\u201d, comenta Janine Ribeiro. \u201cConstatamos um grande alinhamento de nossas posi\u00e7\u00f5es com a ministra e manteremos contato pela sequ\u00eancia. A SBPC est\u00e1 pensando no Brasil e est\u00e1 disposta a colaborar com este Minist\u00e9rio\u201d, conclui.<\/p>\n<p>A chefe do Minist\u00e9rio do Planejamento e Or\u00e7amento (MPOG) acompanhou atentamente a apresenta\u00e7\u00e3o de cada um dos pontos trazidos pela SBPC. Tebet falou sobre como muitos deles se alinham ao PPA 2024-27, que ouviu mais de 1,5 milh\u00e3o de brasileiros em consulta p\u00fablica disponibilizada pelo governo em uma plataforma online. Entre as prioridades do plano est\u00e3o a igualdade, a sustentabilidade e o combate \u00e0 mis\u00e9ria. \u201cComo o Brasil conhece Brasil, e como as pessoas sabem o que realmente importa e o que o Estado pode fazer por ele\u201d, analisou a ministra.<\/p>\n<p>Segundo ela, sustentabilidade e ci\u00eancia caminham juntas e o Pa\u00eds precisa aproveitar e dar mais oportunidades \u00e0s \u201cmentes brilhantes\u201d espalhadas pelo Brasil, para desenvolver e reter esses talentos. Tamb\u00e9m destacou que o conhecimento que o Brasil produz e pode produzir \u00e9 um grande atrativo para investimentos privados e do exterior, e que essa caracter\u00edstica deve ser melhor explorada.<\/p>\n<p>A respeito do or\u00e7amento, Tebet ponderou que o atual Governo Federal herdou uma situa\u00e7\u00e3o muito complicada e um or\u00e7amento ruim em 2023, j\u00e1 aprovado pela gest\u00e3o anterior, que \u201cn\u00e3o tinha a cara deste governo\u201d. Mas para 2024, afirmou que j\u00e1 foi poss\u00edvel um aumento de 30% no or\u00e7amento para a Pasta de CT&amp;I, que chegar\u00e1 a R$ 12 bilh\u00f5es. \u201cO grande papel nosso agora \u00e9 planejar a qualidade do gasto p\u00fablico; o Brasil tem dinheiro, mas precisa planejar seus investimentos\u201d.<\/p>\n<p>A ministra tamb\u00e9m ressaltou que uma de suas grandes prioridades ao assumir o MPOG foi com a Educa\u00e7\u00e3o B\u00e1sica, e citou o projeto da \u201cPoupan\u00e7a Jovem\u201d, em discuss\u00e3o ainda, mas que prop\u00f5e a aplica\u00e7\u00e3o de recursos federais em uma poupan\u00e7a para incentivar os estudantes de baixa-renda a conclu\u00edrem o Ensino M\u00e9dio. Os recursos investidos s\u00f3 poder\u00e3o ser sacados ao final do ciclo.<\/p>\n<p>\u201cO que est\u00e1 neste documento da SBPC \u00e9 o que a gente pensa tamb\u00e9m\u201d, afirmou.<\/p>\n<p>Tebet ainda aceitou o convite feito na ocasi\u00e3o para participar e dar uma palestra na 76\u00aa Reuni\u00e3o Anual da SBPC, que acontece em Bel\u00e9m, de 7 a 13 de julho de 2024, com o tema \u201cCi\u00eancia para um futuro sustent\u00e1vel e inclusivo \u2013 por um novo contrato social com a natureza\u201d.<\/p>\n<p><span style=\"color: #800000;\"><strong><a style=\"color: #800000;\" href=\"http:\/\/www.jornaldaciencia.org.br\/wp-content\/uploads\/2023\/11\/Propostas-da-SBPC-ao-Estado-Brasileiro_final.pdf\" target=\"_blank\" rel=\"noopener\">Confira aqui a propostas da SBPC entregues ao MPOG.<\/a><\/strong><\/span><\/p>\n<p><span style=\"color: #808080;\"><a style=\"color: #808080;\" href=\"https:\/\/www.jornaldaciencia.org.br\/\"><em>Jornal da Ci\u00eancia<\/em><\/a><\/span><\/p>\n<p>&nbsp;<\/p>\n<h6 id=\"foto-sbpc\">Foto: SBPC<\/h6>\n","protected":false},"excerpt":{"rendered":"A ministra do Planejamento e Or\u00e7amento reuniu-se com o presidente da entidade,&hellip;\n","protected":false},"author":19,"featured_media":5206,"comment_status":"open","ping_status":"open","sticky":false,"template":"","format":"standard","meta":[],"categories":[1,2],"tags":[],"acf":[],"_links":{"self":[{"href":"https:\/\/revistacienciaecultura.org.br\/index.php?rest_route=\/wp\/v2\/posts\/5203"}],"collection":[{"href":"https:\/\/revistacienciaecultura.org.br\/index.php?rest_route=\/wp\/v2\/posts"}],"about":[{"href":"https:\/\/revistacienciaecultura.org.br\/index.php?rest_route=\/wp\/v2\/types\/post"}],"author":[{"embeddable":true,"href":"https:\/\/revistacienciaecultura.org.br\/index.php?rest_route=\/wp\/v2\/users\/19"}],"replies":[{"embeddable":true,"href":"https:\/\/revistacienciaecultura.org.br\/index.php?rest_route=%2Fwp%2Fv2%2Fcomments&post=5203"}],"version-history":[{"count":2,"href":"https:\/\/revistacienciaecultura.org.br\/index.php?rest_route=\/wp\/v2\/posts\/5203\/revisions"}],"predecessor-version":[{"id":5207,"href":"https:\/\/revistacienciaecultura.org.br\/index.php?rest_route=\/wp\/v2\/posts\/5203\/revisions\/5207"}],"wp:featuredmedia":[{"embeddable":true,"href":"https:\/\/revistacienciaecultura.org.br\/index.php?rest_route=\/wp\/v2\/media\/5206"}],"wp:attachment":[{"href":"https:\/\/revistacienciaecultura.org.br\/index.php?rest_route=%2Fwp%2Fv2%2Fmedia&parent=5203"}],"wp:term":[{"taxonomy":"category","embeddable":true,"href":"https:\/\/revistacienciaecultura.org.br\/index.php?rest_route=%2Fwp%2Fv2%2Fcategories&post=5203"},{"taxonomy":"post_tag","embeddable":true,"href":"https:\/\/revistacienciaecultura.org.br\/index.php?rest_route=%2Fwp%2Fv2%2Ftags&post=5203"}],"curies":[{"name":"wp","href":"https:\/\/api.w.org\/{rel}","templated":true}]}}