{"id":5238,"date":"2023-11-28T07:30:00","date_gmt":"2023-11-28T07:30:00","guid":{"rendered":"https:\/\/revistacienciaecultura.org.br\/?p=5238"},"modified":"2023-11-27T19:14:14","modified_gmt":"2023-11-27T19:14:14","slug":"inscricoes-para-a-76a-reuniao-anual-da-sbpc-em-belem-ja-estao-abertas-programe-se-e-participe","status":"publish","type":"post","link":"https:\/\/revistacienciaecultura.org.br\/?p=5238","title":{"rendered":"Inscri\u00e7\u00f5es para a 76\u00aa Reuni\u00e3o Anual da SBPC, em Bel\u00e9m, j\u00e1 est\u00e3o abertas. Programe-se e participe!"},"content":{"rendered":"<h4 id=\"o-evento-sera-realizado-de-7-a-13-de-julho-na-universidade-federal-do-para-ufpa-com-o-tema-ciencia-para-um-futuro-sustentavel-e-inclusivo-por-um-novo-contrato-social-com-a-natureza\"><span style=\"color: #808080;\">O evento ser\u00e1 realizado de 7 a 13 de julho na Universidade Federal do Par\u00e1 (UFPA), com o tema \u201cCi\u00eancia para um futuro sustent\u00e1vel e inclusivo: por um novo contrato social com a natureza\u201d<\/span><\/h4>\n<p>&nbsp;<\/p>\n<p>A 76\u00aa Reuni\u00e3o Anual da Sociedade Brasileira para o Progresso da Ci\u00eancia (SBPC) est\u00e1 com\u00a0<strong>inscri\u00e7\u00f5es gratuitas<\/strong>\u00a0abertas para os interessados em participar do evento\u00a0<strong>sem receber material<\/strong>\u00a0(programa\u00e7\u00e3o impressa, crach\u00e1, ecobag e folders). Com o tema \u201c<strong>Ci\u00eancia para um futuro sustent\u00e1vel e inclusivo: por um novo contrato social com a natureza\u201d<\/strong>, o evento ser\u00e1 realizado de 07 a 13 de julho de 2024 no campus Guam\u00e1 da Universidade Federal do Par\u00e1 (UFPA), em Bel\u00e9m.<\/p>\n<p>Quem fizer a inscri\u00e7\u00e3o gratuita at\u00e9 12 de julho de 2024 e efetuar o credenciamento na Secretaria da SBPC, que ser\u00e1 instalada na UFPA durante a semana do evento, receber\u00e1 um certificado online de participa\u00e7\u00e3o geral (sem carga hor\u00e1ria e sem descri\u00e7\u00e3o das atividades).<\/p>\n<p>A inscri\u00e7\u00e3o e o pagamento de taxa, cujo valor varia de R$ 40 a R$ 380, dependendo da categoria do inscrito, s\u00e3o necess\u00e1rios apenas para quem desejar participar de minicursos e webminicursos, submeter um trabalho ou adquirir o material do evento. Para quem desejar submeter trabalhos para a Sess\u00e3o de P\u00f4steres, o prazo \u00e9 dia\u00a0<strong>26 de mar\u00e7o<\/strong>, ou enquanto houver vagas.<\/p>\n<p>A Reuni\u00e3o Anual contar\u00e1 com confer\u00eancias, mesas-redondas, pain\u00e9is, minicursos presenciais e virtuais, sess\u00e3o de p\u00f4steres, atividades culturais, exposi\u00e7\u00f5es, mostras interativas e outras programa\u00e7\u00f5es, destinadas para estudantes e professores do ensino b\u00e1sico, t\u00e9cnico ou superior, pesquisadores, profissionais e p\u00fablico em geral.<\/p>\n<p>Cl\u00e1udia Linhares Sales, secret\u00e1ria-geral da SBPC e respons\u00e1vel pela coordena\u00e7\u00e3o do evento, destaca que a 76\u00aa Reuni\u00e3o Anual ser\u00e1 uma oportunidade singular de ecoar vozes e articular encontros entre institui\u00e7\u00f5es e pesquisadores geograficamente distantes do Pa\u00eds. \u201cUm problema recorrente nas institui\u00e7\u00f5es, especialmente da regi\u00e3o Amaz\u00f4nica, \u00e9 que as pessoas dizem que sua ci\u00eancia n\u00e3o \u00e9 escutada, e a SBPC ser\u00e1 um canal, n\u00e3o s\u00f3 para ecoar, mas para tamb\u00e9m promover esse di\u00e1logo com o resto do Brasil. Porque, afinal de contas, a biodiversidade \u00e9 diferente, temos seis biomas espalhados em nosso territ\u00f3rio, mas os problemas talvez n\u00e3o sejam t\u00e3o diferentes. Assim como n\u00e3o s\u00e3o t\u00e3o diferentes os problemas da educa\u00e7\u00e3o, da valoriza\u00e7\u00e3o da ci\u00eancia\u201d, diz.<\/p>\n<p>Segundo ela, a expectativa \u00e9 de que a SBPC d\u00ea continuidade aos di\u00e1logos amaz\u00f4nicos, dando mais visibilidade aos pesquisadores e acad\u00eamicos da regi\u00e3o em um cen\u00e1rio de pr\u00e9-realiza\u00e7\u00e3o da COP30, que ser\u00e1 sediada tamb\u00e9m em Bel\u00e9m, em 2025. \u201cA gente espera que a SBPC antecipe os grandes debates da COP30, porque as solu\u00e7\u00f5es para a Amaz\u00f4nia brasileira t\u00eam que ser encontradas no Brasil, com a ci\u00eancia que se faz aqui, porque quem mais conhece a Amaz\u00f4nia s\u00e3o os cientistas locais\u201d, afirma.<\/p>\n<h4 id=\"a-reuniao-anual\"><strong>A Reuni\u00e3o Anual<\/strong><\/h4>\n<p>Criada em 1948, a SBPC \u00e9 uma entidade voltada \u00e0 defesa do avan\u00e7o cient\u00edfico e tecnol\u00f3gico e do desenvolvimento educacional e cultural do Brasil.<\/p>\n<p>A cada ano, a Reuni\u00e3o Anual da SBPC \u00e9 realizada em um estado brasileiro, prioritariamente em universidade p\u00fablica. O evento re\u00fane milhares de pessoas \u2013 cientistas, professores e estudantes de todos os n\u00edveis, profissionais liberais e visitantes, al\u00e9m de autoridades e gestores, formuladores de pol\u00edticas p\u00fablicas para ci\u00eancia e tecnologia no Pa\u00eds.<\/p>\n<p>As reuni\u00f5es anuais da SBPC t\u00eam, concomitantemente, os objetivos de debater pol\u00edticas p\u00fablicas nas \u00e1reas de Ci\u00eancia, Tecnologia, Inova\u00e7\u00e3o e Educa\u00e7\u00e3o e de difundir os avan\u00e7os da Ci\u00eancia nas diversas \u00e1reas do conhecimento para toda a popula\u00e7\u00e3o.<\/p>\n<p>Dentre as confer\u00eancias, mesas-redondas e pain\u00e9is, ser\u00e3o realizadas as atividades das programa\u00e7\u00f5es da SBPC Inova\u00e7\u00e3o, SBPC Afro e Ind\u00edgena e SBPC Educa\u00e7\u00e3o.<\/p>\n<p>Considerado o maior evento cient\u00edfico da Am\u00e9rica Latina, as Reuni\u00f5es Anuais da SBPC s\u00e3o abertas a todos, com atra\u00e7\u00f5es para todas as idades e interesses. Programe-se e participe!<\/p>\n<p>Para mais informa\u00e7\u00f5es:\u00a0<span style=\"color: #800000;\"><strong><a style=\"color: #800000;\" href=\"https:\/\/ra.sbpcnet.org.br\/76RA\/\" target=\"_blank\" rel=\"noopener\">https:\/\/ra.sbpcnet.org.br\/76RA\/<\/a><\/strong><\/span><\/p>\n<p>&nbsp;<\/p>\n<p><span style=\"color: #808080;\"><em>\u00a0Jornal da Ci\u00eancia<\/em><\/span><\/p>\n","protected":false},"excerpt":{"rendered":"O evento ser\u00e1 realizado de 7 a 13 de julho na Universidade&hellip;\n","protected":false},"author":19,"featured_media":5240,"comment_status":"open","ping_status":"open","sticky":false,"template":"","format":"standard","meta":[],"categories":[1,2],"tags":[],"acf":[],"_links":{"self":[{"href":"https:\/\/revistacienciaecultura.org.br\/index.php?rest_route=\/wp\/v2\/posts\/5238"}],"collection":[{"href":"https:\/\/revistacienciaecultura.org.br\/index.php?rest_route=\/wp\/v2\/posts"}],"about":[{"href":"https:\/\/revistacienciaecultura.org.br\/index.php?rest_route=\/wp\/v2\/types\/post"}],"author":[{"embeddable":true,"href":"https:\/\/revistacienciaecultura.org.br\/index.php?rest_route=\/wp\/v2\/users\/19"}],"replies":[{"embeddable":true,"href":"https:\/\/revistacienciaecultura.org.br\/index.php?rest_route=%2Fwp%2Fv2%2Fcomments&post=5238"}],"version-history":[{"count":2,"href":"https:\/\/revistacienciaecultura.org.br\/index.php?rest_route=\/wp\/v2\/posts\/5238\/revisions"}],"predecessor-version":[{"id":5241,"href":"https:\/\/revistacienciaecultura.org.br\/index.php?rest_route=\/wp\/v2\/posts\/5238\/revisions\/5241"}],"wp:featuredmedia":[{"embeddable":true,"href":"https:\/\/revistacienciaecultura.org.br\/index.php?rest_route=\/wp\/v2\/media\/5240"}],"wp:attachment":[{"href":"https:\/\/revistacienciaecultura.org.br\/index.php?rest_route=%2Fwp%2Fv2%2Fmedia&parent=5238"}],"wp:term":[{"taxonomy":"category","embeddable":true,"href":"https:\/\/revistacienciaecultura.org.br\/index.php?rest_route=%2Fwp%2Fv2%2Fcategories&post=5238"},{"taxonomy":"post_tag","embeddable":true,"href":"https:\/\/revistacienciaecultura.org.br\/index.php?rest_route=%2Fwp%2Fv2%2Ftags&post=5238"}],"curies":[{"name":"wp","href":"https:\/\/api.w.org\/{rel}","templated":true}]}}