{"id":5247,"date":"2023-11-29T07:30:56","date_gmt":"2023-11-29T07:30:56","guid":{"rendered":"https:\/\/revistacienciaecultura.org.br\/?p=5247"},"modified":"2023-11-28T18:59:09","modified_gmt":"2023-11-28T18:59:09","slug":"crise-hidrica-global-impacto-no-hemisferio-sul-e-maior-que-no-norte","status":"publish","type":"post","link":"https:\/\/revistacienciaecultura.org.br\/?p=5247","title":{"rendered":"Crise H\u00eddrica Global: Impacto no Hemisf\u00e9rio Sul \u00e9 maior que no Norte"},"content":{"rendered":"<h4 id=\"estudo-revela-a-lideranca-da-regiao-na-reducao-da-disponibilidade-de-agua-terrestre-desencadeando-preocupacoes-ambientais-e-alimentares\"><span style=\"color: #808080;\"><em>Estudo Revela a Lideran\u00e7a da Regi\u00e3o na Redu\u00e7\u00e3o da Disponibilidade de \u00c1gua Terrestre, Desencadeando Preocupa\u00e7\u00f5es Ambientais e Alimentares<\/em><\/span><\/h4>\n<p><em>\u00a0<\/em><\/p>\n<p>Um recente <strong><a href=\"https:\/\/www.science.org\/doi\/10.1126\/science.adh0716\"><span style=\"color: #800000;\">estudo<\/span><\/a><\/strong> publicado na revista <span style=\"color: #800000;\"><strong><a style=\"color: #800000;\" href=\"https:\/\/www.science.org\/\">Science<\/a><\/strong> <\/span>revela que o Hemisf\u00e9rio Sul lidera as contribui\u00e7\u00f5es para o decl\u00ednio global da disponibilidade de \u00e1gua terrestre nas primeiras duas d\u00e9cadas deste s\u00e9culo. Essa redu\u00e7\u00e3o exerce press\u00e3o significativa sobre os ecossistemas, aumentando o risco de secas e inunda\u00e7\u00f5es, liberando di\u00f3xido de carbono armazenado nas plantas e afetando os sistemas alimentares. As regi\u00f5es mais impactadas por essa tend\u00eancia alarmante s\u00e3o a Am\u00e9rica do Sul, \u00c1frica e o centro e noroeste da Austr\u00e1lia.<\/p>\n<p>De acordo com o estudo, a disponibilidade h\u00eddrica na Terra resulta da diferen\u00e7a entre a \u00e1gua da chuva que atinge o solo e a \u00e1gua captada na atmosfera pelo processo de evapotranspira\u00e7\u00e3o. Nas \u00faltimas d\u00e9cadas, mudan\u00e7as nos padr\u00f5es de chuvas e fen\u00f4menos clim\u00e1ticos, especialmente relacionados ao <em>El Ni\u00f1o<\/em>-Oscila\u00e7\u00e3o Sul (ENOS), alteraram esse ciclo fundamental. O Hemisf\u00e9rio Sul enfrenta um decl\u00ednio mais acentuado, enquanto o Hemisf\u00e9rio Norte registra uma redu\u00e7\u00e3o mais modesta de 12 mil\u00edmetros por ano.<\/p>\n<p>As causas dessa diminui\u00e7\u00e3o variam de acordo com a regi\u00e3o. Em zonas \u00e1ridas do Sul, o aumento da evapotranspira\u00e7\u00e3o \u00e9 apontado como fator significativo, enquanto em \u00e1reas \u00famidas, como a Amaz\u00f4nia, observa-se uma diminui\u00e7\u00e3o nos n\u00edveis de precipita\u00e7\u00e3o. Em compara\u00e7\u00e3o, o Hemisf\u00e9rio Norte, apesar de possuir quase 50% mais terra que o Sul, apresenta estabilidade na disponibilidade de \u00e1gua.<\/p>\n<p>O estudo alerta para o papel crucial do ENSO nas flutua\u00e7\u00f5es dos n\u00edveis de precipita\u00e7\u00e3o no Hemisf\u00e9rio Sul, com <em>La Ni\u00f1a<\/em> favorecendo alta disponibilidade de \u00e1gua e <em>El Ni\u00f1o<\/em> contribuindo para baixa disponibilidade. Com as mudan\u00e7as clim\u00e1ticas e o agravamento do <em>El Ni\u00f1o<\/em>, a disponibilidade de \u00e1gua no Hemisf\u00e9rio Sul pode diminuir ainda mais, de acordo com especialistas.<\/p>\n<p>Uma an\u00e1lise adicional na mesma edi\u00e7\u00e3o da Science destaca as consequ\u00eancias da redu\u00e7\u00e3o observada, ressaltando que n\u00edveis significativamente mais baixos nos rios e aqu\u00edferos podem levar a condi\u00e7\u00f5es de seca, afetando ecossistemas e popula\u00e7\u00f5es. Os autores recomendam iniciativas como a constru\u00e7\u00e3o de reservat\u00f3rios, desvios de irriga\u00e7\u00e3o, melhorias no sistema de capta\u00e7\u00e3o de \u00e1guas pluviais e a promo\u00e7\u00e3o de cultivos que demandem menos \u00e1gua para mitigar os efeitos adversos. Diante desse panorama, a necessidade de aprimorar modelos de simula\u00e7\u00e3o e obter mais dados de medi\u00e7\u00e3o de sat\u00e9lite \u00e9 enfatizada como crucial para uma compreens\u00e3o mais precisa e previs\u00e3o eficaz desses desafios iminentes.<\/p>\n<p><span style=\"color: #808080;\"><em>Com informa\u00e7\u00f5es de <a style=\"color: #808080;\" href=\"https:\/\/www.scidev.net\/\">SciDev.Net<\/a><\/em><\/span><\/p>\n<p>&nbsp;<\/p>\n<h6 id=\"capa-agencia-brasil-reproducao\">Capa. Ag\u00eancia Brasil. Reprodu\u00e7\u00e3o<\/h6>\n","protected":false},"excerpt":{"rendered":"Estudo Revela a Lideran\u00e7a da Regi\u00e3o na Redu\u00e7\u00e3o da Disponibilidade de \u00c1gua&hellip;\n","protected":false},"author":19,"featured_media":5248,"comment_status":"open","ping_status":"open","sticky":false,"template":"","format":"standard","meta":[],"categories":[1,2],"tags":[],"acf":[],"_links":{"self":[{"href":"https:\/\/revistacienciaecultura.org.br\/index.php?rest_route=\/wp\/v2\/posts\/5247"}],"collection":[{"href":"https:\/\/revistacienciaecultura.org.br\/index.php?rest_route=\/wp\/v2\/posts"}],"about":[{"href":"https:\/\/revistacienciaecultura.org.br\/index.php?rest_route=\/wp\/v2\/types\/post"}],"author":[{"embeddable":true,"href":"https:\/\/revistacienciaecultura.org.br\/index.php?rest_route=\/wp\/v2\/users\/19"}],"replies":[{"embeddable":true,"href":"https:\/\/revistacienciaecultura.org.br\/index.php?rest_route=%2Fwp%2Fv2%2Fcomments&post=5247"}],"version-history":[{"count":1,"href":"https:\/\/revistacienciaecultura.org.br\/index.php?rest_route=\/wp\/v2\/posts\/5247\/revisions"}],"predecessor-version":[{"id":5249,"href":"https:\/\/revistacienciaecultura.org.br\/index.php?rest_route=\/wp\/v2\/posts\/5247\/revisions\/5249"}],"wp:featuredmedia":[{"embeddable":true,"href":"https:\/\/revistacienciaecultura.org.br\/index.php?rest_route=\/wp\/v2\/media\/5248"}],"wp:attachment":[{"href":"https:\/\/revistacienciaecultura.org.br\/index.php?rest_route=%2Fwp%2Fv2%2Fmedia&parent=5247"}],"wp:term":[{"taxonomy":"category","embeddable":true,"href":"https:\/\/revistacienciaecultura.org.br\/index.php?rest_route=%2Fwp%2Fv2%2Fcategories&post=5247"},{"taxonomy":"post_tag","embeddable":true,"href":"https:\/\/revistacienciaecultura.org.br\/index.php?rest_route=%2Fwp%2Fv2%2Ftags&post=5247"}],"curies":[{"name":"wp","href":"https:\/\/api.w.org\/{rel}","templated":true}]}}