{"id":5292,"date":"2023-12-06T07:00:36","date_gmt":"2023-12-06T07:00:36","guid":{"rendered":"https:\/\/revistacienciaecultura.org.br\/?p=5292"},"modified":"2023-12-05T13:02:41","modified_gmt":"2023-12-05T13:02:41","slug":"a-ciencia-por-tras-dos-alertas-do-aquecimento-global","status":"publish","type":"post","link":"https:\/\/revistacienciaecultura.org.br\/?p=5292","title":{"rendered":"A ci\u00eancia por tr\u00e1s dos alertas do aquecimento global"},"content":{"rendered":"<h4 id=\"processo-envolve-observacoes-do-fundo-do-mar-ate-ao-topo-da-atmosfera-e-conta-com-rede-mundial-de-estacoes-de-satelites-e-radares\"><span style=\"color: #808080;\">Processo envolve observa\u00e7\u00f5es do fundo do mar at\u00e9 ao topo da atmosfera e conta com rede mundial de esta\u00e7\u00f5es, de sat\u00e9lites e radares<\/span><\/h4>\n<p><strong><em>\u00a0<\/em><\/strong><\/p>\n<p>Em meio aos frequentes alertas da <span style=\"color: #800000;\"><strong><a style=\"color: #800000;\" href=\"https:\/\/brasil.un.org\/pt-br\">Organiza\u00e7\u00e3o das Na\u00e7\u00f5es Unidas (ONU)<\/a><\/strong><\/span> sobre os perigos do aquecimento global, \u00e9 crucial compreender como os cientistas monitoram e analisam as mudan\u00e7as clim\u00e1ticas. Sete indicadores fundamentais fornecem informa\u00e7\u00f5es cruciais sobre o estado do sistema clim\u00e1tico global, utilizando m\u00e9todos que abrangem desde observa\u00e7\u00f5es no fundo do mar at\u00e9 o topo da atmosfera.<\/p>\n<p>O primeiro indicador, a temperatura m\u00e9dia do ar na superf\u00edcie, \u00e9 calculado combinando dados de esta\u00e7\u00f5es de medi\u00e7\u00e3o global e modelos de rean\u00e1lise de clima. Segundo a <span style=\"color: #800000;\"><strong><a style=\"color: #800000;\" href=\"https:\/\/news.un.org\/pt\/tags\/omm\">Organiza\u00e7\u00e3o Meteorol\u00f3gica Mundial (OMM)<\/a><\/strong><\/span>, 2023 est\u00e1 a caminho de ser o ano mais quente registrado, marcando uma tend\u00eancia preocupante, com os \u00faltimos nove anos j\u00e1 sendo os mais quentes.<\/p>\n<p>O segundo indicador, o conte\u00fado de calor do oceano, revela um aumento acentuado nas \u00faltimas duas d\u00e9cadas, indicando que os oceanos absorveram cerca de 90% do excesso de calor relacionado ao aumento do efeito estufa. Proje\u00e7\u00f5es sugerem um aumento significativo no n\u00edvel do mar devido ao derretimento das calotas polares e dos glaciares.<\/p>\n<p>O terceiro indicador, a massa glacial, evidencia uma diminui\u00e7\u00e3o m\u00e9dia de mais de 30 metros na espessura das geleiras desde os anos 70. Registros recentes na Su\u00ed\u00e7a indicam um novo recorde de altitude para o ponto de congelamento da \u00e1gua, apontando para mudan\u00e7as dr\u00e1sticas.<\/p>\n<p>O quarto indicador, a extens\u00e3o do gelo marinho, destaca uma diminui\u00e7\u00e3o preocupante na Ant\u00e1rtica em setembro de 2023, equivalente a uma \u00e1rea do tamanho de Portugal, Espanha, Fran\u00e7a e Alemanha combinadas. A redu\u00e7\u00e3o da camada de gelo contribui para um ciclo de reten\u00e7\u00e3o de calor, acelerando ainda mais o derretimento.<\/p>\n<p>O quinto indicador, a acidifica\u00e7\u00e3o do oceano, destaca os riscos para a vida marinha e a pesca devido ao aumento da acidez causado pela absor\u00e7\u00e3o de CO<sub>2<\/sub>. Por \u00faltimo, a an\u00e1lise da composi\u00e7\u00e3o atmosf\u00e9rica revela um aumento alarmante na concentra\u00e7\u00e3o de gases do efeito estufa, com o CO2 desempenhando um papel central.<\/p>\n<p>A coleta de dados para essas an\u00e1lises \u00e9 realizada por diversas institui\u00e7\u00f5es, incluindo a Administra\u00e7\u00e3o Nacional de Aeron\u00e1utica e Espa\u00e7o dos Estados Unidos (Nasa), Administra\u00e7\u00e3o Nacional Oce\u00e2nica e Atmosf\u00e9rica dos Estados Unidos (NOAA), servi\u00e7o meteorol\u00f3gico nacional do Reino Unido Met Office, Centro Europeu de Previs\u00e3o do Tempo\u00a0(ECMWF), Berkeley Earth (organiza\u00e7\u00e3o cient\u00edfica independente) e Ag\u00eancia Meteorol\u00f3gica do Jap\u00e3o (JMA). Esses dados, provenientes de mais de 11 mil esta\u00e7\u00f5es em terra, al\u00e9m de sat\u00e9lites e outros meios de observa\u00e7\u00e3o, alimentam modelos clim\u00e1ticos usados em estudos rigorosos. Segundo a Nasa, 97% dos cientistas clim\u00e1ticos concordam que as atividades humanas s\u00e3o respons\u00e1veis pelo aquecimento global e as mudan\u00e7as clim\u00e1ticas, refor\u00e7ando a necessidade urgente de a\u00e7\u00f5es globais.<\/p>\n<p><span style=\"color: #808080;\"><em>Com informa\u00e7\u00f5es de <a style=\"color: #808080;\" href=\"https:\/\/news.un.org\/\">ONU News<\/a><\/em><\/span><\/p>\n<p><em>\u00a0<\/em><\/p>\n<h6 id=\"capa-nasa-divulgacao\">Capa. Nasa. Divulga\u00e7\u00e3o<\/h6>\n","protected":false},"excerpt":{"rendered":"Processo envolve observa\u00e7\u00f5es do fundo do mar at\u00e9 ao topo da atmosfera&hellip;\n","protected":false},"author":19,"featured_media":5293,"comment_status":"open","ping_status":"open","sticky":false,"template":"","format":"standard","meta":[],"categories":[1,2],"tags":[],"acf":[],"_links":{"self":[{"href":"https:\/\/revistacienciaecultura.org.br\/index.php?rest_route=\/wp\/v2\/posts\/5292"}],"collection":[{"href":"https:\/\/revistacienciaecultura.org.br\/index.php?rest_route=\/wp\/v2\/posts"}],"about":[{"href":"https:\/\/revistacienciaecultura.org.br\/index.php?rest_route=\/wp\/v2\/types\/post"}],"author":[{"embeddable":true,"href":"https:\/\/revistacienciaecultura.org.br\/index.php?rest_route=\/wp\/v2\/users\/19"}],"replies":[{"embeddable":true,"href":"https:\/\/revistacienciaecultura.org.br\/index.php?rest_route=%2Fwp%2Fv2%2Fcomments&post=5292"}],"version-history":[{"count":1,"href":"https:\/\/revistacienciaecultura.org.br\/index.php?rest_route=\/wp\/v2\/posts\/5292\/revisions"}],"predecessor-version":[{"id":5294,"href":"https:\/\/revistacienciaecultura.org.br\/index.php?rest_route=\/wp\/v2\/posts\/5292\/revisions\/5294"}],"wp:featuredmedia":[{"embeddable":true,"href":"https:\/\/revistacienciaecultura.org.br\/index.php?rest_route=\/wp\/v2\/media\/5293"}],"wp:attachment":[{"href":"https:\/\/revistacienciaecultura.org.br\/index.php?rest_route=%2Fwp%2Fv2%2Fmedia&parent=5292"}],"wp:term":[{"taxonomy":"category","embeddable":true,"href":"https:\/\/revistacienciaecultura.org.br\/index.php?rest_route=%2Fwp%2Fv2%2Fcategories&post=5292"},{"taxonomy":"post_tag","embeddable":true,"href":"https:\/\/revistacienciaecultura.org.br\/index.php?rest_route=%2Fwp%2Fv2%2Ftags&post=5292"}],"curies":[{"name":"wp","href":"https:\/\/api.w.org\/{rel}","templated":true}]}}